
{"id":6541,"date":"2020-12-19T16:18:14","date_gmt":"2020-12-19T15:18:14","guid":{"rendered":"https:\/\/passent.blog.polityka.pl\/?p=6541"},"modified":"2020-12-19T19:19:30","modified_gmt":"2020-12-19T18:19:30","slug":"tragedia-nie-zwalnia-od-myslenia","status":"publish","type":"post","link":"https:\/\/blog.polityka.pl\/passent\/2020\/12\/19\/tragedia-nie-zwalnia-od-myslenia\/","title":{"rendered":"Tragedia  nie zwalnia od my\u015blenia"},"content":{"rendered":"\n<p>Piotr Gli\u0144ski, profesor, jeden z bardziej inteligentnych polityk\u00f3w Zjednoczonej Prawicy, zosta\u0142 wykorzystany jako pos\u0142aniec albo goniec, kt\u00f3ry ma przekaza\u0107 marsza\u0142ek Sejmu p. Witek nast\u0119puj\u0105ce polecenie: \u201eJest pro\u015bba szefa, \u017ceby zrobi\u0107 przerw\u0119, bo chyba reasumpcj\u0119 trzeba b\u0119dzie zrobi\u0107\u201d. Moja pierwsza my\u015bl: \u017cal Gli\u0144skiego.<\/p>\n\n\n\n<!--more-->\n\n\n\n<p>Mo\u017cna mie\u0107 wiele zastrze\u017ce\u0144 do jego postawy (kompleksy, zajad\u0142o\u015b\u0107), ale reprezentuje poziom znacznie wy\u017cszy od wymaganych od pos\u0142a na posy\u0142ki. By\u0107 mo\u017ce \u201eszef\u201d ma tzw. kr\u00f3tk\u0105 \u0142awk\u0119 rezerwowych i nie ma kogo wys\u0142a\u0107 na boisko. Odpowiedni do tej czynno\u015bci by\u0142by Mariusz B\u0142aszczak, ale m\u00f3wi si\u0119, \u017ce jest hodowany na premiera, co by\u0142oby ju\u017c zupe\u0142n\u0105 katastrof\u0105. Dawno ju\u017c przekroczy\u0142 pr\u00f3g niekompetencji.<\/p>\n\n\n\n<p>Co prawda regulamin Sejmu przewiduje mo\u017cliwo\u015b\u0107 reasumpcji g\u0142osowania, ale w \u015bci\u015ble okre\u015blonych okoliczno\u015bciach, a nie z powodu przegranego g\u0142osowania przez ten lub inny ob\u00f3z. A ju\u017c na pewno marsza\u0142ek Sejmu nie powinna podejmowa\u0107 decyzji na skinienie palca \u201eszeregowego pos\u0142a\u201d lub na wie\u015bci od go\u0144ca. Sejm coraz bardziej pozbawiony jest powagi. Zjednoczona Prawica kr\u0119puje si\u0119 coraz mniej. Maj\u0105 wi\u0119kszo\u015b\u0107 \u2013 nie musz\u0105 si\u0119 kr\u0119powa\u0107, mog\u0105 si\u0119 o\u015bmiesza\u0107. Zast\u0119pca rzecznika p. Fogiel bez zmru\u017cenia oka m\u00f3wi\u0142, \u017ce reasumpcja to normalka, chleb codzienny w rozmaitych gremiach.<\/p>\n\n\n\n<p>Kolejny tego typu incydent pokazuje, kto w Sejmie rz\u0105dzi, kto jest panem, kto s\u0142ug\u0105, a kto ch\u0142opcem na posy\u0142ki. Zjednoczona Prawica ma wi\u0119kszo\u015b\u0107? Ma. Regulamin mo\u017cna nagi\u0105\u0107? Mo\u017cna. Tylko co to ma wsp\u00f3lnego z suwerenn\u0105 w\u0142adz\u0105 ustawodawcz\u0105 i demokracj\u0105 \u2013 jak s\u0142usznie <a href=\"https:\/\/www.polityka.pl\/tygodnikpolityka\/kraj\/1993484,1,prosba-szefa-kaczynski-sobie-zyczy-sejm-wykonuje.read\">pisze Krzysztof Burnetko<\/a> na stronach \u201ePolityki\u201d? Przyda\u0142aby si\u0119 cho\u0107by odrobina za\u017cenowania.<\/p>\n\n\n\n<p>Zamiast przeprosin profesor i wicepremier Gli\u0144ski przeszed\u0142 do ataku: \u201eOpozycja od wielu miesi\u0119cy wykorzystuje og\u00f3lno\u015bwiatow\u0105 tragedi\u0119 do brutalnej walki politycznej\u201d. Odpowiadam: \u015bwiatowa tragedia nie daje w\u0142adzy immunitetu. Trudno milcze\u0107, kiedy premier co rusz og\u0142asza zwyci\u0119stwo, a nast\u0119pnie setki ludzi umieraj\u0105 ka\u017cdego dnia, tysi\u0105ce ulegaj\u0105 zaka\u017ceniu. Najwi\u0119kszy samolot na \u015bwiecie z hukiem przywozi szmelc, nie mo\u017cna odzyska\u0107 respirator\u00f3w ani milion\u00f3w z\u0142otych, zalecenia rz\u0105du zmieniaj\u0105 si\u0119 z dnia na dzie\u0144, lasy raz otwarte \u2013 raz zamkni\u0119te, podobnie hotele, restauracje i stoki. A przecie\u017c tam pracuj\u0105 ludzie, ca\u0142e rodziny s\u0105 z tym zwi\u0105zane.<\/p>\n\n\n\n<p>Nie ma co kpi\u0107, bo sytuacja jest dramatyczna, ale trudno na to wszystko patrze\u0107 pos\u0142usznie i w milczeniu. Tragedia tragedi\u0105, ale my\u015ble\u0107 trzeba.<\/p>\n","protected":false},"excerpt":{"rendered":"<p>Piotr Gli\u0144ski, profesor, jeden z bardziej inteligentnych polityk\u00f3w Zjednoczonej Prawicy, zosta\u0142 wykorzystany jako pos\u0142aniec albo goniec, kt\u00f3ry ma przekaza\u0107 marsza\u0142ek Sejmu p. Witek nast\u0119puj\u0105ce polecenie: \u201eJest pro\u015bba szefa, \u017ceby zrobi\u0107 przerw\u0119, bo chyba reasumpcj\u0119 trzeba b\u0119dzie zrobi\u0107\u201d. Moja pierwsza my\u015bl: \u017cal Gli\u0144skiego.<\/p>\n","protected":false},"author":4,"featured_media":6544,"comment_status":"open","ping_status":"closed","sticky":false,"template":"","format":"standard","meta":{"footnotes":""},"categories":[1],"tags":[],"_links":{"self":[{"href":"https:\/\/blog.polityka.pl\/passent\/wp-json\/wp\/v2\/posts\/6541"}],"collection":[{"href":"https:\/\/blog.polityka.pl\/passent\/wp-json\/wp\/v2\/posts"}],"about":[{"href":"https:\/\/blog.polityka.pl\/passent\/wp-json\/wp\/v2\/types\/post"}],"author":[{"embeddable":true,"href":"https:\/\/blog.polityka.pl\/passent\/wp-json\/wp\/v2\/users\/4"}],"replies":[{"embeddable":true,"href":"https:\/\/blog.polityka.pl\/passent\/wp-json\/wp\/v2\/comments?post=6541"}],"version-history":[{"count":7,"href":"https:\/\/blog.polityka.pl\/passent\/wp-json\/wp\/v2\/posts\/6541\/revisions"}],"predecessor-version":[{"id":6549,"href":"https:\/\/blog.polityka.pl\/passent\/wp-json\/wp\/v2\/posts\/6541\/revisions\/6549"}],"wp:featuredmedia":[{"embeddable":true,"href":"https:\/\/blog.polityka.pl\/passent\/wp-json\/wp\/v2\/media\/6544"}],"wp:attachment":[{"href":"https:\/\/blog.polityka.pl\/passent\/wp-json\/wp\/v2\/media?parent=6541"}],"wp:term":[{"taxonomy":"category","embeddable":true,"href":"https:\/\/blog.polityka.pl\/passent\/wp-json\/wp\/v2\/categories?post=6541"},{"taxonomy":"post_tag","embeddable":true,"href":"https:\/\/blog.polityka.pl\/passent\/wp-json\/wp\/v2\/tags?post=6541"}],"curies":[{"name":"wp","href":"https:\/\/api.w.org\/{rel}","templated":true}]}}