
{"id":655,"date":"2010-01-19T22:41:55","date_gmt":"2010-01-19T21:41:55","guid":{"rendered":"http:\/\/passent.blog.polityka.pl\/?p=655"},"modified":"2010-01-19T22:43:12","modified_gmt":"2010-01-19T21:43:12","slug":"tusk-powinien-kandydowac","status":"publish","type":"post","link":"https:\/\/blog.polityka.pl\/passent\/2010\/01\/19\/tusk-powinien-kandydowac\/","title":{"rendered":"Tusk powinien kandydowa\u0107"},"content":{"rendered":"<p><strong>Trudno by\u0107 prorokiem we w\u0142asnym kraju, zw\u0142aszcza mnie, gdy\u017c moje przepowiednie z regu\u0142y by\u0142y fa\u0142szywe<\/strong>.<\/p>\n<p>Nie podoba\u0142a mi si\u0119 trwaj\u0105ca od kilku lat zgadywanka (b\u0119dzie \u2013 nie b\u0119dzie kandydowa\u0142?), to strata czasu, ja\u0142owa gadanina, ale presja i napi\u0119cie zwi\u0105zane z decyzj\u0105 Tuska i mnie si\u0119 udzieli\u0142y. Wi\u0119c mo\u017ce i my na blogu zaryzykujemy?<\/p>\n<p>Bezpo\u015bredni\u0105 przyczyn\u0105 mojego udzia\u0142u w tym totolotku s\u0105 zeznania Mariusza Kami\u0144skiego przed komisj\u0105 hazardow\u0105. Co prawda niewiele w nich nowego, a miejscami i sam Kami\u0144ski si\u0119 pogr\u0105\u017cy\u0142, ale atak na premiera jest i b\u0119dzie tak silny, \u017ce Tusk nie b\u0119dzie m\u00f3g\u0142 nie startowa\u0107 w wyborach prezydenckich, bo wygl\u0105da\u0142oby to na dezercj\u0119, a tak\u017ce obci\u0105\u017cy\u0142oby innego kandydata.<\/p>\n<p>Co prawda komisja ma zako\u0144czy\u0107 prace do marca, a wybory mog\u0105 by\u0107 p\u00f3\u0142 roku p\u00f3\u017aniej, i wiele mo\u017ce si\u0119 zdarzy\u0107, ale z decyzj\u0105 nie mo\u017cna czeka\u0107. Ka\u017cdy inny kandydat Platformy obecny b\u0119dzie musia\u0142 t\u0142umaczy\u0107 si\u0119 za Tuska, Chlebowskiego, Drzewieckiego i innych. Tylko Tusk mo\u017ce stawi\u0107 czo\u0142a tym atakom, wzi\u0105\u0107 je na siebie. Dotychczas m\u00f3g\u0142 hamletyzowa\u0107, wa\u017cy\u0107 \u201eza i przeciw\u201d kandydowaniu, czy warto zamienia\u0107 w\u0142adz\u0119 faktyczn\u0105 na iluzoryczn\u0105, czy warto wszczyna\u0107 konflikt o przewodnictwo Platformy, czy mo\u017cna zostawia\u0107 parti\u0119 w tak trudnym momencie, kiedy niekt\u00f3rzy jej czo\u0142owi dzia\u0142acze s\u0105 w k\u0142opocie hazardowym, a odium spada na ca\u0142\u0105 parti\u0119.<\/p>\n<p>Od tej chwili przewa\u017caj\u0105 jednak argumenty za kandydowaniem Tuska na prezydenta \u2013 stawiaj\u0105c czo\u0142a Lechowi Kaczy\u0144skiemu, nie uchyla si\u0119 od konfrontacji z PiS, nie wystawia innego na ostrza\u0142, nie chowa si\u0119 za cudzymi plecami, nie deprecjonuje urz\u0119du prezydenta wysuwaj\u0105c na\u0144 jednego ze swoich wsp\u00f3\u0142pracownik\u00f3w. Spo\u015br\u00f3d polityk\u00f3w Platformy ma najwi\u0119ksze szanse na zwyci\u0119stwo, w rezerwie jego partia ma kilku dobrych kandydat\u00f3w na premiera (Bielecki, Komorowski, Gronkiewicz &#8211; Waltz), gorzej z nast\u0119pc\u0105 na stanowisku szefa partii (Komorowski zwolni\u0142by stanowisko marsza\u0142ka Sejmu, na kt\u00f3re trzeba by poszuka\u0107 nast\u0119pcy, mo\u017ce to by\u0107 np. Sikorski, Klich albo Zdrojewski). I co wi\u0119cej \u2013 wyborcy tak\u0105 decyzj\u0119 zrozumiej\u0105, inn\u0105 \u2013 nie bardzo.<\/p>\n<p>Uwa\u017cam, \u017ce Donald Tusk powinien i b\u0119dzie kandydowa\u0142.<\/p>\n<p>***<\/p>\n<p><a href=\"\/wp-content\/uploads\/2010\/01\/pass-zaprosz.jpg\"><img loading=\"lazy\" decoding=\"async\" class=\"aligncenter size-full wp-image-651\" title=\"pass-zaprosz\" src=\"\/wp-content\/uploads\/2010\/01\/pass-zaprosz.jpg\" alt=\"\" width=\"400\" height=\"606\" srcset=\"\/passent\/wp-content\/uploads\/2010\/01\/pass-zaprosz.jpg 400w, \/passent\/wp-content\/uploads\/2010\/01\/pass-zaprosz-198x300.jpg 198w\" sizes=\"(max-width: 400px) 100vw, 400px\" \/><\/a><\/p>\n","protected":false},"excerpt":{"rendered":"<p>Trudno by\u0107 prorokiem we w\u0142asnym kraju, zw\u0142aszcza mnie, gdy\u017c moje przepowiednie z regu\u0142y by\u0142y fa\u0142szywe. Nie podoba\u0142a mi si\u0119 trwaj\u0105ca od kilku lat zgadywanka (b\u0119dzie \u2013 nie b\u0119dzie kandydowa\u0142?), to strata czasu, ja\u0142owa gadanina, ale presja i napi\u0119cie zwi\u0105zane z decyzj\u0105 Tuska i mnie si\u0119 udzieli\u0142y. Wi\u0119c mo\u017ce i my na blogu zaryzykujemy? Bezpo\u015bredni\u0105 przyczyn\u0105 [&hellip;]<\/p>\n","protected":false},"author":4,"featured_media":0,"comment_status":"open","ping_status":"open","sticky":false,"template":"","format":"standard","meta":{"footnotes":""},"categories":[1],"tags":[],"_links":{"self":[{"href":"https:\/\/blog.polityka.pl\/passent\/wp-json\/wp\/v2\/posts\/655"}],"collection":[{"href":"https:\/\/blog.polityka.pl\/passent\/wp-json\/wp\/v2\/posts"}],"about":[{"href":"https:\/\/blog.polityka.pl\/passent\/wp-json\/wp\/v2\/types\/post"}],"author":[{"embeddable":true,"href":"https:\/\/blog.polityka.pl\/passent\/wp-json\/wp\/v2\/users\/4"}],"replies":[{"embeddable":true,"href":"https:\/\/blog.polityka.pl\/passent\/wp-json\/wp\/v2\/comments?post=655"}],"version-history":[{"count":0,"href":"https:\/\/blog.polityka.pl\/passent\/wp-json\/wp\/v2\/posts\/655\/revisions"}],"wp:attachment":[{"href":"https:\/\/blog.polityka.pl\/passent\/wp-json\/wp\/v2\/media?parent=655"}],"wp:term":[{"taxonomy":"category","embeddable":true,"href":"https:\/\/blog.polityka.pl\/passent\/wp-json\/wp\/v2\/categories?post=655"},{"taxonomy":"post_tag","embeddable":true,"href":"https:\/\/blog.polityka.pl\/passent\/wp-json\/wp\/v2\/tags?post=655"}],"curies":[{"name":"wp","href":"https:\/\/api.w.org\/{rel}","templated":true}]}}