
{"id":6550,"date":"2020-12-21T22:04:13","date_gmt":"2020-12-21T21:04:13","guid":{"rendered":"https:\/\/passent.blog.polityka.pl\/?p=6550"},"modified":"2020-12-21T22:21:38","modified_gmt":"2020-12-21T21:21:38","slug":"roznica-kulturowa","status":"publish","type":"post","link":"https:\/\/blog.polityka.pl\/passent\/2020\/12\/21\/roznica-kulturowa\/","title":{"rendered":"R\u00f3\u017cnica kulturowa"},"content":{"rendered":"\n<p>W mediach pojawi\u0142a si\u0119 plotka, jakoby PiS po przej\u0119ciu wydawnictwa Polska Press (24 gazety codzienne i inne media) zamierza\u0142 przej\u0105\u0107 dziennik \u201eRzeczpospolita\u201d. Moim zdaniem niepotrzebnie, poniewa\u017c pytania skierowane do prezesa Kaczy\u0144skiego w wywiadzie w \u201eRz.\u201d (21 grudnia) \u015bwiadcz\u0105 o tym, i\u017c wicepremier nie musi si\u0119 z tej strony niczego obawia\u0107. Ale mniejsza o pytania \u2013 wa\u017cne s\u0105 odpowiedzi.<\/p>\n\n\n\n<!--more-->\n\n\n\n<p>Po pierwsze, suwerenno\u015b\u0107. Nie oddamy ani guzika. \u201eNie b\u0119dziemy ust\u0119powa\u0107, nikomu si\u0119 nie podporz\u0105dkujemy\u201d. Has\u0142o brzmi dumnie, ale tylko w sferze og\u00f3lnik\u00f3w. Co by polski rz\u0105d zrobi\u0142, gdyby 25 pa\u0144stw unijnych postanowi\u0142o omin\u0105\u0107 Polsk\u0119 i W\u0119gry, utworzy\u0107 w\u0142asny fundusz? Dziennikarz nie pyta \u2013 prezes nie m\u00f3wi.<\/p>\n\n\n\n<p>Po drugie, precz z federacj\u0105. Kaczy\u0144ski jest zdecydowane przeciwko Europie federalnej, jednemu superpa\u0144stwu z\u0142o\u017conemu z pa\u0144stw cz\u0142onkowskich. Nie mo\u017ce by\u0107 wsp\u00f3lnego pa\u0144stwa europejskiego, bo nie ma \u201edemosu\u201d (ludu) europejskiego. Tak jest. Zgoda. OK, ale czy prezesowi nie chodzi przede wszystkim o to, \u017ceby nie by\u0142o wsp\u00f3lnoty warto\u015bci, tej ca\u0142ej gadaniny o tr\u00f3jpodziale w\u0142adz, niezawis\u0142ych s\u0105dach etc.? Wizja pa\u0144stwa scentralizowanego i autorytarnego oznacza dla Kaczy\u0144skiego dominacj\u0119 w\u0142adzy wykonawczej, minister sprawiedliwo\u015bci i prokurator generalny robi\u0105, co chc\u0105: powo\u0142uj\u0105 i odwo\u0142uj\u0105, awansuj\u0105 i degraduj\u0105, nie podlegaj\u0105 kontroli, patrz Srebrna i inne afery.<\/p>\n\n\n\n<p>Po trzecie, \u017ale si\u0119 dzieje w Unii Europejskiej, traktaty nie s\u0105 przestrzegane, mamy do czynienia z \u201emi\u0119kkim totalitaryzmem\u201d. Zgadzam si\u0119, ale zapewne co innego mamy na my\u015bli. Dla mnie \u201emi\u0119kki totalitaryzm\u201d to np. taki, kt\u00f3ry narzuca jedn\u0105 wersj\u0119 historii wszystkim: szko\u0142om, muzeom, filmom za pa\u0144stwowe pieni\u0105dze, mediom, stypendystom, instytutom pami\u0119ci etc.<\/p>\n\n\n\n<p>Po czwarte, w Polsce \u201es\u0105 s\u0105dy politycznie uzale\u017cnione od opozycji\u201d (!!!). Wi\u0119kszej herezji dawno nie czyta\u0142em. Dla prezesa, je\u017celi s\u0105d orzeka nie po jego my\u015bli, to jest uzale\u017cniony od totalnej opozycji. Tylko s\u0105dy \u00e0 la Ziobro i PiS s\u0105 niezawis\u0142e. Kaczy\u0144ski zapowiada ci\u0105g dalszy reformy s\u0105d\u00f3w i s\u0119dzi\u00f3w, czyli dalsz\u0105 czystk\u0119.<\/p>\n\n\n\n<p>Po pi\u0105te, pomi\u0119dzy PiS a Platform\u0105 jest \u201egigantyczna r\u00f3\u017cnica kulturowa\u201d. Kaczy\u0144ski lubi m\u00f3wi\u0107 o swojej wy\u017cszo\u015bci kulturowej, Tusk jest wychowany na podw\u00f3rku, a on na inteligenckim \u017boliborzu etc. Moim zdaniem obaj s\u0105 inteligentami, ale o r\u00f3\u017cnych pogl\u0105dach i proweniencjach. Jeden jest liberalnym demokrat\u0105, a drugi narodowym autokrat\u0105.<\/p>\n\n\n\n<p>Po sz\u00f3ste, koalicja PiS-PSL jest do wyobra\u017cenia. \u201eTo dobra zmiana dla tych, kt\u00f3rzy popieraj\u0105 PSL\u201d. Tym samym Kaczy\u0144ski rozgrywa Kosiniaka-Kamysza oraz szanta\u017cuje Ziobr\u0119 i Solidarn\u0105 Polsk\u0119. Oznacza\u0142oby to przesuni\u0119cie PSL w prawo i samob\u00f3jstwo ludowc\u00f3w, ale o to przecie\u017c chodzi.<\/p>\n\n\n\n<p>Po si\u00f3dme, \u201ez\u0142amanie r\u0119ki jest nadu\u017cyciem (!) i trzeba z tego wyci\u0105gn\u0105\u0107 wnioski\u201d, ale demonstracje by\u0142y \u201eskrajnie szkodliwe\u201d, z\u0142ama\u0142y \u201epewne regu\u0142y kulturowe\u201d. \u201eBez w\u0105tpienia prowadzi\u0142y do wielu zachorowa\u0144, a tak\u017ce do przypadk\u00f3w \u015bmiertelnych\u201d. O ile sobie przypominam, to mniej wi\u0119cej dwa tygodnie po 22 pa\u017adziernika minister zdrowia przyzna\u0142, i\u017c nie by\u0142o wzrostu zachorowa\u0144. Prezes tkwi \u201ew mylnym b\u0142\u0119dzie\u201d lub \u2013 co bardziej prawdopodobne &#8211; wprowadza opini\u0119 publiczn\u0105 w b\u0142\u0105d. Od kiedy to z\u0142amanie r\u0119ki bezbronnej kobiecie przez uzbrojonego policjanta jest \u201enadu\u017cyciem\u201d? O ile to jest nadu\u017cyciem, to co to jest brutalno\u015b\u0107? Nadu\u017cycie czy bestialstwo \u2013 to jest ta gigantyczna r\u00f3\u017cnica kulturowa.<\/p>\n\n\n\n<p>PS Wszystkim Blogowiczkom i Blogowiczom \u017cycz\u0119 chwili wytchnienia od polityki i innych wirus\u00f3w!<\/p>\n","protected":false},"excerpt":{"rendered":"<p>W mediach pojawi\u0142a si\u0119 plotka, jakoby PiS po przej\u0119ciu wydawnictwa Polska Press (24 gazety codzienne i inne media) zamierza\u0142 przej\u0105\u0107 dziennik \u201eRzeczpospolita\u201d. Moim zdaniem niepotrzebnie, poniewa\u017c pytania skierowane do prezesa Kaczy\u0144skiego w wywiadzie w \u201eRz.\u201d (21 grudnia) \u015bwiadcz\u0105 o tym, i\u017c wicepremier nie musi si\u0119 z tej strony niczego obawia\u0107. Ale mniejsza o pytania \u2013 [&hellip;]<\/p>\n","protected":false},"author":4,"featured_media":6554,"comment_status":"open","ping_status":"closed","sticky":false,"template":"","format":"standard","meta":{"footnotes":""},"categories":[1],"tags":[],"_links":{"self":[{"href":"https:\/\/blog.polityka.pl\/passent\/wp-json\/wp\/v2\/posts\/6550"}],"collection":[{"href":"https:\/\/blog.polityka.pl\/passent\/wp-json\/wp\/v2\/posts"}],"about":[{"href":"https:\/\/blog.polityka.pl\/passent\/wp-json\/wp\/v2\/types\/post"}],"author":[{"embeddable":true,"href":"https:\/\/blog.polityka.pl\/passent\/wp-json\/wp\/v2\/users\/4"}],"replies":[{"embeddable":true,"href":"https:\/\/blog.polityka.pl\/passent\/wp-json\/wp\/v2\/comments?post=6550"}],"version-history":[{"count":4,"href":"https:\/\/blog.polityka.pl\/passent\/wp-json\/wp\/v2\/posts\/6550\/revisions"}],"predecessor-version":[{"id":6555,"href":"https:\/\/blog.polityka.pl\/passent\/wp-json\/wp\/v2\/posts\/6550\/revisions\/6555"}],"wp:featuredmedia":[{"embeddable":true,"href":"https:\/\/blog.polityka.pl\/passent\/wp-json\/wp\/v2\/media\/6554"}],"wp:attachment":[{"href":"https:\/\/blog.polityka.pl\/passent\/wp-json\/wp\/v2\/media?parent=6550"}],"wp:term":[{"taxonomy":"category","embeddable":true,"href":"https:\/\/blog.polityka.pl\/passent\/wp-json\/wp\/v2\/categories?post=6550"},{"taxonomy":"post_tag","embeddable":true,"href":"https:\/\/blog.polityka.pl\/passent\/wp-json\/wp\/v2\/tags?post=6550"}],"curies":[{"name":"wp","href":"https:\/\/api.w.org\/{rel}","templated":true}]}}