
{"id":6557,"date":"2020-12-28T11:42:51","date_gmt":"2020-12-28T10:42:51","guid":{"rendered":"https:\/\/passent.blog.polityka.pl\/?p=6557"},"modified":"2020-12-28T15:26:14","modified_gmt":"2020-12-28T14:26:14","slug":"swieto-szczepionki-czyli-madry-premier-po-szkodzie","status":"publish","type":"post","link":"https:\/\/blog.polityka.pl\/passent\/2020\/12\/28\/swieto-szczepionki-czyli-madry-premier-po-szkodzie\/","title":{"rendered":"\u015awi\u0119to szczepionki, czyli m\u0105dry premier po szkodzie"},"content":{"rendered":"\n<p>Przepraszam, tylko dwa pytania. Pierwsze: kto \u201ezorganizowa\u0142\u201d dla Polski szczepionk\u0119? Czy by\u0142a kupiona u znajomego instruktora narciarskiego? U handlarza broni\u0105? Czy trzeba by\u0142o j\u0105 przywozi\u0107 najwi\u0119kszym samolotem na \u015bwiecie, p\u0142ac\u0105c miliony? Czy przyjecha\u0142a bez strzykawek, igie\u0142 i innych niezb\u0119dnych element\u00f3w?<\/p>\n\n\n\n<!--more-->\n\n\n\n<p>W Polsce trwa \u015bwi\u0119to szczepionki, radujemy si\u0119, trwa wy\u015bcig pomi\u0119dzy zaraz\u0105 a lud\u017ami takimi jak ja i mnie podobnymi seniorami z pierwszej grupy ryzyka. Ogl\u0105dali\u015bmy pierwsze \u201ezaszczepiny\u201d. I jako\u015b nikt, z premierem Morawieckim na czele, nie wspomnia\u0142, kto to wszystko zorganizowa\u0142. Kto przygotowa\u0142 transport, kto negocjowa\u0142 z producentem, kto, kto, kto? By\u0142a\u017cby to ta wstr\u0119tna Unia Europejska, kt\u00f3ra pcha sw\u00f3j ryj w nasze sprawy? Czy\u017c te szczepionki, strzykawki, ig\u0142y to nie jest brutalna ingerencja w nasz\u0105 suwerenno\u015b\u0107? Czy\u017c ochrona zdrowia to nie jest nasz polski obowi\u0105zek? Czy\u017c to nie jest nasze, polskie zdrowie? Czy powinni\u015bmy zawierza\u0107 to, co mamy najcenniejszego \u2013 nasze zdrowie &#8211; Niemcom, Holendrom i w og\u00f3le tym wszystkim, kt\u00f3rzy na nas czyhaj\u0105?<\/p>\n\n\n\n<p>A tak serio: czy ten nieszcz\u0119sny rz\u0105d, a przynajmniej premier, kt\u00f3ry nie schodzi z ekran\u00f3w telewizyjnych, nie m\u00f3g\u0142by podzi\u0119kowa\u0107 wszystkim zaanga\u017cowanym \u2013 od Pfizera, poprzez Uni\u0119 Europejsk\u0105, a\u017c po kierowc\u00f3w ci\u0119\u017car\u00f3wek \u2013 po prostu podzi\u0119kowa\u0107 i podkre\u015bli\u0107 ten sukces zjednoczonej Europy, od Lizbony do Warszawy? Odrobin\u0119 godno\u015bci i kultury, panowie. Co by by\u0142o, gdyby\u015bmy musieli czeka\u0107 na szczepionk\u0119 w\u0119giersk\u0105, a W\u0119grzy \u2013 na szczepionk\u0119 z Orlenu?<\/p>\n\n\n\n<p>Pytanie drugie dotyczy sylwestra. Jak to mo\u017cliwe, \u017ce premier \u015bredniej wielko\u015bci pa\u0144stwa europejskiego oficjalnie zarz\u0105dza godzin\u0119 policyjn\u0105 w noc sylwestrow\u0105 od godz. 19 do 6 dnia nast\u0119pnego? Przecie\u017c to jest bezsens. Jaka policja ma goni\u0107 rozbawionych ludzi po Krup\u00f3wkach, &#8222;Monciak&#8221; czy Starym Mie\u015bcie? Czy\u017c to nie jest kpina ze zdrowego rozs\u0105dku? Zaraz po og\u0142oszeniu tego durnego rozporz\u0105dzenia odezwali si\u0119 niezale\u017cni prawnicy i publicy\u015bci, zwracaj\u0105c uwag\u0119, \u017ce \u201eszpera\u201d (tak si\u0119 m\u00f3wi\u0142o w latach wojny) jest bezprawna, niekonstytucyjna, gdy\u017c mo\u017cna j\u0105 zarz\u0105dzi\u0107 tylko w warunkach stanu nadzwyczajnego itp. (kt\u00f3rego rz\u0105d nie chcia\u0142 og\u0142osi\u0107).<\/p>\n\n\n\n<p>Po pi\u0119ciu dniach rz\u0105d zmuszony by\u0142 zrezygnowa\u0107 z przymusu i prosi\u0107, apelowa\u0107 do rodak\u00f3w, aby bawili si\u0119 w ma\u0142ych grupach i nie przemieszczali. W pe\u0142ni ten apel popieram, b\u0119d\u0119 szala\u0142 do bia\u0142ego rana w gronie os\u00f3b dw\u00f3ch.<\/p>\n\n\n\n<p>Ale mam pytanie: czy armia prawnik\u00f3w, kt\u00f3rych zatrudnia rz\u0105d, na czele z gabinetem premiera oraz Ministerstwem Sprawiedliwo\u015bci zaj\u0119tym rozpraw\u0105 z s\u0119dziami, nie by\u0142a w stanie zablokowa\u0107 najg\u0142upszego z rozporz\u0105dze\u0144?! Za co oni bior\u0105 te pieni\u0105dze?<\/p>\n\n\n\n<p>Weso\u0142ej zabawy w ma\u0142ym gronie, lepszego nowego roku, a przede wszystkim zdrowia &#8211; i do zobaczenia na blogu!<\/p>\n\n\n\n<p>ZAPROSZENIE<\/p>\n\n\n\n<p>Profesor Adam Daniel Rotfeld, by\u0142y minister Spraw Zagranicznych, autorytet w dziedzinie stosunk\u00f3w mi\u0119dzynarodowych, b\u0119dzie naszym go\u015bciem w radiu TOKFM w niedziel\u0119 3 stycznia 2021 o godz. 10.05.<\/p>\n","protected":false},"excerpt":{"rendered":"<p>Przepraszam, tylko dwa pytania. Pierwsze: kto \u201ezorganizowa\u0142\u201d dla Polski szczepionk\u0119? Czy by\u0142a kupiona u znajomego instruktora narciarskiego? U handlarza broni\u0105? Czy trzeba by\u0142o j\u0105 przywozi\u0107 najwi\u0119kszym samolotem na \u015bwiecie, p\u0142ac\u0105c miliony? Czy przyjecha\u0142a bez strzykawek, igie\u0142 i innych niezb\u0119dnych element\u00f3w?<\/p>\n","protected":false},"author":4,"featured_media":6562,"comment_status":"open","ping_status":"closed","sticky":false,"template":"","format":"standard","meta":{"footnotes":""},"categories":[1],"tags":[],"_links":{"self":[{"href":"https:\/\/blog.polityka.pl\/passent\/wp-json\/wp\/v2\/posts\/6557"}],"collection":[{"href":"https:\/\/blog.polityka.pl\/passent\/wp-json\/wp\/v2\/posts"}],"about":[{"href":"https:\/\/blog.polityka.pl\/passent\/wp-json\/wp\/v2\/types\/post"}],"author":[{"embeddable":true,"href":"https:\/\/blog.polityka.pl\/passent\/wp-json\/wp\/v2\/users\/4"}],"replies":[{"embeddable":true,"href":"https:\/\/blog.polityka.pl\/passent\/wp-json\/wp\/v2\/comments?post=6557"}],"version-history":[{"count":5,"href":"https:\/\/blog.polityka.pl\/passent\/wp-json\/wp\/v2\/posts\/6557\/revisions"}],"predecessor-version":[{"id":6564,"href":"https:\/\/blog.polityka.pl\/passent\/wp-json\/wp\/v2\/posts\/6557\/revisions\/6564"}],"wp:featuredmedia":[{"embeddable":true,"href":"https:\/\/blog.polityka.pl\/passent\/wp-json\/wp\/v2\/media\/6562"}],"wp:attachment":[{"href":"https:\/\/blog.polityka.pl\/passent\/wp-json\/wp\/v2\/media?parent=6557"}],"wp:term":[{"taxonomy":"category","embeddable":true,"href":"https:\/\/blog.polityka.pl\/passent\/wp-json\/wp\/v2\/categories?post=6557"},{"taxonomy":"post_tag","embeddable":true,"href":"https:\/\/blog.polityka.pl\/passent\/wp-json\/wp\/v2\/tags?post=6557"}],"curies":[{"name":"wp","href":"https:\/\/api.w.org\/{rel}","templated":true}]}}