
{"id":6565,"date":"2021-01-02T16:38:28","date_gmt":"2021-01-02T15:38:28","guid":{"rendered":"https:\/\/passent.blog.polityka.pl\/?p=6565"},"modified":"2021-01-02T17:16:14","modified_gmt":"2021-01-02T16:16:14","slug":"szczepionka-nie-dziekuje","status":"publish","type":"post","link":"https:\/\/blog.polityka.pl\/passent\/2021\/01\/02\/szczepionka-nie-dziekuje\/","title":{"rendered":"Szczepionka? Nie, dzi\u0119kuj\u0119"},"content":{"rendered":"\n<p>Ostrzegam wszystkich, \u017ce wraz z milionami szczepionek otrzymamy miliony wirus\u00f3w zachodniej pseudodemokracji, zwanej czasami na wyrost \u201ecywilizacj\u0105\u201d. Niemcy i inne kraje Unii Europejskiej chc\u0105 nam wstrzykn\u0105\u0107 i przemyci\u0107 swoje warto\u015bci, szumnie zwane \u201eprawami obywatelskimi\u201d, \u201er\u00f3wnouprawnieniem mniejszo\u015bci\u201d i B\u00f3g wie czym jeszcze. W ramach tych \u201ewarto\u015bci\u201d zachodnie korporacje &#8211; g\u0142\u00f3wnie niemieckie \u2013 wywo\u017c\u0105 z Polski miliardy euro, nas traktuj\u0105 jako tani\u0105 si\u0142\u0119 robocz\u0105.<\/p>\n\n\n\n<!--more-->\n\n\n\n<p>Zachodnie korporacje drenuj\u0105 nasz kraj, zamieniaj\u0105c go w medyczn\u0105 pustyni\u0119, na kt\u00f3rej szaleje zaraza. Tysi\u0105ce polskich lekarzy i piel\u0119gniarek, tak dzi\u015b potrzebnych w trakcie epidemii, zosta\u0142o otumanionych przez oszuka\u0144cze agencje rekrutacyjne, za \u201epomoc\u0105\u201d kt\u00f3rych trafiaj\u0105 do dom\u00f3w publicznych, a nie &#8211; jak by\u0142o ustalone &#8211; do dom\u00f3w opieki spo\u0142ecznej. W ci\u0105gu ostatnich 30 lat wyjecha\u0142o z Polski tysi\u0105c anestezjolog\u00f3w, czyli \u2013 niestety \u2013 lekarzy ostatniego kontaktu. Podobnie jest z lekarzami pierwszego kontaktu.<\/p>\n\n\n\n<p>Dlatego m\u00f3wimy szczepionce jedno wielkie \u201enie!\u201d. \u201eNie\u201d dla ingerencji w wewn\u0119trzne sprawy naszego kraju! Nie dla rzekomo \u201edarmowych\u201d szczepionek. One b\u0119d\u0105 darmowe, je\u017celi ka\u017cdy, kto si\u0119 zaszczepi, otrzyma tysi\u0105c z\u0142otych plus. Za b\u00f3l, za traktowanie milion\u00f3w Polek i Polak\u00f3w jako kr\u00f3lik\u00f3w do\u015bwiadczalnych niemieckiego przemys\u0142u chemicznego, z kt\u00f3rym mamy jak najgorsze do\u015bwiadczenia. Za doznane upokorzenia, za ryzyko skutk\u00f3w ubocznych, za to, \u017ce jak pojawi si\u0119 wysypka albo rami\u0119 spuchnie nam do rozmiar\u00f3w baleronu, to b\u0119dziemy musieli jecha\u0107 do Dusseldorfu. Oczywi\u015bcie na w\u0142asny koszt. W dodatku op\u0142aci\u0107 t\u0142umacza, bo takiego lekarza, kt\u00f3ry zna polski, to ze \u015bwiec\u0105 szuka\u0107. Tam b\u0119dziemy traktowani jako pacjenci gorszego sortu.<\/p>\n\n\n\n<p>Wiadomo, \u017ce ka\u017cdy towar wciskany za darmo musi mie\u0107 wady ukryte. Kto\u015b za tym stoi, kto\u015b na tym zarabia, jak \u015bwiat \u015bwiatem, nie b\u0119dzie Niemiec Polakowi bratem. Nie ma czego\u015b takiego jak darmowy obiad nawet z przeterminowanych sk\u0142adnik\u00f3w. Trzymamy kciuki za naszego premiera Mateusza, kt\u00f3ry w Brukseli negocjuje wysoko\u015b\u0107 dop\u0142aty dla ka\u017cdego, kto si\u0119 gdzie\u015b zaczepi. Popieramy ministra Ziobr\u0119, kt\u00f3ry m\u00f3wi, \u017ce bez tysi\u0105ca dla ka\u017cdego nie ma si\u0119 tu co pokazywa\u0107.<\/p>\n\n\n\n<p>Dlatego m\u00f3wimy szczepionce \u201e\u0142aski bez\u201d. Poczekamy na narodow\u0105 szczepionk\u0119 polsk\u0105, kt\u00f3r\u0105 b\u0119dzie podziwia\u0142 i kt\u00f3rej b\u0119dzie nam zazdro\u015bci\u0142 ca\u0142y \u015bwiat.<\/p>\n","protected":false},"excerpt":{"rendered":"<p>Ostrzegam wszystkich, \u017ce wraz z milionami szczepionek otrzymamy miliony wirus\u00f3w zachodniej pseudodemokracji, zwanej czasami na wyrost \u201ecywilizacj\u0105\u201d. Niemcy i inne kraje Unii Europejskiej chc\u0105 nam wstrzykn\u0105\u0107 i przemyci\u0107 swoje warto\u015bci, szumnie zwane \u201eprawami obywatelskimi\u201d, \u201er\u00f3wnouprawnieniem mniejszo\u015bci\u201d i B\u00f3g wie czym jeszcze. W ramach tych \u201ewarto\u015bci\u201d zachodnie korporacje &#8211; g\u0142\u00f3wnie niemieckie \u2013 wywo\u017c\u0105 z Polski miliardy [&hellip;]<\/p>\n","protected":false},"author":4,"featured_media":6569,"comment_status":"open","ping_status":"closed","sticky":false,"template":"","format":"standard","meta":{"footnotes":""},"categories":[1],"tags":[],"_links":{"self":[{"href":"https:\/\/blog.polityka.pl\/passent\/wp-json\/wp\/v2\/posts\/6565"}],"collection":[{"href":"https:\/\/blog.polityka.pl\/passent\/wp-json\/wp\/v2\/posts"}],"about":[{"href":"https:\/\/blog.polityka.pl\/passent\/wp-json\/wp\/v2\/types\/post"}],"author":[{"embeddable":true,"href":"https:\/\/blog.polityka.pl\/passent\/wp-json\/wp\/v2\/users\/4"}],"replies":[{"embeddable":true,"href":"https:\/\/blog.polityka.pl\/passent\/wp-json\/wp\/v2\/comments?post=6565"}],"version-history":[{"count":4,"href":"https:\/\/blog.polityka.pl\/passent\/wp-json\/wp\/v2\/posts\/6565\/revisions"}],"predecessor-version":[{"id":6570,"href":"https:\/\/blog.polityka.pl\/passent\/wp-json\/wp\/v2\/posts\/6565\/revisions\/6570"}],"wp:featuredmedia":[{"embeddable":true,"href":"https:\/\/blog.polityka.pl\/passent\/wp-json\/wp\/v2\/media\/6569"}],"wp:attachment":[{"href":"https:\/\/blog.polityka.pl\/passent\/wp-json\/wp\/v2\/media?parent=6565"}],"wp:term":[{"taxonomy":"category","embeddable":true,"href":"https:\/\/blog.polityka.pl\/passent\/wp-json\/wp\/v2\/categories?post=6565"},{"taxonomy":"post_tag","embeddable":true,"href":"https:\/\/blog.polityka.pl\/passent\/wp-json\/wp\/v2\/tags?post=6565"}],"curies":[{"name":"wp","href":"https:\/\/api.w.org\/{rel}","templated":true}]}}