
{"id":6579,"date":"2021-01-07T12:27:31","date_gmt":"2021-01-07T11:27:31","guid":{"rendered":"https:\/\/passent.blog.polityka.pl\/?p=6579"},"modified":"2021-01-07T14:20:51","modified_gmt":"2021-01-07T13:20:51","slug":"gdzie-jest-moja-ameryka","status":"publish","type":"post","link":"https:\/\/blog.polityka.pl\/passent\/2021\/01\/07\/gdzie-jest-moja-ameryka\/","title":{"rendered":"Gdzie jest moja Ameryka"},"content":{"rendered":"\n<p>Gdyby Donald Trump nie by\u0142 ci\u0105gle prezydentem Stan\u00f3w Zjednoczonych, to napisa\u0142bym dosadniej, co my\u015bl\u0119 o nim, o jego polityce i o jego wielbicielach w Stanach i za granic\u0105, w tym o prezydencie Dudzie, kt\u00f3ry do tego stopnia przyklei\u0142 si\u0119 do urz\u0119duj\u0105cego prezydenta USA, \u017ce obni\u017cy\u0142 autorytet naszego kraju i sw\u00f3j w\u0142asny. A ju\u017c wygibasy z gratulacjami dla Joego Bidena (ze strachu przed Trumpem) o\u015bmieszy\u0142y nasz kraj. I nie lepiej wypad\u0142 tweet o wydarzeniach 6 stycznia na Kapitolu.<\/p>\n\n\n\n<!--more-->\n\n\n\n<p>Prosz\u0119 mi wybaczy\u0107 osobisty charakter tego posta, ale sp\u0119dzi\u0142em oko\u0142o siedmiu lat w Stanach, pokocha\u0142em ten kraj, korzysta\u0142em z owoc\u00f3w tego kraju, jego otwarto\u015bci i go\u015bcinno\u015bci (dosta\u0142em pozwolenie na prac\u0119), pracowa\u0142em tam cztery lata jako redaktor czasopisma, dzi\u0119ki temu mogli\u015bmy z \u017con\u0105 op\u0142aci\u0107 astronomiczne czesne w szko\u0142ach prywatnych i uczelniach. To by\u0142o g\u0142\u00f3wnym celem naszego wyjazdu.<\/p>\n\n\n\n<p>Przedtem ja sam sp\u0119dzi\u0142em lata na stypendiach w najlepszych uczelniach \u2013 Princeton i Harvard. Mam wi\u0119c za co by\u0107 wdzi\u0119czny Ameryce i mog\u0119 mie\u0107 w pami\u0119ci jej obraz nieco wyidealizowany. Dla mnie Stany to nie drapacze chmur, to miliony bia\u0142ych domk\u00f3w Wschodniego Wybrze\u017ca, ciche i spokojne miasteczka uniwersyteckie \u2013 Princeton, Cambridge, wspania\u0142e biblioteki, najs\u0142awniejsi wyk\u0142adowcy. Wybitny ekonomista meksyka\u0144ski Edmundo Flores (przyda\u0142o si\u0119, kiedy zosta\u0142em ambasadorem w Chile), \u015bwiatowej s\u0142awy ekonomista John Galbraith, znani socjologowie &#8211; David Riesman (\u201eSamotny t\u0142um\u201d) i Nathan Glazder, kt\u00f3rzy prowadzili wsp\u00f3lne seminarium. Ameryka zrobi\u0142a dla mnie du\u017co. \u017be nie zawsze umia\u0142em wykorzysta\u0107 jej dobrodziejstwa, to jedna sprawa, \u017ce jestem jej wdzi\u0119czny i j\u0105 podziwia\u0142em \u2013 to sprawa druga.<\/p>\n\n\n\n<p>Owszem, widzia\u0142em tak\u017ce ciemn\u0105 stron\u0119 Ameryki \u2013 zab\u00f3jstwo Johna Kennedy\u2019ego, Martina Lutra Kinga, Roberta Kennedy\u2019ego, obszary n\u0119dzy i wszechobecna dyskryminacja rasowa, sam by\u0142em aresztowany w Missisipi. Wietnam i trzymanie za twarz Ameryki \u0141aci\u0144skiej. Dlatego po powrocie do Polski prze\u0142o\u017cy\u0142em trzy ksi\u0105\u017cki: Martina Lutra Kinga \u201eDlaczego nie mo\u017cemy czeka\u0107\u201d (Ksi\u0105\u017cka i Wiedza), g\u0142o\u015bnego pisarza czarnej mniejszo\u015bci Jamesa Baldwina \u201eId\u017a, powiedz to na g\u00f3rze\u201d i Charles\u2019a Reicha \u201eZieleni si\u0119 Ameryka\u201d (Czytelnik). Zrobi\u0142em odrobin\u0119 dla lepszego zrozumienia Stan\u00f3w Zjednoczonych w Polsce.<\/p>\n\n\n\n<p>Tymczasem w ostatnich latach Ameryka zmieni\u0142a si\u0119 do tego stopnia, i\u017c ja sam zaczynam jej nie rozumie\u0107. Jakim sposobem kraj, kt\u00f3ry ma tylu wspania\u0142ych ludzi, najlepsze uniwersytety, kliniki, nauk\u0119, samoloty i najwi\u0119cej nagr\u00f3d Nobla \u2013 m\u00f3g\u0142 tak si\u0119 zapu\u015bci\u0107 i zaniedba\u0107, \u017ce wybra\u0142 na prezydenta prostaka, kt\u00f3ry w \u017cyciu nie przeczyta\u0142 \u017cadnej ksi\u0105\u017cki, nie pe\u0142ni\u0142 \u017cadnego stanowiska publicznego, milionera o niejasnej reputacji, popularnego showmana telewizyjnego, demagoga dekady.<\/p>\n\n\n\n<p>Wiem, wiem, Trump \u015bwietnie wyra\u017ca rozczarowanie \u201ewaszyngto\u0144sk\u0105 elit\u0105\u201d, \u201edemokratycznymi z\u0142ogami\u201d, utrzymywaniem po\u0142owy \u015bwiata przez ameryka\u0144skich podatnik\u00f3w; t\u0119sknot\u0119 tej starej Ameryki, bezrobotnych po by\u0142ych fabrykach samochod\u00f3w, mieszka\u0144c\u00f3w \u201ethe rust belt\u201d \u2013 pasa rdzy, milion\u00f3w imigrant\u00f3w, legalnych i nielegalnych, oraz ich przeciwnik\u00f3w, kt\u00f3rzy wspierali budow\u0119 muru wzd\u0142u\u017c granicy z Meksykiem.<\/p>\n\n\n\n<p>Jak by\u0142o \u2013 to by\u0142o, o tym pisz\u0105 analitycy i komentatorzy, ale to, co si\u0119 teraz tam dzieje, to jest jeden wielki wstyd. Mimo gromkich hase\u0142 \u201eAmerica first\u201d autorytet Stan\u00f3w w \u015bwiecie spada, Ameryka Trumpa odwraca\u0142a si\u0119 od \u015bwiata, mia\u0142a coraz gorsze stosunki z Europ\u0105, Chinami, NATO, Rosj\u0105, zosta\u0142a jej (p\u00f3\u0142serio) tylko Polska z Dud\u0105 na czele. W telewizji ogl\u0105dam tamt\u0105 Ameryk\u0119 w pogardzie, w ruinie. \u017beby odchodz\u0105cy prezydent nie uzna\u0142 wybor\u00f3w, judzi\u0142, wzywa\u0142 nar\u00f3d do protest\u00f3w, zmusza\u0142 wszystkich \u017cyj\u0105cych by\u0142ych ministr\u00f3w Obrony do wsp\u00f3lnego ostrze\u017cenia przed zaanga\u017cowaniem wojska do polityki \u2013 to nies\u0142ychane i smutne, \u017ce ostoja demokracji nie daje rady z sam\u0105 sob\u0105 (Putin i Pekin maj\u0105 powody do zadowolenia).<\/p>\n\n\n\n<p>Prezydent Trump doprowadzi\u0142 do gorsz\u0105cych zaj\u015b\u0107, do wtargni\u0119cia w\u015bciek\u0142ych t\u0142um\u00f3w do Izby Reprezentant\u00f3w podczas jej obrad nad wynikami wybor\u00f3w \u2013 to wstyd dla najstarszej demokracji na \u015bwiecie. To wydarzenia godne Paragwaju albo Wenezueli, to Ameryka, jakiej nie chc\u0119 zapami\u0119ta\u0107 i czekam, a\u017c si\u0119 zn\u00f3w zazieleni.<\/p>\n\n\n\n<p><strong>Zaproszenie<\/strong><br>Znakomici publicy\u015bci. Renata Kim (Onet, &#8222;Newsweek&#8221;) oraz Adam Szostkiewicz (\u201ePolityka\u201d) b\u0119d\u0105 naszymi go\u015b\u0107mi w TOK FM, niedziela 10 stycznia, godz. 10:05. Zapraszamy.<\/p>\n","protected":false},"excerpt":{"rendered":"<p>Gdyby Donald Trump nie by\u0142 ci\u0105gle prezydentem Stan\u00f3w Zjednoczonych, to napisa\u0142bym dosadniej, co my\u015bl\u0119 o nim, o jego polityce i o jego wielbicielach w Stanach i za granic\u0105, w tym o prezydencie Dudzie, kt\u00f3ry do tego stopnia przyklei\u0142 si\u0119 do urz\u0119duj\u0105cego prezydenta USA, \u017ce obni\u017cy\u0142 autorytet naszego kraju i sw\u00f3j w\u0142asny. A ju\u017c wygibasy z [&hellip;]<\/p>\n","protected":false},"author":4,"featured_media":6582,"comment_status":"open","ping_status":"closed","sticky":false,"template":"","format":"standard","meta":{"footnotes":""},"categories":[1],"tags":[],"_links":{"self":[{"href":"https:\/\/blog.polityka.pl\/passent\/wp-json\/wp\/v2\/posts\/6579"}],"collection":[{"href":"https:\/\/blog.polityka.pl\/passent\/wp-json\/wp\/v2\/posts"}],"about":[{"href":"https:\/\/blog.polityka.pl\/passent\/wp-json\/wp\/v2\/types\/post"}],"author":[{"embeddable":true,"href":"https:\/\/blog.polityka.pl\/passent\/wp-json\/wp\/v2\/users\/4"}],"replies":[{"embeddable":true,"href":"https:\/\/blog.polityka.pl\/passent\/wp-json\/wp\/v2\/comments?post=6579"}],"version-history":[{"count":11,"href":"https:\/\/blog.polityka.pl\/passent\/wp-json\/wp\/v2\/posts\/6579\/revisions"}],"predecessor-version":[{"id":6594,"href":"https:\/\/blog.polityka.pl\/passent\/wp-json\/wp\/v2\/posts\/6579\/revisions\/6594"}],"wp:featuredmedia":[{"embeddable":true,"href":"https:\/\/blog.polityka.pl\/passent\/wp-json\/wp\/v2\/media\/6582"}],"wp:attachment":[{"href":"https:\/\/blog.polityka.pl\/passent\/wp-json\/wp\/v2\/media?parent=6579"}],"wp:term":[{"taxonomy":"category","embeddable":true,"href":"https:\/\/blog.polityka.pl\/passent\/wp-json\/wp\/v2\/categories?post=6579"},{"taxonomy":"post_tag","embeddable":true,"href":"https:\/\/blog.polityka.pl\/passent\/wp-json\/wp\/v2\/tags?post=6579"}],"curies":[{"name":"wp","href":"https:\/\/api.w.org\/{rel}","templated":true}]}}