
{"id":6595,"date":"2021-01-09T20:19:02","date_gmt":"2021-01-09T19:19:02","guid":{"rendered":"https:\/\/passent.blog.polityka.pl\/?p=6595"},"modified":"2021-01-09T23:03:35","modified_gmt":"2021-01-09T22:03:35","slug":"trump-odchodzi-tluszcza-zostaje","status":"publish","type":"post","link":"https:\/\/blog.polityka.pl\/passent\/2021\/01\/09\/trump-odchodzi-tluszcza-zostaje\/","title":{"rendered":"Trump odchodzi, t\u0142uszcza zostaje"},"content":{"rendered":"\n<p>Donald Trump odchodzi w zas\u0142u\u017conej nies\u0142awie i bez klasy. Na szcz\u0119\u015bcie nie b\u0119dzie go na inauguracji Bidena. Teraz lepiej wida\u0107, \u017ce Hillary Clinton by\u0142aby lepsz\u0105 g\u0142ow\u0105 pa\u0144stwa ni\u017c ten bufon z Nowego Jorku.<\/p>\n\n\n\n<!--more-->\n\n\n\n<p>Niestety, nie mog\u0142a wygra\u0107, poniewa\u017c jest ma\u0142\u017conk\u0105 by\u0142ego prezydenta, by\u0142a ju\u017c pierwsz\u0105 dam\u0105, by\u0142a ministrem, stanowi\u0142a uosobienie \u201ewaszyngto\u0144skiej elity\u201d, kt\u00f3ra co pewien czas jest przedmiotem atak\u00f3w, podobnie jak elita w Polsce. Elita doskonale nadaje si\u0119, \u017ceby na ni\u0105 napada\u0107 i poprawia\u0107 sobie dzi\u0119ki temu samopoczucie. \u201eNie nale\u017c\u0119 do elity, nie pokazuj\u0105 mnie w telewizji, jestem OK\u201d. W odr\u00f3\u017cnieniu od Hillary Joe Biden da\u0142 sobie z tym rad\u0119.<\/p>\n\n\n\n<p>Nade wszystko nie mia\u0142a Hillary tej charyzmy, tego czego\u015b, co ze zwyk\u0142ych ludzi czyni wyznawc\u00f3w, a z wyznawc\u00f3w robi fanatyk\u00f3w. Tym czym\u015b jest charyzma. <em>Vote appeal<\/em>, czyli odpowiednik <em>sex appealu<\/em> w polityce. \u017badne atuty Hillary, a ju\u017c zw\u0142aszcza do\u015bwiadczenie w sferze publicznej, liczne pe\u0142nione funkcje nie by\u0142y w stanie przewa\u017cy\u0107 nad zerowym do\u015bwiadczeniem w sferze publicznej Trumpa. Zero do\u015bwiadczenia stanowi\u0142o jego atut \u2013 nie by\u0142 za nic winny, nie by\u0142 z rz\u0105du. Na tle do\u015b\u0107 bezbarwnej Hillary barwny milioner z Nowego Jorku jawi\u0142 si\u0119 jako prawdziwy talent wyborczy \u2013 gwiazdor telewizji, pewny siebie, potworny demagog, niezniszczalny w debatach i skuteczny w zjednywaniu wyborc\u00f3w.<\/p>\n\n\n\n<p>Kto\u015b powiedzia\u0142 ostatnio, \u017ce w\u015br\u00f3d swoich stronnik\u00f3w Trump cieszy\u0142 si\u0119 takim uwielbieniem i oddaniem, jakie w Europie mo\u017cna por\u00f3wna\u0107 tylko z wyznawcami Hitlera i Mussoliniego. Czytam akurat ksi\u0105\u017ck\u0119 profesora Jacka Leociaka \u201eWieczne strapienie\u201d. Pisze on o \u201epanegirystach\u201d: \u201ePrzypomnia\u0142 mi si\u0119 niegdysiejszy rezydent na Wawelu, doktor prawa i generalny gubernator Hans Frank, jeden z czo\u0142owych zawodnik\u00f3w w sztafecie pochlebc\u00f3w. Liza\u0142 buty F\u00fchrerowi, opiewaj\u0105c jego wszech\u015bwiatow\u0105 wielko\u015b\u0107, sk\u0142adaj\u0105c mu ho\u0142dy, gulgocz\u0105c przy wszystkich okazjach na temat F\u00fchrera: jest pan wielkim politykiem, strategiem, wielkim cz\u0142owiekiem\u201d.<\/p>\n\n\n\n<p>Pisa\u0142 np. w dzienniku: \u201eJestem pacho\u0142kiem NSDAP. Wyznaj\u0119 wierno\u015b\u0107 dzie\u0142u do ko\u0144ca, do g\u0142\u0119bi mojego jestestwa, i jego wspania\u0142ego ruchu. (\u2026) Wy, kt\u00f3rzy nadejdziecie po nas, zawsze my\u015blcie o F\u00fchrerze. (&#8230;) Bo\u017ce, wspomagaj mnie a\u017c do ko\u0144ca. Daj mi si\u0142y do dzie\u0142a. Ufno\u015b\u0107 mego dobrego F\u00fchrera\u201d.<\/p>\n\n\n\n<p>Tekst ten pasuje chyba dzisiaj do Korei P\u00f3\u0142nocnej. Czy pasuje do wielomilionowej sekty Trumpa? Ciekawe. Mo\u017ce odpowiedz\u0105 blogowicze, zw\u0142aszcza ci zamieszkali w Stanach, ale nie tylko oni.<\/p>\n\n\n\n<p>PS Moim zdaniem budynek Kongresu by\u0142 tak s\u0142abo strze\u017cony, poniewa\u017c nikt nie wyobra\u017ca\u0142 sobie, nikomu nie przysz\u0142o do g\u0142owy, \u017ce urz\u0119duj\u0105cy prezydent b\u0119dzie szczu\u0142 swoich wielbicieli do udania si\u0119 na Kapitol, a oni rzuc\u0105 si\u0119 jak dzicz na swoich okupant\u00f3w. Takiego zdziczenia nie pami\u0119taj\u0105 najstarsi Indianie. Amerykanie maj\u0105 o czym my\u015ble\u0107, ale to samo mo\u017ce zdarzy\u0107 si\u0119 wsz\u0119dzie. Trump odejdzie \u2013 t\u0142uszcza zostanie. Na szcz\u0119\u015bcie my nie trzymamy w domu broni.<\/p>\n","protected":false},"excerpt":{"rendered":"<p>Donald Trump odchodzi w zas\u0142u\u017conej nies\u0142awie i bez klasy. Na szcz\u0119\u015bcie nie b\u0119dzie go na inauguracji Bidena. Teraz lepiej wida\u0107, \u017ce Hillary Clinton by\u0142aby lepsz\u0105 g\u0142ow\u0105 pa\u0144stwa ni\u017c ten bufon z Nowego Jorku.<\/p>\n","protected":false},"author":4,"featured_media":6604,"comment_status":"open","ping_status":"closed","sticky":false,"template":"","format":"standard","meta":{"footnotes":""},"categories":[1],"tags":[],"_links":{"self":[{"href":"https:\/\/blog.polityka.pl\/passent\/wp-json\/wp\/v2\/posts\/6595"}],"collection":[{"href":"https:\/\/blog.polityka.pl\/passent\/wp-json\/wp\/v2\/posts"}],"about":[{"href":"https:\/\/blog.polityka.pl\/passent\/wp-json\/wp\/v2\/types\/post"}],"author":[{"embeddable":true,"href":"https:\/\/blog.polityka.pl\/passent\/wp-json\/wp\/v2\/users\/4"}],"replies":[{"embeddable":true,"href":"https:\/\/blog.polityka.pl\/passent\/wp-json\/wp\/v2\/comments?post=6595"}],"version-history":[{"count":8,"href":"https:\/\/blog.polityka.pl\/passent\/wp-json\/wp\/v2\/posts\/6595\/revisions"}],"predecessor-version":[{"id":6605,"href":"https:\/\/blog.polityka.pl\/passent\/wp-json\/wp\/v2\/posts\/6595\/revisions\/6605"}],"wp:featuredmedia":[{"embeddable":true,"href":"https:\/\/blog.polityka.pl\/passent\/wp-json\/wp\/v2\/media\/6604"}],"wp:attachment":[{"href":"https:\/\/blog.polityka.pl\/passent\/wp-json\/wp\/v2\/media?parent=6595"}],"wp:term":[{"taxonomy":"category","embeddable":true,"href":"https:\/\/blog.polityka.pl\/passent\/wp-json\/wp\/v2\/categories?post=6595"},{"taxonomy":"post_tag","embeddable":true,"href":"https:\/\/blog.polityka.pl\/passent\/wp-json\/wp\/v2\/tags?post=6595"}],"curies":[{"name":"wp","href":"https:\/\/api.w.org\/{rel}","templated":true}]}}