
{"id":660,"date":"2010-01-30T11:18:04","date_gmt":"2010-01-30T10:18:04","guid":{"rendered":"http:\/\/passent.blog.polityka.pl\/?p=660"},"modified":"2010-01-30T11:18:04","modified_gmt":"2010-01-30T10:18:04","slug":"spotkanie-z-danielem-passentem-wideo","status":"publish","type":"post","link":"https:\/\/blog.polityka.pl\/passent\/2010\/01\/30\/spotkanie-z-danielem-passentem-wideo\/","title":{"rendered":"Spotkanie z Danielem Passentem &#8211; wideo"},"content":{"rendered":"<p><strong>Filmowa relacja z premiery ksi\u0105\u017cki &#8222;Pod napi\u0119ciem&#8221; &#8211; autorstwa publicysty POLITYKI i naszego blogera &#8211; Daniela Passenta.<\/strong><\/p>\n<p>26 stycznia 2010 r. odby\u0142o si\u0119 spotkanie zwi\u0105zane z premier\u0105 ksi\u0105\u017cki publicysty &#8222;Polityki&#8221; Daniela Passenta &#8222;Pod napieciem&#8221;. Ksi\u0105\u017cka ta stanowi zbi\u00f3r felieton\u00f3w Passenta publikowanych w &#8222;Polityce&#8221; w latach 2002-2009.<\/p>\n<p><object classid=\"clsid:d27cdb6e-ae6d-11cf-96b8-444553540000\" width=\"425\" height=\"344\" codebase=\"http:\/\/download.macromedia.com\/pub\/shockwave\/cabs\/flash\/swflash.cab#version=6,0,40,0\"><param name=\"allowFullScreen\" value=\"true\" \/><param name=\"allowScriptAccess\" value=\"always\" \/><param name=\"src\" value=\"http:\/\/www.youtube.com\/v\/8lkfQG3L_Xo&amp;color1=0xb1b1b1&amp;color2=0xcfcfcf&amp;hl=pl_PL&amp;feature=player_embedded&amp;fs=1\" \/><embed type=\"application\/x-shockwave-flash\" width=\"425\" height=\"344\" src=\"http:\/\/www.youtube.com\/v\/8lkfQG3L_Xo&amp;color1=0xb1b1b1&amp;color2=0xcfcfcf&amp;hl=pl_PL&amp;feature=player_embedded&amp;fs=1\" allowscriptaccess=\"always\" allowfullscreen=\"true\"><\/embed><\/object><\/p>\n","protected":false},"excerpt":{"rendered":"<p>Filmowa relacja z premiery ksi\u0105\u017cki &#8222;Pod napi\u0119ciem&#8221; &#8211; autorstwa publicysty POLITYKI i naszego blogera &#8211; Daniela Passenta. 26 stycznia 2010 r. odby\u0142o si\u0119 spotkanie zwi\u0105zane z premier\u0105 ksi\u0105\u017cki publicysty &#8222;Polityki&#8221; Daniela Passenta &#8222;Pod napieciem&#8221;. Ksi\u0105\u017cka ta stanowi zbi\u00f3r felieton\u00f3w Passenta publikowanych w &#8222;Polityce&#8221; w latach 2002-2009.<\/p>\n","protected":false},"author":4,"featured_media":0,"comment_status":"open","ping_status":"open","sticky":false,"template":"","format":"standard","meta":{"footnotes":""},"categories":[1],"tags":[],"_links":{"self":[{"href":"https:\/\/blog.polityka.pl\/passent\/wp-json\/wp\/v2\/posts\/660"}],"collection":[{"href":"https:\/\/blog.polityka.pl\/passent\/wp-json\/wp\/v2\/posts"}],"about":[{"href":"https:\/\/blog.polityka.pl\/passent\/wp-json\/wp\/v2\/types\/post"}],"author":[{"embeddable":true,"href":"https:\/\/blog.polityka.pl\/passent\/wp-json\/wp\/v2\/users\/4"}],"replies":[{"embeddable":true,"href":"https:\/\/blog.polityka.pl\/passent\/wp-json\/wp\/v2\/comments?post=660"}],"version-history":[{"count":0,"href":"https:\/\/blog.polityka.pl\/passent\/wp-json\/wp\/v2\/posts\/660\/revisions"}],"wp:attachment":[{"href":"https:\/\/blog.polityka.pl\/passent\/wp-json\/wp\/v2\/media?parent=660"}],"wp:term":[{"taxonomy":"category","embeddable":true,"href":"https:\/\/blog.polityka.pl\/passent\/wp-json\/wp\/v2\/categories?post=660"},{"taxonomy":"post_tag","embeddable":true,"href":"https:\/\/blog.polityka.pl\/passent\/wp-json\/wp\/v2\/tags?post=660"}],"curies":[{"name":"wp","href":"https:\/\/api.w.org\/{rel}","templated":true}]}}