
{"id":6606,"date":"2021-01-10T18:55:51","date_gmt":"2021-01-10T17:55:51","guid":{"rendered":"https:\/\/passent.blog.polityka.pl\/?p=6606"},"modified":"2021-01-10T22:17:40","modified_gmt":"2021-01-10T21:17:40","slug":"policjant-zamiast-sedziego","status":"publish","type":"post","link":"https:\/\/blog.polityka.pl\/passent\/2021\/01\/10\/policjant-zamiast-sedziego\/","title":{"rendered":"Policjant zamiast s\u0119dziego"},"content":{"rendered":"\n<p>Brakuje tylko, \u017ceby policjanci chodzili w togach, z or\u0142em na piersiach i z pa\u0142k\u0105 u boku. \u201ePoselska\u201d inicjatywa, kt\u00f3ra znosi prawo do odmowy przyj\u0119cia mandatu karnego od policjanta, zmierza w kierunku pa\u0144stwa policyjnego. Dotychczas obywatel m\u00f3g\u0142 odm\u00f3wi\u0107 przyj\u0119cia mandatu (np. za wykroczenie drogowe lub niszczenie mienia), wtedy policja kierowa\u0142a spraw\u0119 do s\u0105du, gdzie musia\u0142a udowodni\u0107 win\u0119 osoby ukaranej mandatem. Ci\u0119\u017car dowodu spoczywa\u0142 na policji.<\/p>\n\n\n\n<!--more-->\n\n\n\n<p>Nowy projekt (ewidentnie rz\u0105dowy, ale nazwany poselskim, \u017ceby nie wymaga\u0142 debaty przed z\u0142o\u017ceniem w Sejmie) nie przewiduje mo\u017cliwo\u015bci odmowy przyj\u0119cia mandatu, tylko jego zap\u0142acenie i pisemne odwo\u0142anie si\u0119 w ci\u0105gu siedmiu (!) dni. Obywatel(ka) p\u0142aci i \u2013 jak chce \u2013 musi udowodni\u0107 swoj\u0105 niewinno\u015b\u0107. W b\u0142yskawicznym tempie dostarczy\u0107 dowody, ekspertyzy i inne argumenty na swoj\u0105 korzy\u015b\u0107 w ci\u0105gu siedmiu dni!<\/p>\n\n\n\n<p>W roli s\u0119dziego pierwszej instancji wyst\u0119powa\u0142by policjant \u2013 on wydaje \u201ewyrok\u201d i wymierza kar\u0119. Co wi\u0119cej, kary s\u0105 coraz wy\u017csze, o czym \u015bwiadczy m.in. wysoko\u015b\u0107 kar wymierzanych przez sanepid, id\u0105cych w tysi\u0105ce z\u0142otych.<\/p>\n\n\n\n<p>Nie jestem prawnikiem, ale czuj\u0119, jak pa\u0144stwo nasze staje si\u0119 bardziej policyjne. Uwalniamy policj\u0119 od dowodzenia w s\u0105dzie s\u0142uszno\u015bci wystawienia mandatu, za to obywatela obci\u0105\u017camy obowi\u0105zkiem zap\u0142aty w wysoko\u015bci wymierzonej przez policjanta. Jak chce \u2013 mo\u017ce si\u0119 odwo\u0142a\u0107 i miesi\u0105cami (latami?) czeka\u0107 na ewentualny zwrot swoich pieni\u0119dzy. Wyrok przed spraw\u0105, a wytoczenie sprawy maksymalnie utrudnione.<\/p>\n\n\n\n<p>Nie dziwi\u0119 si\u0119, \u017ce Porozumienie Gowina nie popiera tej inicjatywy. Na szcz\u0119\u015bcie mamy jeszcze prawdziwego Rzecznika Praw Obywatelskich, ale jak d\u0142ugo?<\/p>\n","protected":false},"excerpt":{"rendered":"<p>Brakuje tylko, \u017ceby policjanci chodzili w togach, z or\u0142em na piersiach i z pa\u0142k\u0105 u boku. \u201ePoselska\u201d inicjatywa, kt\u00f3ra znosi prawo do odmowy przyj\u0119cia mandatu karnego od policjanta, zmierza w kierunku pa\u0144stwa policyjnego. Dotychczas obywatel m\u00f3g\u0142 odm\u00f3wi\u0107 przyj\u0119cia mandatu (np. za wykroczenie drogowe lub niszczenie mienia), wtedy policja kierowa\u0142a spraw\u0119 do s\u0105du, gdzie musia\u0142a udowodni\u0107 [&hellip;]<\/p>\n","protected":false},"author":4,"featured_media":6609,"comment_status":"open","ping_status":"closed","sticky":false,"template":"","format":"standard","meta":{"footnotes":""},"categories":[1],"tags":[],"_links":{"self":[{"href":"https:\/\/blog.polityka.pl\/passent\/wp-json\/wp\/v2\/posts\/6606"}],"collection":[{"href":"https:\/\/blog.polityka.pl\/passent\/wp-json\/wp\/v2\/posts"}],"about":[{"href":"https:\/\/blog.polityka.pl\/passent\/wp-json\/wp\/v2\/types\/post"}],"author":[{"embeddable":true,"href":"https:\/\/blog.polityka.pl\/passent\/wp-json\/wp\/v2\/users\/4"}],"replies":[{"embeddable":true,"href":"https:\/\/blog.polityka.pl\/passent\/wp-json\/wp\/v2\/comments?post=6606"}],"version-history":[{"count":3,"href":"https:\/\/blog.polityka.pl\/passent\/wp-json\/wp\/v2\/posts\/6606\/revisions"}],"predecessor-version":[{"id":6610,"href":"https:\/\/blog.polityka.pl\/passent\/wp-json\/wp\/v2\/posts\/6606\/revisions\/6610"}],"wp:featuredmedia":[{"embeddable":true,"href":"https:\/\/blog.polityka.pl\/passent\/wp-json\/wp\/v2\/media\/6609"}],"wp:attachment":[{"href":"https:\/\/blog.polityka.pl\/passent\/wp-json\/wp\/v2\/media?parent=6606"}],"wp:term":[{"taxonomy":"category","embeddable":true,"href":"https:\/\/blog.polityka.pl\/passent\/wp-json\/wp\/v2\/categories?post=6606"},{"taxonomy":"post_tag","embeddable":true,"href":"https:\/\/blog.polityka.pl\/passent\/wp-json\/wp\/v2\/tags?post=6606"}],"curies":[{"name":"wp","href":"https:\/\/api.w.org\/{rel}","templated":true}]}}