
{"id":661,"date":"2010-01-31T23:58:57","date_gmt":"2010-01-31T22:58:57","guid":{"rendered":"http:\/\/passent.blog.polityka.pl\/?p=661"},"modified":"2010-01-31T23:58:57","modified_gmt":"2010-01-31T22:58:57","slug":"echo-z-haiti","status":"publish","type":"post","link":"https:\/\/blog.polityka.pl\/passent\/2010\/01\/31\/echo-z-haiti\/","title":{"rendered":"Echo z Haiti"},"content":{"rendered":"<p><strong>Jako\u015b dziwnie bez echa min\u0119\u0142a wyprawa naszych ratownik\u00f3w z psami na Haiti. <\/strong><\/p>\n<p>Przed wyjazdem bez ko\u0144ca powtarzano, \u017ce specjalna ekipa z 12 specjalnie wyszkolonymi psami poleci na Haiti. W trakcie pobytu naszej\u00a0 ekipy na Haiti, wiele m\u00f3wili o niej wys\u0142annicy polskiej TV (w ka\u017cdym razie Fakty TVN). Po powrocie natomiast \u2013 cicho. Jakie\u015b dziwne milczenie. Widzia\u0142em jedn\u0105 rozmow\u0119 w gazecie (\u017ce by\u0142o strasznie pod ka\u017cdym wzgl\u0119dem) i jeden obszerniejszy artyku\u0142 w \u201eNIE\u201d (nr 5\/2010).<\/p>\n<p>Od trz\u0119sienia ziemi 12\/13 stycznia do wylotu polskiej ekipy 15 stycznia min\u0119\u0142o ok. 2-3 dni. Mia\u0142em wtedy wra\u017cenie, \u017ce decyzja i wylot nast\u0105pi\u0142y p\u00f3\u017ano, nie wiedzia\u0142em jeszcze jakie ogromne komplikacje wyst\u0105pi\u0142y po wyl\u0105dowaniu polskiego samolotu w Dominikanie (nie otrzymali zgody na l\u0105dowanie w Haiti). W rezultacie morderczej, trwaj\u0105cej ok. 50 godzin podr\u00f3\u017cy samolotem, wynaj\u0119tymi autobusami i ci\u0119\u017car\u00f3wkami, wreszcie pieszo, ze sprz\u0119tem na plecach, w ponad 35-stopniowym upale, polscy ratownicy przyst\u0105pili do pracy 17 stycznia. Z artyku\u0142u Maliny B\u0142a\u0144skiej w \u201eNIE\u201d wynika, \u017ce polscy ratownicy mieli ci\u0119\u017cki los, a po\u017cytek z ca\u0142ej wyprawy by\u0142 nieproporcjonalny do wysi\u0142ku.<\/p>\n<p>\u201eNasi ratownicy stawali na \u0142bie, by pom\u00f3c poszkodowanym \u2013 czytamy. \u015awiatowy poziom sprawno\u015bci sprawi\u0142, \u017ce poradzili sobie z akrobacjami, kt\u00f3re przysz\u0142o im odstawia\u0107 tylko dlatego, \u017ce politykom w samaryta\u0144skim szale zebra\u0142o si\u0119 na gest, kt\u00f3ry ju\u017c przed wyjazdem skazany by\u0142 na kl\u0119sk\u0119. Wtedy przecie\u017c by\u0142o wiadomo, \u017ce Haita\u0144czycy zmienili zdanie i nie wpuszcz\u0105 naszych.\u201d<\/p>\n<p>By\u0107 mo\u017ce w obliczu nieszcz\u0119\u015bcia oraz w obliczu imponuj\u0105cej postawy naszych ratownik\u00f3w, politycy i dziennikarze\u00a0 nabrali wody usta. Ja bym jednak ch\u0119tnie przeczyta\u0142 wnioski z wyprawy, jakie\u015b podsumowanie, jakie\u015b sugestie na przysz\u0142o\u015b\u0107. To si\u0119 chyba nale\u017cy ratownikom i spo\u0142ecze\u0144stwu. Podobno tylko 11 pa\u0144stw na \u015bwiecie ma taki zesp\u00f3\u0142 ratownik\u00f3w, jak Polska. Tym bardziej warto si\u0119 dowiedzie\u0107, co oni o tym wszystkim s\u0105dz\u0105.<\/p>\n<p>Na naszym blogu Marek wyra\u017ca si\u0119 z uznaniem o ge\u015bcie Hugo Chaveza, kt\u00f3ry anulowa\u0142 ca\u0142y d\u0142ug Haiti wobec Wenezueli za rop\u0119 naftow\u0105 (1\/3 ca\u0142kowitego\u00a0 zad\u0142u\u017cenia tego kraju). By\u0107 mo\u017ce zamiast m\u0119czy\u0107 ludzi i psy, nale\u017ca\u0142o si\u0119gn\u0105\u0107 do sakiewki? Ale czy i kto m\u00f3g\u0142 to wiedzie\u0107 \u2013 oto jest pytanie.<\/p>\n","protected":false},"excerpt":{"rendered":"<p>Jako\u015b dziwnie bez echa min\u0119\u0142a wyprawa naszych ratownik\u00f3w z psami na Haiti. Przed wyjazdem bez ko\u0144ca powtarzano, \u017ce specjalna ekipa z 12 specjalnie wyszkolonymi psami poleci na Haiti. W trakcie pobytu naszej\u00a0 ekipy na Haiti, wiele m\u00f3wili o niej wys\u0142annicy polskiej TV (w ka\u017cdym razie Fakty TVN). Po powrocie natomiast \u2013 cicho. Jakie\u015b dziwne milczenie. [&hellip;]<\/p>\n","protected":false},"author":4,"featured_media":0,"comment_status":"open","ping_status":"open","sticky":false,"template":"","format":"standard","meta":{"footnotes":""},"categories":[1],"tags":[],"_links":{"self":[{"href":"https:\/\/blog.polityka.pl\/passent\/wp-json\/wp\/v2\/posts\/661"}],"collection":[{"href":"https:\/\/blog.polityka.pl\/passent\/wp-json\/wp\/v2\/posts"}],"about":[{"href":"https:\/\/blog.polityka.pl\/passent\/wp-json\/wp\/v2\/types\/post"}],"author":[{"embeddable":true,"href":"https:\/\/blog.polityka.pl\/passent\/wp-json\/wp\/v2\/users\/4"}],"replies":[{"embeddable":true,"href":"https:\/\/blog.polityka.pl\/passent\/wp-json\/wp\/v2\/comments?post=661"}],"version-history":[{"count":0,"href":"https:\/\/blog.polityka.pl\/passent\/wp-json\/wp\/v2\/posts\/661\/revisions"}],"wp:attachment":[{"href":"https:\/\/blog.polityka.pl\/passent\/wp-json\/wp\/v2\/media?parent=661"}],"wp:term":[{"taxonomy":"category","embeddable":true,"href":"https:\/\/blog.polityka.pl\/passent\/wp-json\/wp\/v2\/categories?post=661"},{"taxonomy":"post_tag","embeddable":true,"href":"https:\/\/blog.polityka.pl\/passent\/wp-json\/wp\/v2\/tags?post=661"}],"curies":[{"name":"wp","href":"https:\/\/api.w.org\/{rel}","templated":true}]}}