
{"id":6611,"date":"2021-01-13T15:21:24","date_gmt":"2021-01-13T14:21:24","guid":{"rendered":"https:\/\/passent.blog.polityka.pl\/?p=6611"},"modified":"2021-01-13T17:13:41","modified_gmt":"2021-01-13T16:13:41","slug":"szczepienie-cywilizacji","status":"publish","type":"post","link":"https:\/\/blog.polityka.pl\/passent\/2021\/01\/13\/szczepienie-cywilizacji\/","title":{"rendered":"Szczepienie cywilizacji"},"content":{"rendered":"\n<p>Mam powa\u017cne obawy, czy akcja szczepionkowa, pardon, Narodowy Program Szczepie\u0144 mo\u017ce si\u0119 u nas powie\u015b\u0107. Oczywi\u015bcie, jestem \u2013 jak ka\u017cdy \u2013 zainteresowany w jego sukcesie. Chcia\u0142bym doczeka\u0107 szczepienia mnie, mojej rodziny i w og\u00f3le wszystkich ch\u0119tnych. Nale\u017c\u0119 do kategorii pierwszej (80+). Chocia\u017c raz trafi\u0142a mi si\u0119 pierwsza kategoria, gdy\u017c normalnie bli\u017cej mi do drugiego, gorszego sortu.<\/p>\n\n\n\n<!--more-->\n\n\n\n<p>Narodowy Program Szczepie\u0144 widz\u0119 jako spotkanie dw\u00f3ch cywilizacji: zachodniej i wschodniej. Cz\u0119sto s\u0142ysz\u0119 w przem\u00f3wieniach prezydenta, prezesa, ministra Ziobry, hierarch\u00f3w Ko\u015bcio\u0142a, a tak\u017ce w mediach rz\u0105dowych akcenty wskazuj\u0105ce na rzekom\u0105 wy\u017cszo\u015b\u0107 naszej cywilizacji. Zach\u00f3d to dekadencja, rozk\u0142ad, \u015blepy zau\u0142ek. Cywilizacja zachodnia jest \u201ecywilizacj\u0105 \u015bmierci\u201d \u2013 nasza jest \u201ecywilizacj\u0105 \u017cycia\u201d. Dotyczy to nie tylko przerywana ci\u0105\u017cy. Powie wam to ka\u017cdy ksi\u0105dz, (prawie) ka\u017cdy cz\u0142onek i dzia\u0142acz PiS, Solidarnych i Porozumienia.<\/p>\n\n\n\n<p>Tymczasem to \u201ecywilizacja \u015bmierci\u201d w kilku krajach stworzy\u0142a kolejne szczepionki przeciwko covid-19 i sprzedaje je na ca\u0142y \u015bwiat, czyli mo\u017cna powiedzie\u0107, \u017ce cywilizacja \u015bmierci ratuje cywilizacj\u0119 \u017cycia. Co wi\u0119cej, dzia\u0142aj\u0105c za po\u015brednictwem Unii Europejskiej (acz podobno z pewnym op\u00f3\u017anieniem), \u201ecywilizacja \u015bmierci\u201d skoordynowa\u0142a zam\u00f3wienie szczepionek dla ka\u017cdego kraju \u201ecywilizacji \u017cycia\u201d wedle liczby jego ludno\u015bci.<\/p>\n\n\n\n<p>Zbiorowe zam\u00f3wienie da\u0142o Unii silniejsz\u0105 pozycj\u0119 przetargow\u0105 w negocjowaniu ceny. Nie rozwi\u0105za\u0142o to wszystkich problem\u00f3w, m\u00f3wi si\u0119, \u017ce niekt\u00f3re kraje negocjuj\u0105 z producentami dodatkowe dostawy, inne \u2013 jak Izrael, Wielka Brytania, nieb\u0119d\u0105ce w Unii Europejskiej \u2013 tak wcze\u015bnie i energicznie organizowa\u0142y sobie dostawy, \u017ce nic nie jest w stanie ich powstrzyma\u0107.<\/p>\n\n\n\n<p>Tak czy owak \u2013 to zachodnia \u201ecywilizacja \u015bmierci\u201d ratuje nasz\u0105 \u201ecywilizacj\u0119 \u017cycia\u201d. Bez cywilizacji \u015bmierci nasza cywilizacja d\u0142ugo jeszcze by\u0142aby bezbronna wobec pandemii. Obserwujemy co\u015b w rodzaju modyfikacji planu Marshalla. Musimy p\u0142aci\u0107, ale na szcz\u0119\u015bcie jest komu i za co.<\/p>\n\n\n\n<p>Tu zaczynaj\u0105 si\u0119 schody. Teraz \u201ecywilizacja \u017cycia\u201d musi wykona\u0107 gigantyczn\u0105 operacj\u0119 \u2013 zorganizowa\u0107 tysi\u0105ce ekip i punkt\u00f3w szczepie\u0144, niekt\u00f3re z nich ruchome, dysponowa\u0107 rejestrem ludno\u015bci z rozbiciem na kategorie wiekowe, w tym ch\u0119tnych na szczepienie, opracowa\u0107 kalendarz szczepie\u0144, spowodowa\u0107, \u017ceby ka\u017cdy (-a) uprawniony wiedzia\u0142 (i to nie w ostatniej chwili), gdzie i kiedy ma si\u0119 stawi\u0107 na szczepienie. No i, oczywi\u015bcie, \u017ceby czeka\u0142a na niego szczepionka (nieprzedawniona) plus ca\u0142e oprzyrz\u0105dowanie, lod\u00f3wka, ig\u0142y, plastry itd. Oznacza to gigantyczn\u0105 operacj\u0119 transportow\u0105. Wszystko to powinno dzia\u0142a\u0107 jak zegarek. Nie jest to nasz\u0105 specjalno\u015bci\u0105.<\/p>\n\n\n\n<p>Je\u017celi zdamy ten egzamin, to nast\u0105pi cud i pow\u00f3d do chwa\u0142y. Oznacza\u0142oby to, \u017ce Polska awansuje z \u201ecywilizacji \u017cycia\u201d do \u201ecywilizacji \u015bmierci\u201d.<\/p>\n","protected":false},"excerpt":{"rendered":"<p>Mam powa\u017cne obawy, czy akcja szczepionkowa, pardon, Narodowy Program Szczepie\u0144 mo\u017ce si\u0119 u nas powie\u015b\u0107. Oczywi\u015bcie, jestem \u2013 jak ka\u017cdy \u2013 zainteresowany w jego sukcesie. Chcia\u0142bym doczeka\u0107 szczepienia mnie, mojej rodziny i w og\u00f3le wszystkich ch\u0119tnych. Nale\u017c\u0119 do kategorii pierwszej (80+). Chocia\u017c raz trafi\u0142a mi si\u0119 pierwsza kategoria, gdy\u017c normalnie bli\u017cej mi do drugiego, gorszego [&hellip;]<\/p>\n","protected":false},"author":4,"featured_media":6614,"comment_status":"open","ping_status":"closed","sticky":false,"template":"","format":"standard","meta":{"footnotes":""},"categories":[1],"tags":[],"_links":{"self":[{"href":"https:\/\/blog.polityka.pl\/passent\/wp-json\/wp\/v2\/posts\/6611"}],"collection":[{"href":"https:\/\/blog.polityka.pl\/passent\/wp-json\/wp\/v2\/posts"}],"about":[{"href":"https:\/\/blog.polityka.pl\/passent\/wp-json\/wp\/v2\/types\/post"}],"author":[{"embeddable":true,"href":"https:\/\/blog.polityka.pl\/passent\/wp-json\/wp\/v2\/users\/4"}],"replies":[{"embeddable":true,"href":"https:\/\/blog.polityka.pl\/passent\/wp-json\/wp\/v2\/comments?post=6611"}],"version-history":[{"count":3,"href":"https:\/\/blog.polityka.pl\/passent\/wp-json\/wp\/v2\/posts\/6611\/revisions"}],"predecessor-version":[{"id":6615,"href":"https:\/\/blog.polityka.pl\/passent\/wp-json\/wp\/v2\/posts\/6611\/revisions\/6615"}],"wp:featuredmedia":[{"embeddable":true,"href":"https:\/\/blog.polityka.pl\/passent\/wp-json\/wp\/v2\/media\/6614"}],"wp:attachment":[{"href":"https:\/\/blog.polityka.pl\/passent\/wp-json\/wp\/v2\/media?parent=6611"}],"wp:term":[{"taxonomy":"category","embeddable":true,"href":"https:\/\/blog.polityka.pl\/passent\/wp-json\/wp\/v2\/categories?post=6611"},{"taxonomy":"post_tag","embeddable":true,"href":"https:\/\/blog.polityka.pl\/passent\/wp-json\/wp\/v2\/tags?post=6611"}],"curies":[{"name":"wp","href":"https:\/\/api.w.org\/{rel}","templated":true}]}}