
{"id":6617,"date":"2021-01-17T16:16:22","date_gmt":"2021-01-17T15:16:22","guid":{"rendered":"https:\/\/passent.blog.polityka.pl\/?p=6617"},"modified":"2021-01-17T20:10:28","modified_gmt":"2021-01-17T19:10:28","slug":"przekaz-dnia-lapaj-zlodzieja","status":"publish","type":"post","link":"https:\/\/blog.polityka.pl\/passent\/2021\/01\/17\/przekaz-dnia-lapaj-zlodzieja\/","title":{"rendered":"Przekaz dnia: \u0142apaj z\u0142odzieja!"},"content":{"rendered":"\n<p>Prezes Kaczy\u0144ski i jego partia nie mog\u0105 \u017cy\u0107 bez walki, a wi\u0119c i bez wroga. Raz s\u0105 nimi postkomunistyczne z\u0142ogi, kiedy indziej \u201etotalna opozycja\u201d, jeszcze innym razem Unia Europejska i pozbawiony warto\u015bci Zach\u00f3d. Tym razem prezes wskazuje na wrog\u00f3w ojczyzny, rodziny i wolno\u015bci.<\/p>\n\n\n\n<!--more-->\n\n\n\n<p>Oczywi\u015bcie, Kaczy\u0144ski zawsze stoi po stronie tych warto\u015bci, ale dzi\u015b s\u0105 one zagro\u017cone szczeg\u00f3lnie. W przem\u00f3wieniu wyg\u0142oszonym w ko\u015bciele (!) w Starachowicach duchowy przyw\u00f3dca obozu w\u0142adzy napi\u0119tnowa\u0142 z\u0142o, kt\u00f3re atakuje ojczyzn\u0119, nar\u00f3d, Ko\u015bci\u00f3\u0142. \u201eId\u0105 z\u0142e czasy dla ludzi kochaj\u0105cych ojczyzn\u0119, nar\u00f3d, Ko\u015bci\u00f3\u0142\u201d \u2013 powiedzia\u0142.<\/p>\n\n\n\n<p>W \u015blad za Kaczy\u0144skim pod\u0105\u017cy\u0142 jego pupil Jacek Kurski, kt\u00f3ry od razu zorientowa\u0142 si\u0119, z kt\u00f3rej strony wiatr wieje. W wywiadzie dla partyjnego organu \u201eSieci\u201d powiedzia\u0142 m.in., nie omieszkawszy si\u0119 pochwali\u0107: \u201eIdzie ta sama walka o wolno\u015b\u0107, kt\u00f3r\u0105 kiedy\u015b w podziemnej Solidarno\u015bci w Gda\u0144sku rozpocz\u0105\u0142em jako licealista, a potem student, w walce z komun\u0105\u201d.<\/p>\n\n\n\n<p>Im bardziej w\u0142adza ogranicza swobody, np. projektuj\u0105c odebranie obywatelom prawa do odmowy przyj\u0119cia mandatu, im bardziej si\u0119 kompromituje (patrz ta\u015bmy z Wa\u0142brzycha i rozwi\u0105zanie tamtejszej organizacji PiS), im bardziej \u0142\u017c\u0105 media pa\u0144stwowe, tym g\u0142o\u015bniej Kaczy\u0144ski i Kurski krzycz\u0105 \u201e\u0142apaj z\u0142odzieja!\u201d. I to nawet w ko\u015bciele, podczas mszy z okazji \u00f3smej rocznicy \u015bmierci matki wicepremiera.<\/p>\n\n\n\n<p>To kolejny przyk\u0142ad sojuszu o\u0142tarza i tronu, Ko\u015bcio\u0142a i w\u0142adzy. \u201ePrawdziwym zagro\u017ceniem dla Polski \u2013 czyli kraju, w kt\u00f3rym wszyscy chcemy \u017cy\u0107 w wolno\u015bci i r\u00f3\u017cnorodno\u015bci \u2013 jest w\u0142a\u015bnie instytucja Ko\u015bcio\u0142a i jej urz\u0119dniczy establishment\u201d. I dalej: \u201eNie wiem, kiedy w najnowszej historii Polski Ko\u015bci\u00f3\u0142 odgrywa\u0142 tak destrukcyjn\u0105 rol\u0119 jak teraz\u201d \u2013 pisze prof. Jacek Leociak w nowej ksi\u0105\u017cce \u201eWieczne strapienie\u201d. \u201e\u017badnych kompromis\u00f3w z urz\u0119dniczym establishmentem ko\u015bcielnym, \u017cadnych koncesji na rzecz tej skorumpowanej i skompromitowanej instytucji w\u0142adzy. Pan Jezus sobie poradzi bez tego ca\u0142ego episkopatu. Jestem tego pewien\u201d, pisze Leociak.<\/p>\n\n\n\n<p>Polecam t\u0119 ksi\u0105\u017ck\u0119 szczeg\u00f3lnie obu prezesom \u2013 Kaczy\u0144skiemu i Kurskiemu. Znajd\u0105 tam moc dowod\u00f3w, \u017ce ojczyzna, Ko\u015bci\u00f3\u0142 i Nar\u00f3d s\u0105 w niebezpiecze\u0144stwie.<\/p>\n","protected":false},"excerpt":{"rendered":"<p>Prezes Kaczy\u0144ski i jego partia nie mog\u0105 \u017cy\u0107 bez walki, a wi\u0119c i bez wroga. Raz s\u0105 nimi postkomunistyczne z\u0142ogi, kiedy indziej \u201etotalna opozycja\u201d, jeszcze innym razem Unia Europejska i pozbawiony warto\u015bci Zach\u00f3d. Tym razem prezes wskazuje na wrog\u00f3w ojczyzny, rodziny i wolno\u015bci.<\/p>\n","protected":false},"author":4,"featured_media":6471,"comment_status":"open","ping_status":"closed","sticky":false,"template":"","format":"standard","meta":{"footnotes":""},"categories":[1],"tags":[],"_links":{"self":[{"href":"https:\/\/blog.polityka.pl\/passent\/wp-json\/wp\/v2\/posts\/6617"}],"collection":[{"href":"https:\/\/blog.polityka.pl\/passent\/wp-json\/wp\/v2\/posts"}],"about":[{"href":"https:\/\/blog.polityka.pl\/passent\/wp-json\/wp\/v2\/types\/post"}],"author":[{"embeddable":true,"href":"https:\/\/blog.polityka.pl\/passent\/wp-json\/wp\/v2\/users\/4"}],"replies":[{"embeddable":true,"href":"https:\/\/blog.polityka.pl\/passent\/wp-json\/wp\/v2\/comments?post=6617"}],"version-history":[{"count":5,"href":"https:\/\/blog.polityka.pl\/passent\/wp-json\/wp\/v2\/posts\/6617\/revisions"}],"predecessor-version":[{"id":6623,"href":"https:\/\/blog.polityka.pl\/passent\/wp-json\/wp\/v2\/posts\/6617\/revisions\/6623"}],"wp:featuredmedia":[{"embeddable":true,"href":"https:\/\/blog.polityka.pl\/passent\/wp-json\/wp\/v2\/media\/6471"}],"wp:attachment":[{"href":"https:\/\/blog.polityka.pl\/passent\/wp-json\/wp\/v2\/media?parent=6617"}],"wp:term":[{"taxonomy":"category","embeddable":true,"href":"https:\/\/blog.polityka.pl\/passent\/wp-json\/wp\/v2\/categories?post=6617"},{"taxonomy":"post_tag","embeddable":true,"href":"https:\/\/blog.polityka.pl\/passent\/wp-json\/wp\/v2\/tags?post=6617"}],"curies":[{"name":"wp","href":"https:\/\/api.w.org\/{rel}","templated":true}]}}