
{"id":6630,"date":"2021-01-23T17:21:40","date_gmt":"2021-01-23T16:21:40","guid":{"rendered":"https:\/\/passent.blog.polityka.pl\/?p=6630"},"modified":"2021-01-23T21:40:34","modified_gmt":"2021-01-23T20:40:34","slug":"trump-odszedl-duda-zostaje","status":"publish","type":"post","link":"https:\/\/blog.polityka.pl\/passent\/2021\/01\/23\/trump-odszedl-duda-zostaje\/","title":{"rendered":"Trump odszed\u0142, Duda zostaje"},"content":{"rendered":"\n<p>Wola\u0142bym odwrotnie. Trump by nadal przyje\u017cd\u017ca\u0142, sprzedawa\u0142 nam armaty z obs\u0142ug\u0105 i wyje\u017cd\u017ca\u0142 gra\u0107 w golfa. Duda zostaje i m\u00f3wi bez sensu, wystawiaj\u0105c sobie i nam (bo to my jako nar\u00f3d dwukrotnie go wybrali\u015bmy) kiepskie \u015bwiadectwo.<\/p>\n\n\n\n<!--more-->\n\n\n\n<p>W rozmowie z red. Sk\u00f3rzy\u0144skim (TVN) prezydent m\u00f3wi, \u017ce je\u015bli prokuratorzy nie s\u0105 zadowoleni, \u017ce Ziobro i \u015awi\u0119czkowski wysy\u0142a ich do odleg\u0142ych prokuratur, to jako prawnicy mog\u0105 zmieni\u0107 zaw\u00f3d na adwokata czy radc\u0119. Nikt nie zmusza do pracy w prokuraturze \u2013 powiedzia\u0142 prezydent. Uwa\u017cam t\u0119 wypowied\u017a za aroganck\u0105 i niem\u0105dr\u0105, wr\u0119cz \u017ca\u0142osn\u0105. Nie chodzi o to, kto jaki zaw\u00f3d wybra\u0142, tylko o metody traktowania prokurator\u00f3w, zw\u0142aszcza krytycznych wobec prokuratury. Jak mo\u017cna kara\u0107 niepokornych zes\u0142aniem (bez ich zgody i uprzedniej rozmowy) w ci\u0105gu 48 godzin? To po prostu post\u0119powanie oburzaj\u0105ce, chamstwo.<\/p>\n\n\n\n<p>Duda udaje, \u017ce nie wie, o co chodzi, radzi zmieni\u0107 zaw\u00f3d. Panie Prezydencie, przecie\u017c tu nie chodzi o zmian\u0119 zawodu, tylko o zmian\u0119 prokuratury!<\/p>\n\n\n\n<p>Nast\u0119pnie \u201eprezydent wszystkich Polak\u00f3w\u201d m\u00f3wi, \u017ce jest przeciwnikiem aborcji eugenicznej, nie powinno by\u0107 tak, \u017ce gdy p\u0142\u00f3d, dziecko jest dotkni\u0119te wad\u0105, to mo\u017ce by\u0107 \u201ezamordowane przez aborcj\u0119\u201d. Pogl\u0105dy i j\u0119zyk Andrzeja Dudy w tej sprawie \u015bwiadcz\u0105 o tym, \u017ce nie jest on prezydentem wszystkich Polak\u00f3w, a zw\u0142aszcza Polek. Bardziej jest prezydentem pani Godek i jej podobnych ni\u017c tych ze Strajku Kobiet. Nie potrafi si\u0119 postawi\u0107 poza sporem.<\/p>\n\n\n\n<p>Rewelacyjna jest opinia prezydenta na temat metod stosowanych wobec demonstrant\u00f3w. Jego zdaniem policja dzia\u0142a znakomicie. Jak kto\u015b znalaz\u0142 si\u0119 w \u201em\u0142ynie\u201d, czyli w \u015brodku konfliktu, to musi si\u0119 liczy\u0107 ze skutkami. Najlepszym dowodem, \u017ce policja dzia\u0142a OK, jest brak ofiar \u015bmiertelnych. Nie ma trupa \u2013 nie ma sprawy. Podczas gdy w takiej Francji czy w USA trup si\u0119 g\u0119sto \u015bciele.<\/p>\n\n\n\n<p>Szanowny prezydent nie widzi r\u00f3\u017cnicy pomi\u0119dzy pokojow\u0105 manifestacj\u0105 kobiet i m\u0142odzie\u017cy a szalej\u0105cym i cz\u0119sto uzbrojonym (bo w USA co drugi cz\u0142owiek ma bro\u0144 paln\u0105) \u017cywio\u0142em. Do tego dochodzi czynnik rasowy, zaostrzaj\u0105cy konflikt we Francji i Stanach. Je\u017celi prezydent nie widzi tej r\u00f3\u017cnicy, to mo\u017cna tylko za\u0142ama\u0107 r\u0119ce.<\/p>\n\n\n\n<p>Kolejny trup \u2013 tym razem w szafie. Podczas ostatniej wizyty w Bia\u0142ym Domu Duda obieca\u0142, \u017ce polscy uczeni przy\u0142\u0105cz\u0105 si\u0119 do ameryka\u0144skich pracuj\u0105cych nad szczepionk\u0105, po czym Polska jako jedna z pierwszych dostanie szczepionk\u0119. By\u0142 to fake news, gdy\u017c prezydent USA nie jest w\u0142a\u015bcicielem szczepionek, kt\u00f3re produkuj\u0105 firmy prywatne, fabryk pa\u0144stwowych w Stanach chyba nie ma. Zapytany, gdzie s\u0105 szczepionki z USA, prezydent Duda chce nas przekona\u0107, \u017ce rz\u0105d polski przyj\u0105\u0142 opcj\u0119 europejsk\u0105, kt\u00f3r\u0105 i on uzna\u0142 za swoj\u0105. Czy kto\u015b uwierzy, \u017ce jad\u0105c do USA, prezydent nie wiedzia\u0142, gdzie Polska kupuje szczepionki?<\/p>\n\n\n\n<p>W sprawie niefortunnych gratulacji dla Joego Bidena Duda okaza\u0142 si\u0119 niez\u0142omny. Te jego ch\u0142odne i sk\u0105pe gratulacje wst\u0119pne i kolejne, po podliczeniu g\u0142os\u00f3w elektor\u00f3w, by\u0142y w\u0142a\u015bciwe (reszta \u015bwiata, poza Putinem, by\u0142a w b\u0142\u0119dzie). Najlepszy dow\u00f3d &#8211; \u017ce Biden odpisa\u0142, wyra\u017caj\u0105c nadziej\u0119 na dobr\u0105 wsp\u00f3\u0142prac\u0119.<\/p>\n\n\n\n<p>Szturmu na Kapitol, do kt\u00f3rego Trump walnie si\u0119 przyczyni\u0142, polski prezydent nie pot\u0119pi\u0142 i trwa\u0142 przy tym, \u017ce to wewn\u0119trzna sprawa Stan\u00f3w Zjednoczonych. A Trumpa \u201ebardzo lubi\u201d. Co prawda gustu prezydenta nie podzielam, ale lojalno\u015b\u0107 doceniam.<\/p>\n","protected":false},"excerpt":{"rendered":"<p>Wola\u0142bym odwrotnie. Trump by nadal przyje\u017cd\u017ca\u0142, sprzedawa\u0142 nam armaty z obs\u0142ug\u0105 i wyje\u017cd\u017ca\u0142 gra\u0107 w golfa. Duda zostaje i m\u00f3wi bez sensu, wystawiaj\u0105c sobie i nam (bo to my jako nar\u00f3d dwukrotnie go wybrali\u015bmy) kiepskie \u015bwiadectwo.<\/p>\n","protected":false},"author":4,"featured_media":6633,"comment_status":"open","ping_status":"closed","sticky":false,"template":"","format":"standard","meta":{"footnotes":""},"categories":[1],"tags":[],"_links":{"self":[{"href":"https:\/\/blog.polityka.pl\/passent\/wp-json\/wp\/v2\/posts\/6630"}],"collection":[{"href":"https:\/\/blog.polityka.pl\/passent\/wp-json\/wp\/v2\/posts"}],"about":[{"href":"https:\/\/blog.polityka.pl\/passent\/wp-json\/wp\/v2\/types\/post"}],"author":[{"embeddable":true,"href":"https:\/\/blog.polityka.pl\/passent\/wp-json\/wp\/v2\/users\/4"}],"replies":[{"embeddable":true,"href":"https:\/\/blog.polityka.pl\/passent\/wp-json\/wp\/v2\/comments?post=6630"}],"version-history":[{"count":3,"href":"https:\/\/blog.polityka.pl\/passent\/wp-json\/wp\/v2\/posts\/6630\/revisions"}],"predecessor-version":[{"id":6634,"href":"https:\/\/blog.polityka.pl\/passent\/wp-json\/wp\/v2\/posts\/6630\/revisions\/6634"}],"wp:featuredmedia":[{"embeddable":true,"href":"https:\/\/blog.polityka.pl\/passent\/wp-json\/wp\/v2\/media\/6633"}],"wp:attachment":[{"href":"https:\/\/blog.polityka.pl\/passent\/wp-json\/wp\/v2\/media?parent=6630"}],"wp:term":[{"taxonomy":"category","embeddable":true,"href":"https:\/\/blog.polityka.pl\/passent\/wp-json\/wp\/v2\/categories?post=6630"},{"taxonomy":"post_tag","embeddable":true,"href":"https:\/\/blog.polityka.pl\/passent\/wp-json\/wp\/v2\/tags?post=6630"}],"curies":[{"name":"wp","href":"https:\/\/api.w.org\/{rel}","templated":true}]}}