
{"id":6653,"date":"2021-02-09T12:14:44","date_gmt":"2021-02-09T11:14:44","guid":{"rendered":"https:\/\/passent.blog.polityka.pl\/?p=6653"},"modified":"2021-02-09T14:31:34","modified_gmt":"2021-02-09T13:31:34","slug":"wiesci-z-piaskownicy-2","status":"publish","type":"post","link":"https:\/\/blog.polityka.pl\/passent\/2021\/02\/09\/wiesci-z-piaskownicy-2\/","title":{"rendered":"Wie\u015bci z piaskownicy"},"content":{"rendered":"\n<p>Skandal w Porozumieniu Jaros\u0142awa Gowina przypomina (przynajmniej z tytu\u0142u) komedi\u0119 filmow\u0105 \u201eSkandal w Clochemerle\u201d z 1948 r. Sytuacja jest bowiem komiczna i tragiczna.<\/p>\n\n\n\n<!--more-->\n\n\n\n<p>Powa\u017cni, wydawa\u0142oby si\u0119, ludzie, prezes partii swojego imienia, wicepremier Gowin, odpowiedzialny za \u2013 drobiazg \u2013 gospodark\u0119, rozw\u00f3j i prac\u0119, ma zosta\u0107 \u201eobalony\u201d przez jednego z najbardziej znanych dzia\u0142aczy tej partii Adama Bielana, europos\u0142a i polityka bliskiego samego ojca chrzestnego rz\u0105dz\u0105cej prawicy, czyli Jaros\u0142awa Kaczy\u0144skiego. W tym tr\u00f3jk\u0105cie rozgrywa si\u0119 fabu\u0142a.<\/p>\n\n\n\n<p>M\u015bciwy i pami\u0119tliwy prezes Kaczy\u0144ski ma na celowniku Gowina, kt\u00f3ry mu si\u0119 narazi\u0142, obalaj\u0105c projekt wybor\u00f3w pocztowych w trakcie pandemii, co by\u0142o upokorzeniem prezesa i ogromnym kosztem dla ca\u0142ego pa\u0144stwa. Europose\u0142 Adam Bielan od d\u0142u\u017cszego czasu zbiera haki na swojego partyjnego lidera Gowina. Ten ostatni co prawda jest szefem partii, ale grunt pali mu si\u0119 pod nogami. A to kto\u015b odchodzi z jego partii, a teraz wybucha mu pod nosem granat, rzucony przez jego w\u0142asnego europos\u0142a Bielana, zapewne na sygna\u0142 (lub co najmniej za wiedz\u0105) ojca chrzestnego rz\u0105dz\u0105cej koalicji, prezesa partii rz\u0105dz\u0105cej i wicepremiera Kaczy\u0144skiego.<\/p>\n\n\n\n<p>Tak oto jeden wicepremier i lider partii wchodz\u0105cej w sk\u0142ad koalicji rz\u0105dz\u0105cej usi\u0142uje wyko\u0144czy\u0107 drugiego wicepremiera, lidera i koalicjanta. Jaka\u017c to jest koalicja, w kt\u00f3rej wicepremier (Kaczy\u0144ski) odpowiedzialny za bezpiecze\u0144stwo kraju (przede wszystkim wewn\u0119trzne, bo zagranica mu nie zagra\u017ca) zwalcza drugiego wicepremiera, wysy\u0142aj\u0105c przeciw niemu europos\u0142a, kt\u00f3ry \u201eodkry\u0142\u201d to, co wszyscy wiedz\u0105, \u017ce mianowicie kadencja przewodnicz\u0105cego Gowina sko\u0144czy\u0142a si\u0119 ponad dwa lata temu i jest on \u201euzurpatorem\u201d, kt\u00f3ry z\u0142ama\u0142 prawo, a papiery pokaza\u0142y, \u017ce kancelaria tej partii to istna stajnia Augiasza. Zamachowiec Bielan uwa\u017ca, \u017ce zgodnie ze statutem to on jest przewodnicz\u0105cym partii, ale popar\u0142o go zaledwie kilku deputowanych tej partii \u2013 pozostali nie przy\u0142\u0105czyli si\u0119 do puczu i stan\u0119li murem za swoim prezesem Gowinem.<\/p>\n\n\n\n<p>Niefortunny zamachowiec Bielan nazajutrz po nieudanej pr\u00f3bie puczu zosta\u0142 przyj\u0119ty czy wr\u0119cz wezwany przez ojca chrzestnego, gdzie \u2013 jak si\u0119 domy\u015blamy \u2013 weso\u0142o nie by\u0142o.<\/p>\n\n\n\n<p>Ca\u0142a tr\u00f3jka zosta\u0142a o\u015bmieszona. Bielan jako nieudany spiskowiec, Gowin jako prezes i wicepremier, kt\u00f3remu zagra\u017ca najbli\u017csze otoczenie, no i wreszcie Kaczy\u0144ski &#8211; jako gracz i intrygant. Wszyscy zostali skompromitowani. W kraju szaleje pandemia, ka\u017cdego dnia umiera kilkaset os\u00f3b, gospodarka po raz pierwszy od 30 lat zwija si\u0119, a nie rozwija, rz\u0105d miota si\u0119 pomi\u0119dzy luzowaniem a zaostrzaniem przepis\u00f3w, a politycy zamiast co\u015b wsp\u00f3lnie budowa\u0107, obrzucaj\u0105 si\u0119 piachem jak w piaskownicy.<\/p>\n","protected":false},"excerpt":{"rendered":"<p>Skandal w Porozumieniu Jaros\u0142awa Gowina przypomina (przynajmniej z tytu\u0142u) komedi\u0119 filmow\u0105 \u201eSkandal w Clochemerle\u201d z 1948 r. Sytuacja jest bowiem komiczna i tragiczna.<\/p>\n","protected":false},"author":4,"featured_media":6656,"comment_status":"open","ping_status":"closed","sticky":false,"template":"","format":"standard","meta":{"footnotes":""},"categories":[1],"tags":[],"_links":{"self":[{"href":"https:\/\/blog.polityka.pl\/passent\/wp-json\/wp\/v2\/posts\/6653"}],"collection":[{"href":"https:\/\/blog.polityka.pl\/passent\/wp-json\/wp\/v2\/posts"}],"about":[{"href":"https:\/\/blog.polityka.pl\/passent\/wp-json\/wp\/v2\/types\/post"}],"author":[{"embeddable":true,"href":"https:\/\/blog.polityka.pl\/passent\/wp-json\/wp\/v2\/users\/4"}],"replies":[{"embeddable":true,"href":"https:\/\/blog.polityka.pl\/passent\/wp-json\/wp\/v2\/comments?post=6653"}],"version-history":[{"count":5,"href":"https:\/\/blog.polityka.pl\/passent\/wp-json\/wp\/v2\/posts\/6653\/revisions"}],"predecessor-version":[{"id":6660,"href":"https:\/\/blog.polityka.pl\/passent\/wp-json\/wp\/v2\/posts\/6653\/revisions\/6660"}],"wp:featuredmedia":[{"embeddable":true,"href":"https:\/\/blog.polityka.pl\/passent\/wp-json\/wp\/v2\/media\/6656"}],"wp:attachment":[{"href":"https:\/\/blog.polityka.pl\/passent\/wp-json\/wp\/v2\/media?parent=6653"}],"wp:term":[{"taxonomy":"category","embeddable":true,"href":"https:\/\/blog.polityka.pl\/passent\/wp-json\/wp\/v2\/categories?post=6653"},{"taxonomy":"post_tag","embeddable":true,"href":"https:\/\/blog.polityka.pl\/passent\/wp-json\/wp\/v2\/tags?post=6653"}],"curies":[{"name":"wp","href":"https:\/\/api.w.org\/{rel}","templated":true}]}}