
{"id":6673,"date":"2021-02-18T23:30:28","date_gmt":"2021-02-18T22:30:28","guid":{"rendered":"https:\/\/passent.blog.polityka.pl\/?p=6673"},"modified":"2021-02-19T01:01:31","modified_gmt":"2021-02-19T00:01:31","slug":"platforma-laduje-na-marsie","status":"publish","type":"post","link":"https:\/\/blog.polityka.pl\/passent\/2021\/02\/18\/platforma-laduje-na-marsie\/","title":{"rendered":"Platforma l\u0105duje na Marsie"},"content":{"rendered":"\n<p>W czwartek 18 lutego 2021 r. mia\u0142y miejsce dwa historyczne wydarzenia. Ameryka\u0144ski \u0142azik Perseverance (wytrwa\u0142o\u015b\u0107) genialnie wyl\u0105dowa\u0142 na Marsie, a Platforma Obywatelska po d\u0142u\u017cszym pobycie w kosmosie da\u0142a pierwsze oznaki \u017cycia.<\/p>\n\n\n\n<!--more-->\n\n\n\n<p>Od wielu miesi\u0119cy Platforma by\u0142a w stanie u\u015bpienia. Wielu jej kibic\u00f3w, zw\u0142aszcza w mediach, bezskutecznie usi\u0142owa\u0142o j\u0105 wybudzi\u0107. Domagano si\u0119 przede wszystkim programu, programu i jeszcze raz programu. Jak pisz\u0105 grafomani: Platforma \u201ejak kania d\u017cd\u017cu\u201d potrzebowa\u0142a programu, \u017ceby nie by\u0107 \u201etotaln\u0105 opozycj\u0105\u201d i parti\u0105 wy\u0142\u0105cznie reaktywn\u0105, recenzuj\u0105c\u0105 post\u0119powanie PiS, kt\u00f3ry ustala\u0142 porz\u0105dek dzienny i dyktowa\u0142 agend\u0119. Te oczekiwania PO wreszcie zaczyna spe\u0142nia\u0107. Po pierwsze, powraca do \u017cycia, znajdzie si\u0119 w centrum wydarze\u0144. Po drugie, urodzi\u0142a swoje stanowisko w sprawie aborcji.<\/p>\n\n\n\n<p>Do zaj\u0119cia stanowiska w tej delikatnej materii zmusi\u0142a Platform\u0119 decyzja Trybuna\u0142u Konstytucyjnego Madame Przy\u0142\u0119bskiej z 22 pa\u017adziernika ubieg\u0142ego roku, praktycznie uniemo\u017cliwiaj\u0105ca legaln\u0105 aborcj\u0119 w Polsce. Temat podrzuci\u0142 M-me Przy\u0142\u0119bskiej prezes Kaczy\u0144ski. Orzeczenie TK wywo\u0142a\u0142o fal\u0119 protest\u00f3w, wobec kt\u00f3rej PO nie mog\u0142a pozosta\u0107 oboj\u0119tna i d\u0142u\u017cej milcze\u0107. Kaczy\u0144ski zaciera\u0142 r\u0105czki, a Platforma \u2013 partia szerokiego centrum \u2013 wi\u0142a si\u0119 i miota\u0142a od skrzyd\u0142a konserwatywnego po partyjn\u0105 lewic\u0119, a wszystko to w atmosferze Strajku Kobiet, pa\u0142owania i dywersji ze strony ruchu Polska 2050 Szymona Ho\u0142owni.<\/p>\n\n\n\n<p>Wreszcie Platforma urodzi\u0142a, zrobi\u0142a wyra\u017any krok w kierunku liberalizacji prawa aborcyjnego. M\u00f3wi\u0105c wprost: otworzy\u0142a dost\u0119p do aborcji po ka\u017cdorazowej \u201ekonsultacji\u201d z lekarzem i psychologiem. Teraz PO czeka trudny okres: kilku pos\u0142\u00f3w konserwatywnych mo\u017ce parti\u0119 opu\u015bci\u0107 (Ho\u0142ownia i Kaczy\u0144ski przyjm\u0105 ich do siebie), a prawica \u2013 Ko\u015bci\u00f3\u0142 katolicki, PiS, Konfederacja, media prawicowe &#8211; jak jeden m\u0105\u017c rozpoczn\u0105 gigantyczn\u0105 kampani\u0119 przeciwko \u201ecywilizacji \u015bmierci\u201d pod dyktando Tuska, pod wodz\u0105 Budki i Trzaskowskiego oraz swoich pos\u0142anek.<\/p>\n\n\n\n<p>To, co si\u0119 sta\u0142o, oznacza zwrot Platformy w kierunku kobiet i m\u0142odzie\u017cy, kt\u00f3ra w ostatnich latach coraz bardziej si\u0119 radykalizuje. PO przestaje by\u0107 parti\u0105 w letargu i bez oblicza, kt\u00f3ra traci coraz wi\u0119cej do ruchu Ho\u0142owni. Trwaj\u0105c w bezruchu, statek Platformy nabiera\u0142 coraz wi\u0119cej wody. W prawo skr\u0119ci\u0107 nie m\u00f3g\u0142, elektorat konserwatywny jest zagospodarowany przez PiS, prezydenta, Konfederacj\u0119. Decyzja Platformy by\u0142a do przewidzenia, ale nie ma znaczenia praktycznego \u2013 na razie rz\u0105dzi PiS, Zjednoczona Prawica ma wi\u0119kszo\u015b\u0107 w Sejmie, a nawet gdyby to uleg\u0142o zmianie, to prezydent Duda nie podpisze niczego bez zgody Prezesa i Ko\u015bcio\u0142a. Tym niemniej podj\u0119ta zosta\u0142a pr\u00f3ba reanimacji Platformy Obywatelskiej. Po d\u0142u\u017cszym locie wreszcie wyl\u0105dowa\u0142a.<\/p>\n\n\n\n<p><strong>Zaproszenie<\/strong><br>S\u0142ynna reporterka Ewa Winnicka (m.in. \u201eLondy\u0144czycy\u201d, \u201eBy\u0142 sobie ch\u0142opczyk\u201d), trzykrotna laureatka nagrody Press, oraz Jaros\u0142aw Guga\u0142a, iberysta, publicysta (Polsat), t\u0142umacz, by\u0142y ambasador, b\u0119d\u0105 naszymi go\u015b\u0107mi w TOK FM, niedziela, 21 lutego, godz. 10:05.<\/p>\n","protected":false},"excerpt":{"rendered":"<p>W czwartek 18 lutego 2021 r. mia\u0142y miejsce dwa historyczne wydarzenia. Ameryka\u0144ski \u0142azik Perseverance (wytrwa\u0142o\u015b\u0107) genialnie wyl\u0105dowa\u0142 na Marsie, a Platforma Obywatelska po d\u0142u\u017cszym pobycie w kosmosie da\u0142a pierwsze oznaki \u017cycia.<\/p>\n","protected":false},"author":4,"featured_media":6676,"comment_status":"open","ping_status":"closed","sticky":false,"template":"","format":"standard","meta":{"footnotes":""},"categories":[1],"tags":[],"_links":{"self":[{"href":"https:\/\/blog.polityka.pl\/passent\/wp-json\/wp\/v2\/posts\/6673"}],"collection":[{"href":"https:\/\/blog.polityka.pl\/passent\/wp-json\/wp\/v2\/posts"}],"about":[{"href":"https:\/\/blog.polityka.pl\/passent\/wp-json\/wp\/v2\/types\/post"}],"author":[{"embeddable":true,"href":"https:\/\/blog.polityka.pl\/passent\/wp-json\/wp\/v2\/users\/4"}],"replies":[{"embeddable":true,"href":"https:\/\/blog.polityka.pl\/passent\/wp-json\/wp\/v2\/comments?post=6673"}],"version-history":[{"count":3,"href":"https:\/\/blog.polityka.pl\/passent\/wp-json\/wp\/v2\/posts\/6673\/revisions"}],"predecessor-version":[{"id":6677,"href":"https:\/\/blog.polityka.pl\/passent\/wp-json\/wp\/v2\/posts\/6673\/revisions\/6677"}],"wp:featuredmedia":[{"embeddable":true,"href":"https:\/\/blog.polityka.pl\/passent\/wp-json\/wp\/v2\/media\/6676"}],"wp:attachment":[{"href":"https:\/\/blog.polityka.pl\/passent\/wp-json\/wp\/v2\/media?parent=6673"}],"wp:term":[{"taxonomy":"category","embeddable":true,"href":"https:\/\/blog.polityka.pl\/passent\/wp-json\/wp\/v2\/categories?post=6673"},{"taxonomy":"post_tag","embeddable":true,"href":"https:\/\/blog.polityka.pl\/passent\/wp-json\/wp\/v2\/tags?post=6673"}],"curies":[{"name":"wp","href":"https:\/\/api.w.org\/{rel}","templated":true}]}}