
{"id":6678,"date":"2021-02-21T21:32:23","date_gmt":"2021-02-21T20:32:23","guid":{"rendered":"https:\/\/passent.blog.polityka.pl\/?p=6678"},"modified":"2021-02-22T15:11:14","modified_gmt":"2021-02-22T14:11:14","slug":"nietykalny-ipn","status":"publish","type":"post","link":"https:\/\/blog.polityka.pl\/passent\/2021\/02\/21\/nietykalny-ipn\/","title":{"rendered":"Nietykalny IPN"},"content":{"rendered":"\n<p>Oburzenie to za ma\u0142o. Mianowanie dr. Tomasza Greniucha na p.o. szefa wroc\u0142awskiego Instytutu Pami\u0119ci Narodowej wywo\u0142a\u0142o liczne protesty, m.in. profesor\u00f3w uczelni wroc\u0142awskich, weteran\u00f3w opozycji \u201eS\u201d, wiceprezydenta Wroc\u0142awia, wreszcie ministra w Kancelarii Prezydenta.<\/p>\n\n\n\n<!--more-->\n\n\n\n<p>To ostatnie, stwierdzaj\u0105ce, \u017ce na stanowiska w IPN trzeba mie\u0107 nieposzlakowan\u0105 opini\u0119. Protesty, oczywi\u015bcie, s\u0105 potrzebne, sam si\u0119 t\u0105 drog\u0105 do\u0142\u0105czam, ALE to za ma\u0142o!<\/p>\n\n\n\n<p>Moim zdaniem zatrudnienie Greniucha w IPN, i to na stanowisku kierowniczym, nie jest przypadkiem. Przypuszczam, \u017ce nie jest wyj\u0105tkiem. Cz\u0142owiek o takiej przesz\u0142o\u015bci musia\u0142 dobrze czu\u0107 si\u0119 w tej instytucji, a instytucja musia\u0142a by\u0107 z niego zadowolona.<\/p>\n\n\n\n<p>W\u0142adze IPN wiedzia\u0142y, kogo mianuj\u0105, wszak Greniuch pracowa\u0142 kilka lat w opolskiej delegaturze IPN, by\u0142 wi\u0119c czas, by mu si\u0119 przyjrze\u0107. Greniuch by\u0142 znan\u0105 postaci\u0105 w ONR i w okolicy, w ko\u0142ach coraz bardziej rozpasanej m\u0142odzie\u017cy hajlujacej. Wreszcie znane by\u0142y jego publikacje. \u015amiem twierdzi\u0107, \u017ce dr Greniuch zosta\u0142 awansowany nie mimo tych \u201eb\u0142\u0119d\u00f3w m\u0142odo\u015bci\u201d, a w\u0142a\u015bnie dzi\u0119ki nim, jako wyraz uznania. Ludzie bardziej kompetentni ni\u017c ja powinni wyja\u015bni\u0107, dlaczego taki \u201eidiota\u201d, jak m\u00f3wi wiceminister W., trafi\u0142 do IPN i zosta\u0142 tam \u201edoceniony\u201d.<\/p>\n\n\n\n<p>Instytut Pami\u0119ci Narodowej od dawna jest twierdz\u0105 narodowej prawicy, pod kierunkiem p. Szarka mo\u017ce nawet w wi\u0119kszym stopniu ni\u017c uprzednio. W ka\u017cdym razie kierunek ewolucji jest wyra\u017any \u2013 coraz bardziej na prawo, przesz\u0142o\u015b\u0107 w ONR i hajlowanie jest co najwy\u017cej \u201eb\u0142\u0119dem m\u0142odo\u015bci\u201d. Jakiej m\u0142odo\u015bci? \u2013 chcia\u0142oby si\u0119 zapyta\u0107. To\u017c to jest pan po trzydziestce, kt\u00f3ry mia\u0142 do\u015b\u0107 czasu, \u017ceby przejrze\u0107 na oczy.<\/p>\n\n\n\n<p>Dr Greniuch przeprosi\u0142. Nawet je\u017celi by\u0142y to przeprosiny szczere, nie powinny torowa\u0107 mu drogi do awans\u00f3w. Przeciwnie \u2013 odrobina samokrytycyzmu i skromno\u015bci nakazywa\u0142yby pozostawa\u0107 w cieniu. Albo dr Greniuch \u017ca\u0142uje swojej przesz\u0142o\u015bci, to wtedy powinien \u201eodpokutowa\u0107\u201d, albo jego przeprosiny s\u0105 tylko formalno\u015bci\u0105, kt\u00f3ra mia\u0142a otworzy\u0107 drog\u0119 do kariery. Zreszt\u0105 ta przesz\u0142o\u015b\u0107 nie jest zbyt odleg\u0142a. Jeszcze niedawno pan Greniuch zosta\u0142 odznaczony, a jednocze\u015bnie wykonywa\u0142 nazistowskie gesty, pardon, \u201erzymskie pozdrowienie\u201d. Analiza jego \u201eplaylisty\u201d pokazuje, \u017ce s\u0142ucha\u0142 zespo\u0142u graj\u0105cego muzyk\u0119 paranazistowsk\u0105. To prawdziwy wychowanek ONR, kt\u00f3ry &#8211; miejmy nadziej\u0119 \u2013 zrzuca z siebie sk\u00f3r\u0119 oenerowca. Ale \u017ceby taka osoba sprawowa\u0142a kierownicz\u0105 funkcj\u0119 w IPN \u2013 to si\u0119 w g\u0142owie nie mie\u015bci. Wszak ludzie tacy jak on powinni by\u0107 przedmiotem bada\u0144 IPN, a nie ich wykonawcami.<\/p>\n\n\n\n<p>Mimo protest\u00f3w prezes IPN dr Szarek na razie nie odcina si\u0119 od swej decyzji. Instytucja znana z tego, \u017ce potrafi wyci\u0105gn\u0105\u0107 kompromituj\u0105ce fakty z \u017cycia os\u00f3b ciesz\u0105cych si\u0119 szacunkiem, tym razem pozostaje zaskakuj\u0105co wyrozumia\u0142a. W ca\u0142ej tej sprawie najwa\u017cniejszy nie jest by\u0142y dzia\u0142acz ONR dr Greniuch, ale sam Instytut Pami\u0119ci Narodowej \u2013 faktyczne ministerstwo prawdy, polityki historycznej i propagandy.<\/p>\n","protected":false},"excerpt":{"rendered":"<p>Oburzenie to za ma\u0142o. Mianowanie dr. Tomasza Greniucha na p.o. szefa wroc\u0142awskiego Instytutu Pami\u0119ci Narodowej wywo\u0142a\u0142o liczne protesty, m.in. profesor\u00f3w uczelni wroc\u0142awskich, weteran\u00f3w opozycji \u201eS\u201d, wiceprezydenta Wroc\u0142awia, wreszcie ministra w Kancelarii Prezydenta.<\/p>\n","protected":false},"author":4,"featured_media":6681,"comment_status":"open","ping_status":"closed","sticky":false,"template":"","format":"standard","meta":{"footnotes":""},"categories":[1],"tags":[],"_links":{"self":[{"href":"https:\/\/blog.polityka.pl\/passent\/wp-json\/wp\/v2\/posts\/6678"}],"collection":[{"href":"https:\/\/blog.polityka.pl\/passent\/wp-json\/wp\/v2\/posts"}],"about":[{"href":"https:\/\/blog.polityka.pl\/passent\/wp-json\/wp\/v2\/types\/post"}],"author":[{"embeddable":true,"href":"https:\/\/blog.polityka.pl\/passent\/wp-json\/wp\/v2\/users\/4"}],"replies":[{"embeddable":true,"href":"https:\/\/blog.polityka.pl\/passent\/wp-json\/wp\/v2\/comments?post=6678"}],"version-history":[{"count":8,"href":"https:\/\/blog.polityka.pl\/passent\/wp-json\/wp\/v2\/posts\/6678\/revisions"}],"predecessor-version":[{"id":6689,"href":"https:\/\/blog.polityka.pl\/passent\/wp-json\/wp\/v2\/posts\/6678\/revisions\/6689"}],"wp:featuredmedia":[{"embeddable":true,"href":"https:\/\/blog.polityka.pl\/passent\/wp-json\/wp\/v2\/media\/6681"}],"wp:attachment":[{"href":"https:\/\/blog.polityka.pl\/passent\/wp-json\/wp\/v2\/media?parent=6678"}],"wp:term":[{"taxonomy":"category","embeddable":true,"href":"https:\/\/blog.polityka.pl\/passent\/wp-json\/wp\/v2\/categories?post=6678"},{"taxonomy":"post_tag","embeddable":true,"href":"https:\/\/blog.polityka.pl\/passent\/wp-json\/wp\/v2\/tags?post=6678"}],"curies":[{"name":"wp","href":"https:\/\/api.w.org\/{rel}","templated":true}]}}