
{"id":668,"date":"2010-02-24T00:00:57","date_gmt":"2010-02-23T23:00:57","guid":{"rendered":"http:\/\/passent.blog.polityka.pl\/?p=668"},"modified":"2010-02-24T00:07:47","modified_gmt":"2010-02-23T23:07:47","slug":"wojna-polsko-bialoruska","status":"publish","type":"post","link":"https:\/\/blog.polityka.pl\/passent\/2010\/02\/24\/wojna-polsko-bialoruska\/","title":{"rendered":"Wojna polsko-bia\u0142oruska"},"content":{"rendered":"<p><strong>And\u017celika Borys, kt\u00f3ra pe\u0142ni rol\u0119 Emilii Plater, po wyj\u015bciu od prezydenta Kaczy\u0144skiego, marsza\u0142ka Komorowskiego i wszystkich polskich \u015bwi\u0119tych, pojawi\u0142a si\u0119 w Parlamencie Europejskim w Brukseli, gdzie wcale nie wzywa\u0142a do na\u0142o\u017cenia sankcji na Bia\u0142oru\u015b<\/strong>.<\/p>\n<p>Za to apelowa\u0142a o wsp\u00f3\u0142prac\u0119, w tym o u\u0142atwienia wizowe. Tak\u017ce prezydent Kaczy\u0144ski i dyplomacja polska pos\u0142uguj\u0105 si\u0119 ostatnio j\u0119zykiem umiarkowanym, nie chc\u0105 wylewa\u0107 \u0141ukaszenki z k\u0105piel\u0105. Bruksela nie da\u0142a si\u0119 nam\u00f3wi\u0107 na awantur\u0119 z Mi\u0144skiem, zamiast tego si\u0119ga po kij i marchewk\u0119. Kijem wymachuje Parlament Europejski w specjalnej rezolucji, a marchewk\u0119 pokazuje Komisja, kt\u00f3ra\u00a0 zrobi przegl\u0105d\u00a0 stosunk\u00f3w z Bia\u0142orusi\u0105 dopiero w kwietniu. To zimny prysznic na rozpalone g\u0142owy rozmaitych ekspert\u00f3w i medi\u00f3w w Polsce, kt\u00f3rzy najch\u0119tniej zrzuciliby bomb\u0119 na Bia\u0142oru\u015b \u0141ukaszenki.<\/p>\n<p>Bronis\u0142aw \u0141agowski, w znakomitym jak zwykle felietonie na \u0142amach \u201ePrzegl\u0105du\u201d, zauwa\u017ca, \u017ce w Polsce ca\u0142y czas przedstawia si\u0119 tylko stanowisko tej cz\u0119\u015bci Zwi\u0105zku Polak\u00f3w na Bia\u0142orusi, na czele kt\u00f3rej stoi And\u017celika Borys. Stanowiska drugiej strony, to jest frakcji ze Stanis\u0142awem Siemaszk\u0105 na czele, w polskich mediach nie u\u015bwiadczysz. Podobnie jak stanowiska tamtejszych w\u0142adz. A jak jest naprawd\u0119?\u00a0 Rzecz ca\u0142a wyja\u015bnia \u0141agowski: \u201eZPB ma dwa zarz\u0105dy. Jeden jest uznany za prawowity w Warszawie, drugi w Mi\u0144sku. W\u0142adze w Warszawie chc\u0105, aby ten zwi\u0105zek by\u0142 ugrupowaniem opozycyjnym wobec re\u017cimu \u0141ukaszenki, a w\u0142adze mi\u0144skie tego nie chc\u0105\u201d. Polska poucza Bia\u0142oru\u015b\u00a0 w sprawie praw cz\u0142owieka i demokracji, temu s\u0142u\u017cy polska TV po bia\u0142orusku, radio w tym j\u0119zyku oraz ksi\u0119\u017ca, kt\u00f3rzy upodobali sobie ten kraj jako misyjny.<\/p>\n<p>Cel polskiej dyplomacji jest zbo\u017cny \u2013 uszlachetni\u0107 demokracj\u0119 bia\u0142orusk\u0105 i oddali\u0107 Bia\u0142oru\u015b od Rosji ku Europie. Ale jak to osi\u0105gn\u0105\u0107? Na pewno nie przeciwstawiaj\u0105c demonstracyjnie cz\u0119\u015bci polskiej diaspory re\u017cimowi \u0141ukaszenki. Nie gra\u0107 Poloni\u0105.\u00a0 Nie wykorzystywa\u0107 rodak\u00f3w. Nale\u017cy prowadzi\u0107 gr\u0119 bardziej subteln\u0105 &#8211; tak, by \u201enasi\u201d Polacy nie narazili si\u0119 na ataki jakoby byli \u201edwunarodowcami\u201d i \u201epi\u0105t\u0105 kolumn\u0105\u201d. Zamiast walczy\u0107 z \u0141ukaszenk\u0105 \u201edo ostatniego Polaka\u201d, Warszawa nie powinna ulega\u0107 histerii, wezwaniom pod adresem rz\u0105du do kategorycznego dzia\u0142ania, do wyprawy na Mi\u0144sk. Powinna cho\u0107by zauwa\u017cy\u0107 istnienie\u00a0 drugiej, nie \u201enaszej\u201d cz\u0119\u015bci Polonii bia\u0142oruskiej, nie miesza\u0107 si\u0119 zbyt nachalnie w stosunki wewn\u0105trz polskiej diaspory, traktowa\u0107 stosunki \u0141ukaszenko \u2013 ZPB jako POCHODN\u0104 stosunk\u00f3w z Polsk\u0105 i z Uni\u0105, a nie jako \u017ar\u00f3d\u0142o wszelkiego z\u0142a.<\/p>\n<p>Polska dyplomacja wykazuje cierpliwo\u015b\u0107 i elastyczno\u015b\u0107, dobrze by by\u0142o, gdyby podobnie zachowali si\u0119 inni politycy, komentatorzy oraz media, kt\u00f3re ulegaj\u0105 histerii. Jak trafnie zauwa\u017ca \u0141agowski, \u201eNa Bia\u0142orusi media s\u0105 wolne, poniewa\u017c ukrywaj\u0105 fakty niewygodne dla rz\u0105du, w Polsce media s\u0105 wolne i dlatego ukrywaj\u0105 fakty niewygodne dla rz\u0105du\u201d.\u00a0 Politycy i dziennikarze PIS zacieraj\u0105 r\u0119ce z powodu \u201ebankructwa\u201d rzekomo mi\u0119kkiej polityki rz\u0105du. Ale co maj\u0105 do zaoferowania, opr\u00f3cz ca\u0142kowitego zerwania z Bia\u0142orusi\u0105 i pchania jej w obj\u0119cia Moskwy?<\/p>\n<p><strong>PS<\/strong>.<\/p>\n<p>Uprzejmie przypominam, \u017ce <strong>na tym blogu nie ma i nie b\u0119dzie miejsca na antysemityzm ani na \u017caden rasizm i ksenofobi\u0119<\/strong>.<\/p>\n<p>Mo\u017cna, jak chce <strong>Magrud<\/strong>, dyskutowa\u0107 o Starszych Braciach, ale pisa\u0107 jakoby \u017bydzi mieli co\u015b wsp\u00f3lnego z kradzie\u017c\u0105 napisu \u201eArbeit macht frei\u201d, jakoby mogli zapobiec pogromowi kieleckiemu, pisa\u0107 o \u201e\u017cydowskich pogromach\u201d zamiast o pogromach anty\u017cydowskich lub pogromach na \u017bydach, pisa\u0107 w duchu Gomu\u0142ki o \u201edwunarodowcach\u201d, o \u201enieszcz\u0119\u015bnikach Holocaustu\u201d t\u0142umnie zgromadzonych na tej platformie, sugerowa\u0107, \u017ce transformacja polska odby\u0142a si\u0119 za \u017cydowskie pieni\u0105dze itd., itp. \u2013 na to nie pozwol\u0119 i nast\u0119pnym razem autora(-rk\u0119) takich wpis\u00f3w z bloga wyprosz\u0119.<\/p>\n","protected":false},"excerpt":{"rendered":"<p>And\u017celika Borys, kt\u00f3ra pe\u0142ni rol\u0119 Emilii Plater, po wyj\u015bciu od prezydenta Kaczy\u0144skiego, marsza\u0142ka Komorowskiego i wszystkich polskich \u015bwi\u0119tych, pojawi\u0142a si\u0119 w Parlamencie Europejskim w Brukseli, gdzie wcale nie wzywa\u0142a do na\u0142o\u017cenia sankcji na Bia\u0142oru\u015b. Za to apelowa\u0142a o wsp\u00f3\u0142prac\u0119, w tym o u\u0142atwienia wizowe. Tak\u017ce prezydent Kaczy\u0144ski i dyplomacja polska pos\u0142uguj\u0105 si\u0119 ostatnio j\u0119zykiem umiarkowanym, [&hellip;]<\/p>\n","protected":false},"author":4,"featured_media":0,"comment_status":"open","ping_status":"open","sticky":false,"template":"","format":"standard","meta":{"footnotes":""},"categories":[1],"tags":[],"_links":{"self":[{"href":"https:\/\/blog.polityka.pl\/passent\/wp-json\/wp\/v2\/posts\/668"}],"collection":[{"href":"https:\/\/blog.polityka.pl\/passent\/wp-json\/wp\/v2\/posts"}],"about":[{"href":"https:\/\/blog.polityka.pl\/passent\/wp-json\/wp\/v2\/types\/post"}],"author":[{"embeddable":true,"href":"https:\/\/blog.polityka.pl\/passent\/wp-json\/wp\/v2\/users\/4"}],"replies":[{"embeddable":true,"href":"https:\/\/blog.polityka.pl\/passent\/wp-json\/wp\/v2\/comments?post=668"}],"version-history":[{"count":0,"href":"https:\/\/blog.polityka.pl\/passent\/wp-json\/wp\/v2\/posts\/668\/revisions"}],"wp:attachment":[{"href":"https:\/\/blog.polityka.pl\/passent\/wp-json\/wp\/v2\/media?parent=668"}],"wp:term":[{"taxonomy":"category","embeddable":true,"href":"https:\/\/blog.polityka.pl\/passent\/wp-json\/wp\/v2\/categories?post=668"},{"taxonomy":"post_tag","embeddable":true,"href":"https:\/\/blog.polityka.pl\/passent\/wp-json\/wp\/v2\/tags?post=668"}],"curies":[{"name":"wp","href":"https:\/\/api.w.org\/{rel}","templated":true}]}}