
{"id":6691,"date":"2021-02-25T21:55:37","date_gmt":"2021-02-25T20:55:37","guid":{"rendered":"https:\/\/passent.blog.polityka.pl\/?p=6691"},"modified":"2021-02-26T00:46:08","modified_gmt":"2021-02-25T23:46:08","slug":"chlopiec-do-bicia-wstaje-z-kolan","status":"publish","type":"post","link":"https:\/\/blog.polityka.pl\/passent\/2021\/02\/25\/chlopiec-do-bicia-wstaje-z-kolan\/","title":{"rendered":"Ch\u0142opiec do bicia wstaje z kolan"},"content":{"rendered":"\n<p>\u201eWielki spisek przeciwko ZSRR (pardon &#8211; przeciwko Polsce)\u201d \u2013 ksi\u0105\u017cka pod takim tytu\u0142em ukaza\u0142a si\u0119 w 1949 r. Jest to jedna z pierwszych \u201epozycji\u201d, jakie pami\u0119tam. Tre\u015bci sobie nie przypominam, ale bior\u0105c pod uwag\u0119 tytu\u0142, kraj i rok, nie ma w\u0105tpliwo\u015bci, o co chodzi. Imperiali\u015bci knuli przeciw ojczy\u017anie \u015bwiatowego proletariatu.<\/p>\n\n\n\n<!--more-->\n\n\n\n<p>Teraz tak\u0105 ksi\u0105\u017ck\u0119 mo\u017cna by napisa\u0107 o wielkim spisku (g\u0142\u00f3wnie ameryka\u0144skim) przeciwko Polsce. Rekiny Wall Street, szpiedzy z CIA oraz \u201edyplomaci\u201d z Waszyngtonu nie przepuszczaj\u0105 okazji, \u017ceby postawi\u0107 nasz kraj \u2013 b\u0105d\u017a co b\u0105d\u017a wa\u017cnego sojusznika &#8211; na cenzurowanym. Niezale\u017cnie od tego, kto jest u w\u0142adzy w USA, republikanie czy demokraci, zawsze znajdzie si\u0119 jaka\u015b rzeczniczka departamentu stanu, kt\u00f3ra powie g\u0142o\u015bno na ca\u0142y \u015bwiat, \u017ce co\u015b jej si\u0119 w Polsce nie podoba. Raz jest to ustawa o IPN, kt\u00f3ra postawi\u0142a na nogi Waszyngton i Tel Awiw, nie m\u00f3wi\u0105c o \u015bwiatowych mediach.<\/p>\n\n\n\n<p>Donald Trump, sadysta z Bia\u0142ego Domu, nie chcia\u0142 spotka\u0107 si\u0119 nawet z tak\u0105 indywidualno\u015bci\u0105 jak Andrzej Duda \u2013 duchowy potomek Ko\u015bciuszki i Pu\u0142askiego &#8211; dop\u00f3ki ustawa nie zostanie poprawiona. Innym razem (\u201einn\u0105 raz\u0105\u201d \u2013 jak mawiaj\u0105 niekt\u00f3rzy) nie podoba\u0142a im si\u0119 w Ameryce \u201edobra zmiana na gorsze\u201d w polskim wymiarze sprawiedliwo\u015bci. Sami nie maj\u0105 nawet Trybuna\u0142u Konstytucyjnego i chc\u0105 nas poucza\u0107.<\/p>\n\n\n\n<p>Kiedy nasz prezydent postanowi\u0142 ukara\u0107 ich prezydenta (ten zmieni\u0142 si\u0119 z Trumpa na Bidena) i ponad miesi\u0105c nie wysy\u0142a\u0142 mu gratulacji, podobnie jak Putin (majstersztyk polskiej i rosyjskiej dyplomacji!), Amerykanie zn\u00f3w postanowili nas upokorzy\u0107 i kolejny miesi\u0105c odk\u0142adaj\u0105 rozmow\u0119 telefoniczn\u0105 Biden\u2013Duda. Ma\u0142o tego, kiedy wreszcie uda\u0142o si\u0119 wyjedna\u0107 rozmow\u0119 na szczeblu ministr\u00f3w spraw zagranicznych \u2013 okaza\u0142o si\u0119, \u017ce przed nami rozmawia\u0142y ju\u017c z Ameryk\u0105 42 kraje, w tym takie mocarstwa sojusznicze jak Gwatemala, Honduras i Salwador. Na pociech\u0119 warto wspomnie\u0107, \u017ce sekretarz Blinken nie dzwoni\u0142 jeszcze do \u0141awrowa, kt\u00f3ry nie mo\u017ce si\u0119 doczeka\u0107. Nasz reprezentant wyprzedzi\u0142 o pier\u015b reprezentanta Wysp Zielonego Przyl\u0105dka.<\/p>\n\n\n\n<p>Sekretarz stanu Blinken mia\u0142 ju\u017c tych rozm\u00f3w powy\u017cej uszu. W pierwszej chwili nie zauwa\u017cy\u0142 nawet, \u017ce wstali\u015bmy z kolan. &#8222;Trzeba mi by\u0142o wcze\u015bniej powiedzie\u0107, Zbig\u201d \u2013 szepn\u0105\u0142 przez telefon sekretarz stanu. Z tego, co m\u00f3wi\u0105 nasze wiewi\u00f3rki, Rau zrobi\u0142 na Blinkenie ogromne wra\u017cenie, dlatego w oficjalnym komunikacie po rozmowie telefonicznej Blinken wspomnia\u0142 o planach wsp\u00f3\u0142pracy w dziedzinie demokracji, warto\u015bci i wolnej prasy, o czym polski komunikat nie wspomina\u0142, poniewa\u017c Mr. Rau zaniem\u00f3wi\u0142 i nie mia\u0142 nic do powiedzenia na ten temat.<\/p>\n\n\n\n<p>Oczywi\u015bcie, ka\u017cdy osio\u0142 zauwa\u017cy brak wzmianki o demokracji i prawach cz\u0142owieka w polskim komunikacie, ale nasz komunikat nie by\u0142 pisany dla ka\u017cdego os\u0142a, tylko dla jednego. Dla niego wa\u017cna jest \u201ebiologiczna definicja p\u0142ci\u201d, a nie pogadanki o warto\u015bciach i wolnych mediach.<\/p>\n\n\n\n<p>Mr. Blinken jako debiutuj\u0105cy w roli sekretarza stanu nie wiedzia\u0142 chyba nic o tym, \u017ce Polska wsta\u0142a z kolan i nie jest ju\u017c ch\u0142opcem do bicia. Dobitnie o tym przypomni prezydent Duda, gdy wreszcie b\u0119dzie okazja.<\/p>\n\n\n\n<p><strong>Zaproszenie<\/strong><br>Anna Maria Dyner (analityczka PISM, specjalno\u015b\u0107 Rosja i Bia\u0142oru\u015b) oraz Adam Krzemi\u0144ski (najbardziej znany i zas\u0142u\u017cony germanista, &#8222;Polityka&#8221;) b\u0119d\u0105 naszymi go\u015b\u0107mi w TOK FM, niedziela, 28 lutego, godz. 10:05.<\/p>\n","protected":false},"excerpt":{"rendered":"<p>\u201eWielki spisek przeciwko ZSRR (pardon &#8211; przeciwko Polsce)\u201d \u2013 ksi\u0105\u017cka pod takim tytu\u0142em ukaza\u0142a si\u0119 w 1949 r. Jest to jedna z pierwszych \u201epozycji\u201d, jakie pami\u0119tam. Tre\u015bci sobie nie przypominam, ale bior\u0105c pod uwag\u0119 tytu\u0142, kraj i rok, nie ma w\u0105tpliwo\u015bci, o co chodzi. Imperiali\u015bci knuli przeciw ojczy\u017anie \u015bwiatowego proletariatu.<\/p>\n","protected":false},"author":4,"featured_media":6695,"comment_status":"open","ping_status":"closed","sticky":false,"template":"","format":"standard","meta":{"footnotes":""},"categories":[1],"tags":[],"_links":{"self":[{"href":"https:\/\/blog.polityka.pl\/passent\/wp-json\/wp\/v2\/posts\/6691"}],"collection":[{"href":"https:\/\/blog.polityka.pl\/passent\/wp-json\/wp\/v2\/posts"}],"about":[{"href":"https:\/\/blog.polityka.pl\/passent\/wp-json\/wp\/v2\/types\/post"}],"author":[{"embeddable":true,"href":"https:\/\/blog.polityka.pl\/passent\/wp-json\/wp\/v2\/users\/4"}],"replies":[{"embeddable":true,"href":"https:\/\/blog.polityka.pl\/passent\/wp-json\/wp\/v2\/comments?post=6691"}],"version-history":[{"count":3,"href":"https:\/\/blog.polityka.pl\/passent\/wp-json\/wp\/v2\/posts\/6691\/revisions"}],"predecessor-version":[{"id":6696,"href":"https:\/\/blog.polityka.pl\/passent\/wp-json\/wp\/v2\/posts\/6691\/revisions\/6696"}],"wp:featuredmedia":[{"embeddable":true,"href":"https:\/\/blog.polityka.pl\/passent\/wp-json\/wp\/v2\/media\/6695"}],"wp:attachment":[{"href":"https:\/\/blog.polityka.pl\/passent\/wp-json\/wp\/v2\/media?parent=6691"}],"wp:term":[{"taxonomy":"category","embeddable":true,"href":"https:\/\/blog.polityka.pl\/passent\/wp-json\/wp\/v2\/categories?post=6691"},{"taxonomy":"post_tag","embeddable":true,"href":"https:\/\/blog.polityka.pl\/passent\/wp-json\/wp\/v2\/tags?post=6691"}],"curies":[{"name":"wp","href":"https:\/\/api.w.org\/{rel}","templated":true}]}}