
{"id":6697,"date":"2021-02-28T18:25:19","date_gmt":"2021-02-28T17:25:19","guid":{"rendered":"https:\/\/passent.blog.polityka.pl\/?p=6697"},"modified":"2021-02-28T22:36:59","modified_gmt":"2021-02-28T21:36:59","slug":"zespol-tourettea-obajtek-moze-wszystko","status":"publish","type":"post","link":"https:\/\/blog.polityka.pl\/passent\/2021\/02\/28\/zespol-tourettea-obajtek-moze-wszystko\/","title":{"rendered":"Zesp\u00f3\u0142  Tourette\u2019a:  Obajtek mo\u017ce wszystko"},"content":{"rendered":"\n<p>Kaskada wulgaryzm\u00f3w Daniela Obajtka jako w\u00f3jta Pcimia bogactwem s\u0142ownictwa i jego nagromadzeniem przewy\u017csza wszystko, co dotychczas s\u0142yszeli\u015bmy, pocz\u0105wszy od tego, jak przeklinali ministrowie Platformy w knajpie Sowa i Przyjaciele.<\/p>\n\n\n\n<!--more-->\n\n\n\n<p>Moja teoria jest taka, \u017ce osoby, kt\u00f3re \u201erzucaj\u0105 mi\u0119sem\u201d, cierpi\u0105 na brak kindersztuby oraz kompleks ni\u017cszo\u015bci, potrzebuj\u0105 doda\u0107 sobie m\u0119sko\u015bci, pokaza\u0107, jacy s\u0105 mocarni. Dochodz\u0105 inne przyczyny, takie jak ub\u00f3stwo s\u0142ownictwa i s\u0142aba samokontrola. Wszak ogromna wi\u0119kszo\u015b\u0107 ludzi daje sobie w \u017cyciu rad\u0119 bez pomagania sobie brzydkimi wyrazami, w ka\u017cdym razie publicznie.<\/p>\n\n\n\n<p>Obecnie s\u0142yszymy, \u017ce prezes Obajtek nie jest \u017cadnym grubianinem, jak by to wynika\u0142o z opublikowanych nagra\u0144, tylko od lat cierpi na tzw. Zesp\u00f3\u0142 Tourette\u2019a (patrz Wikipedia), czyli niekontrolowane s\u0142ownictwo, zw\u0142aszcza grubia\u0144skie, oraz rozmaite odruchy, nad kt\u00f3rymi chory nie panuje. Choroba towarzyszy cz\u0142owiekowi do ko\u0144ca jego dni.<\/p>\n\n\n\n<p>Je\u017celi tak, to nie ma co \u017cartowa\u0107, tylko nale\u017cy prezesowi i jego otoczeniu, nara\u017conemu na jego wybuchy, wsp\u00f3\u0142czu\u0107. Pozostaje tylko jedno \u201eale\u201d, jedno pytanie: dlaczego Daniel Obajtek, kiedy by\u0142 w\u00f3jtem Pcimia, wykazywa\u0142 objawy zespo\u0142u Tourette\u2019a, kl\u0105\u0142 jak szewc (pan\u00f3w szewc\u00f3w przepraszam) w rozmowach biznesowych z \u201eSzymkiem\u201d i innymi, za\u015b potem, w czasie zawrotnej, wieloletniej kariery, a\u017c do chwili obecnej, takich objaw\u00f3w (na szcz\u0119\u015bcie!) nie wykazywa\u0142? Jak to si\u0119 sta\u0142o, \u017ce cudownie pokona\u0142 Zesp\u00f3\u0142 Tourette&#8217;a?<\/p>\n\n\n\n<p>Prezes Obajtek uczestniczy\u0142 w niezliczonych obradach i uroczysto\u015bciach w kraju i za granic\u0105 (Cz\u0142owiek Roku, Cz\u0142owiek Wolno\u015bci) i ani razu nie u\u017cy\u0142 publicznie brzydkiego s\u0142owa. Nale\u017cy si\u0119 tylko cieszy\u0107 z cudownego ozdrowienia prezesa, kt\u00f3ry swoj\u0105 postaw\u0105 obali\u0142 panuj\u0105cy w medycynie pogl\u0105d, jakoby Zesp\u00f3\u0142 Tourette\u2019a by\u0142 nieuleczalny i towarzyszy\u0142 cz\u0142owiekowi do ko\u0144ca. To jeszcze jeden dow\u00f3d, \u017ce Daniel Obajtek mo\u017ce wszystko.<\/p>\n","protected":false},"excerpt":{"rendered":"<p>Kaskada wulgaryzm\u00f3w Daniela Obajtka jako w\u00f3jta Pcimia bogactwem s\u0142ownictwa i jego nagromadzeniem przewy\u017csza wszystko, co dotychczas s\u0142yszeli\u015bmy, pocz\u0105wszy od tego, jak przeklinali ministrowie Platformy w knajpie Sowa i Przyjaciele.<\/p>\n","protected":false},"author":4,"featured_media":6700,"comment_status":"open","ping_status":"closed","sticky":false,"template":"","format":"standard","meta":{"footnotes":""},"categories":[1],"tags":[],"_links":{"self":[{"href":"https:\/\/blog.polityka.pl\/passent\/wp-json\/wp\/v2\/posts\/6697"}],"collection":[{"href":"https:\/\/blog.polityka.pl\/passent\/wp-json\/wp\/v2\/posts"}],"about":[{"href":"https:\/\/blog.polityka.pl\/passent\/wp-json\/wp\/v2\/types\/post"}],"author":[{"embeddable":true,"href":"https:\/\/blog.polityka.pl\/passent\/wp-json\/wp\/v2\/users\/4"}],"replies":[{"embeddable":true,"href":"https:\/\/blog.polityka.pl\/passent\/wp-json\/wp\/v2\/comments?post=6697"}],"version-history":[{"count":3,"href":"https:\/\/blog.polityka.pl\/passent\/wp-json\/wp\/v2\/posts\/6697\/revisions"}],"predecessor-version":[{"id":6701,"href":"https:\/\/blog.polityka.pl\/passent\/wp-json\/wp\/v2\/posts\/6697\/revisions\/6701"}],"wp:featuredmedia":[{"embeddable":true,"href":"https:\/\/blog.polityka.pl\/passent\/wp-json\/wp\/v2\/media\/6700"}],"wp:attachment":[{"href":"https:\/\/blog.polityka.pl\/passent\/wp-json\/wp\/v2\/media?parent=6697"}],"wp:term":[{"taxonomy":"category","embeddable":true,"href":"https:\/\/blog.polityka.pl\/passent\/wp-json\/wp\/v2\/categories?post=6697"},{"taxonomy":"post_tag","embeddable":true,"href":"https:\/\/blog.polityka.pl\/passent\/wp-json\/wp\/v2\/tags?post=6697"}],"curies":[{"name":"wp","href":"https:\/\/api.w.org\/{rel}","templated":true}]}}