
{"id":6703,"date":"2021-03-07T20:00:37","date_gmt":"2021-03-07T19:00:37","guid":{"rendered":"https:\/\/passent.blog.polityka.pl\/?p=6703"},"modified":"2021-03-08T18:40:19","modified_gmt":"2021-03-08T17:40:19","slug":"churchill-na-nartach","status":"publish","type":"post","link":"https:\/\/blog.polityka.pl\/passent\/2021\/03\/07\/churchill-na-nartach\/","title":{"rendered":"Churchill na nartach"},"content":{"rendered":"\n<p>Prezydent Duda traci szans\u0119, \u017ceby z urz\u0119dnika zosta\u0107 przyw\u00f3dc\u0105 Polak\u00f3w. Pan B\u00f3g, zsy\u0142aj\u0105c na nas zaraz\u0119, stworzy\u0142 Andrzejowi Dudzie tragiczn\u0105 perspektyw\u0119: mo\u017ce zosta\u0107 przyw\u00f3dc\u0105, kiedy ka\u017cdego dnia umiera kilkaset os\u00f3b, tysi\u0105ce ulegaj\u0105 zaka\u017ceniu, tysi\u0105ce walcz\u0105 o \u017cycie, ilu zmar\u0142o, ile rodzin jest dotkni\u0119tych, nieszcz\u0119\u015bliwych, powtarzam &#8211; ka\u017cdego  dnia od ponad roku.<\/p>\n\n\n\n<!--more-->\n\n\n\n<p>Nar\u00f3d w takich warunkach potrzebuje przyw\u00f3dcy, kogo\u015b kto cieszy si\u0119 zaufaniem, kto jest z nim, w\u015br\u00f3d ludzi \u2013 w szpitalach, w karetkach, w punktach szczepie\u0144, w domach opieki, w ko\u015bcio\u0142ach, nie tylko w ko\u0142ach gospody\u0144 wiejskich.<\/p>\n\n\n\n<p>Zamiast tego mamy nar\u00f3d bez g\u0142owy, bez marsza\u0142ka, bez swojego Churchilla. Ten porywa\u0142 nar\u00f3d, obiecuj\u0105c mu tylko \u201ekrew, pot i \u0142zy\u201d. Je\u017celi Pan B\u00f3g istnieje (osobi\u015bcie w\u0105tpi\u0119\u2026), to powinien teraz zes\u0142a\u0107 Polakom\ng\u0142ow\u0119 pa\u0144stwa z prawdziwego zdarzenia. Takiego, kt\u00f3ry w godzinie nieszcz\u0119\u015bcia, jak\u0105 jest pandemia, nie chowa si\u0119 w pa\u0142acu, nie wymyka si\u0119 na narty (nawet te charytatywne), tylko jest tam, gdzie jest najbardziej potrzebny. Na pewno nie na stoku.<\/p>\n\n\n\n<p>Mo\u017ce kto\u015b powie, \u017ce to, co pisz\u0119, to populizm i demagogia, poniewa\u017c Andrzej Duda ci\u0119\u017cko pracuje, ma prawo do dni wolnych, do przyjemno\u015bci i regeneracji. W ko\u0144cu jest wolnym cz\u0142owiekiem. Mo\u017ce nawet s\u0105dzi\u0107, \u017ce wyje\u017cd\u017caj\u0105c na narty, daje spo\u0142ecze\u0144stwu sygna\u0142, \u017ce wszystko jest w porz\u0105dku, sprawy Polak\u00f3w pozostaj\u0105 w dobrych r\u0119kach, a skoro stoki i wyci\u0105gi s\u0105 otwarte, to chyba po to, \u017ceby na nich hula\u0107, a przez to by\u0107 blisko ludzi.<\/p>\n\n\n\n<p>Ja natomiast uwa\u017cam, \u017ce prawdziwy przyw\u00f3dca odk\u0142ada sw\u00f3j wypoczynek na \u201epo wojnie\u201d, bo przecie\u017c mamy swoist\u0105 wojn\u0119: zagro\u017cenie, atak, tysi\u0105ce zabitych i rannych, okupacj\u0119, z kt\u00f3rej usi\u0142ujemy si\u0119 wyrwa\u0107, gazety pe\u0142ne nekrolog\u00f3w, bran\u017ca funeralna nie jest w stanie nastarczy\u0107 urn i trumien. Prezydent jest cz\u0142owiekiem m\u0142odym (czego zazdroszcz\u0119), jeszcze si\u0119 na nartach naje\u017adzi (r\u00f3wnie\u017c zazdroszcz\u0119), ale teraz, dop\u00f3ki wojna trwa, narty powinien odstawi\u0107. Niech je\u017cd\u017c\u0105 inni, ufni i spokojni, \u017ce gdzie\u015b daleko, w Warszawie, jest kto\u015b, kto trwa. Kto\u015b musi nie je\u017adzi\u0107 na nartach, \u017ceby inni mogli je\u017adzi\u0107.<\/p>\n","protected":false},"excerpt":{"rendered":"<p>Prezydent Duda traci szans\u0119, \u017ceby z urz\u0119dnika zosta\u0107 przyw\u00f3dc\u0105 Polak\u00f3w. Pan B\u00f3g, zsy\u0142aj\u0105c na nas zaraz\u0119, stworzy\u0142 Andrzejowi Dudzie tragiczn\u0105 perspektyw\u0119: mo\u017ce zosta\u0107 przyw\u00f3dc\u0105, kiedy ka\u017cdego dnia umiera kilkaset os\u00f3b, tysi\u0105ce ulegaj\u0105 zaka\u017ceniu, tysi\u0105ce walcz\u0105 o \u017cycie, ilu zmar\u0142o, ile rodzin jest dotkni\u0119tych, nieszcz\u0119\u015bliwych, powtarzam &#8211; ka\u017cdego dnia od ponad roku.<\/p>\n","protected":false},"author":4,"featured_media":6709,"comment_status":"open","ping_status":"closed","sticky":false,"template":"","format":"standard","meta":{"footnotes":""},"categories":[1],"tags":[],"_links":{"self":[{"href":"https:\/\/blog.polityka.pl\/passent\/wp-json\/wp\/v2\/posts\/6703"}],"collection":[{"href":"https:\/\/blog.polityka.pl\/passent\/wp-json\/wp\/v2\/posts"}],"about":[{"href":"https:\/\/blog.polityka.pl\/passent\/wp-json\/wp\/v2\/types\/post"}],"author":[{"embeddable":true,"href":"https:\/\/blog.polityka.pl\/passent\/wp-json\/wp\/v2\/users\/4"}],"replies":[{"embeddable":true,"href":"https:\/\/blog.polityka.pl\/passent\/wp-json\/wp\/v2\/comments?post=6703"}],"version-history":[{"count":3,"href":"https:\/\/blog.polityka.pl\/passent\/wp-json\/wp\/v2\/posts\/6703\/revisions"}],"predecessor-version":[{"id":6707,"href":"https:\/\/blog.polityka.pl\/passent\/wp-json\/wp\/v2\/posts\/6703\/revisions\/6707"}],"wp:featuredmedia":[{"embeddable":true,"href":"https:\/\/blog.polityka.pl\/passent\/wp-json\/wp\/v2\/media\/6709"}],"wp:attachment":[{"href":"https:\/\/blog.polityka.pl\/passent\/wp-json\/wp\/v2\/media?parent=6703"}],"wp:term":[{"taxonomy":"category","embeddable":true,"href":"https:\/\/blog.polityka.pl\/passent\/wp-json\/wp\/v2\/categories?post=6703"},{"taxonomy":"post_tag","embeddable":true,"href":"https:\/\/blog.polityka.pl\/passent\/wp-json\/wp\/v2\/tags?post=6703"}],"curies":[{"name":"wp","href":"https:\/\/api.w.org\/{rel}","templated":true}]}}