
{"id":6710,"date":"2021-03-09T18:02:45","date_gmt":"2021-03-09T17:02:45","guid":{"rendered":"https:\/\/passent.blog.polityka.pl\/?p=6710"},"modified":"2021-03-09T23:36:09","modified_gmt":"2021-03-09T22:36:09","slug":"wstep-wzbroniony","status":"publish","type":"post","link":"https:\/\/blog.polityka.pl\/passent\/2021\/03\/09\/wstep-wzbroniony\/","title":{"rendered":"Wst\u0119p wzbroniony"},"content":{"rendered":"\n<p>Wst\u0119p wzbroniony, <em>entr\u00e9e interdit<\/em> &#8211; tak rz\u0105d polski odpowiedzia\u0142 na plan francuskiego ministra do spraw europejskich Clementa Beaune, aby w czasie jego trwaj\u0105cej obecnie wizyty w Polsce odwiedzi\u0107 jedn\u0105 ze \u201estref wolnych od ideologii LGBT\u201d (Kra\u015bnik). Minister wyrazi\u0142 takie \u017cyczenie dwukrotnie \u2013 po raz pierwszy podczas swojego coming outu, po raz drugi w czasie wywiadu prasowego.<\/p>\n\n\n\n<!--more-->\n\n\n\n<p>W odpowiedzi na ten zuchwa\u0142y plan francuskiego ministra w\u0142adze polskie z godno\u015bci\u0105 powiedzia\u0142y \u201enie\u201d. Pan minister nie by\u0142by dobrze przyj\u0119ty ze wzgl\u0119du na \u201etrudn\u0105 sytuacj\u0119 zdrowotn\u0105\u201d. Beaune powiedzia\u0142 dziennikarzom, \u017ce pot\u0119pia tak\u0105 odpowied\u017a. W zaistnia\u0142ej sytuacji mia\u0142 trzy mo\u017cliwo\u015bci: wizyt\u0119 odwo\u0142a\u0107, od\u0142o\u017cy\u0107 (co w dyplomacji jest wa\u017cnym sygna\u0142em) lub j\u0105 zrealizowa\u0107 zgodnie z planem.<\/p>\n\n\n\n<p>Wybra\u0142 ostatni wariant \u2013 zrealizowa\u0107 wizyt\u0119, poniewa\u017c w Polsce \u201epojawi\u0142a si\u0119 nie mniej wa\u017cna sprawa dost\u0119pu kobiet do aborcji. (\u2026) Nie chcia\u0142bym, \u017ceby ludzie m\u00f3wili, \u017ce walcz\u0119 przeciwko strefom LGBT, poniewa\u017c jestem gejem i robi\u0119 to dla siebie\u201d \u2013 powiedzia\u0142. Strona polska wpad\u0142a z deszczu pod rynn\u0119, jak nie geje, to aborcja.<\/p>\n\n\n\n<p>W planie wizyty pozosta\u0142o spotkanie z organizacjami pozarz\u0105dowymi, kt\u00f3re zajmuj\u0105 si\u0119 LGBT, oraz wizyta u prezydenta Warszawy Rafa\u0142a Trzaskowskiego, kt\u00f3ry w wyborach zgromadzi\u0142 10 mln g\u0142os\u00f3w, ale nie zdo\u0142a\u0142 ich utrzyma\u0107. Odmawiaj\u0105c pro\u015bbie ministra Beaunego, w\u0142adze polskie wstydliwie ukrywaj\u0105 fakt, \u017ce rz\u0105d i prezydent Duda ch\u0119tnie widzieliby ca\u0142\u0105 Polsk\u0119 jako stref\u0119 woln\u0105 od \u201eideologii\u201d LGBT. Wszak kiedy niekt\u00f3re \u201estrefy\u201d straci\u0142y z powodu swojej ideologii finansowanie z Unii Europejskiej, polskie Ministerstwo Sprawiedliwo\u015bci pospieszy\u0142o wyr\u00f3wna\u0107 poniesione straty. Oczywi\u015bcie nie z kieszeni p. Ziobry, tylko z funduszu przeznaczonego na ofiary przest\u0119pczo\u015bci.<\/p>\n\n\n\n<p>Nie przepu\u015bci\u0142 okazji, \u017ceby milcze\u0107, europose\u0142 Patryk Jaki. Zaprzeczy\u0142, jakoby w Polsce istnia\u0142y strefy wolne od ideologii LGBT. Strefy? Jakie strefy? Ideologia? Jaka ideologia. &#8222;Nie ma w Polsce miejsc, do kt\u00f3rych homoseksuali\u015bci nie maj\u0105 dost\u0119pu&#8221; \u2013 powiedzia\u0142. Zapomnia\u0142 doda\u0107, \u017ce nie dotyczy to gej\u00f3w francuskich.<\/p>\n\n\n\n<p>Na koniec pytanie: jak pogodzi\u0107 pro\u015bb\u0119 ministra Beaunego, \u017ceby m\u00f3g\u0142 pojecha\u0107 do Kra\u015bnika, z tym, \u017ce w Polsce nie ma stref LGBT, ba, nie ma nawet Kra\u015bnika? Proponujemy: zbudujemy drugi Kra\u015bnik. (Oczywi\u015bcie za pieni\u0105dze unijne). Jak przyjedzie francuski minister, to podzi\u0119kujemy za to, \u017ce znana z brutalno\u015bci francuska policja stanowi dla naszej niedo\u015bcig\u0142y wz\u00f3r. Ilekro\u0107 z\u0142amie komu\u015b r\u0119k\u0119, zawsze m\u00f3wi &#8222;pardon&#8221;.<\/p>\n","protected":false},"excerpt":{"rendered":"<p>Wst\u0119p wzbroniony, entr\u00e9e interdit &#8211; tak rz\u0105d polski odpowiedzia\u0142 na plan francuskiego ministra do spraw europejskich Clementa Beaune, aby w czasie jego trwaj\u0105cej obecnie wizyty w Polsce odwiedzi\u0107 jedn\u0105 ze \u201estref wolnych od ideologii LGBT\u201d (Kra\u015bnik). Minister wyrazi\u0142 takie \u017cyczenie dwukrotnie \u2013 po raz pierwszy podczas swojego coming outu, po raz drugi w czasie wywiadu [&hellip;]<\/p>\n","protected":false},"author":4,"featured_media":6713,"comment_status":"open","ping_status":"closed","sticky":false,"template":"","format":"standard","meta":{"footnotes":""},"categories":[1],"tags":[],"_links":{"self":[{"href":"https:\/\/blog.polityka.pl\/passent\/wp-json\/wp\/v2\/posts\/6710"}],"collection":[{"href":"https:\/\/blog.polityka.pl\/passent\/wp-json\/wp\/v2\/posts"}],"about":[{"href":"https:\/\/blog.polityka.pl\/passent\/wp-json\/wp\/v2\/types\/post"}],"author":[{"embeddable":true,"href":"https:\/\/blog.polityka.pl\/passent\/wp-json\/wp\/v2\/users\/4"}],"replies":[{"embeddable":true,"href":"https:\/\/blog.polityka.pl\/passent\/wp-json\/wp\/v2\/comments?post=6710"}],"version-history":[{"count":4,"href":"https:\/\/blog.polityka.pl\/passent\/wp-json\/wp\/v2\/posts\/6710\/revisions"}],"predecessor-version":[{"id":6715,"href":"https:\/\/blog.polityka.pl\/passent\/wp-json\/wp\/v2\/posts\/6710\/revisions\/6715"}],"wp:featuredmedia":[{"embeddable":true,"href":"https:\/\/blog.polityka.pl\/passent\/wp-json\/wp\/v2\/media\/6713"}],"wp:attachment":[{"href":"https:\/\/blog.polityka.pl\/passent\/wp-json\/wp\/v2\/media?parent=6710"}],"wp:term":[{"taxonomy":"category","embeddable":true,"href":"https:\/\/blog.polityka.pl\/passent\/wp-json\/wp\/v2\/categories?post=6710"},{"taxonomy":"post_tag","embeddable":true,"href":"https:\/\/blog.polityka.pl\/passent\/wp-json\/wp\/v2\/tags?post=6710"}],"curies":[{"name":"wp","href":"https:\/\/api.w.org\/{rel}","templated":true}]}}