
{"id":6716,"date":"2021-03-13T23:24:52","date_gmt":"2021-03-13T22:24:52","guid":{"rendered":"https:\/\/passent.blog.polityka.pl\/?p=6716"},"modified":"2021-03-14T22:41:25","modified_gmt":"2021-03-14T21:41:25","slug":"dzentelmeni-z-krakowskiego-przedmiescia","status":"publish","type":"post","link":"https:\/\/blog.polityka.pl\/passent\/2021\/03\/13\/dzentelmeni-z-krakowskiego-przedmiescia\/","title":{"rendered":"D\u017centelmeni  z Krakowskiego Przedmie\u015bcia"},"content":{"rendered":"\n<p>Pozosta\u0142o jeszcze sze\u015b\u0107 tygodni na ratyfikacj\u0119 porozumienia Unii Europejskiej wok\u00f3\u0142 Funduszu Obudowy, a tak\u017ce plan\u00f3w jego wykorzystania przez kraje cz\u0142onkowskie, w tym Polsk\u0119. Idzie o miliardy euro subwencji i kredyt\u00f3w.<\/p>\n\n\n\n<!--more-->\n\n\n\n<p>Pocz\u0105tkowo wydawa\u0142o si\u0119, \u017ce je\u015bli Solidarna Polska \u2013 zgodnie ze swoj\u0105 lini\u0105 &#8211; b\u0119dzie g\u0142osowa\u0142a przeciw (poniewa\u017c porozumienie przewiduje powi\u0105zanie funduszu z praworz\u0105dno\u015bci\u0105), to mog\u0105 by\u0107 problemy z ratyfikacj\u0105. Ali\u015bci Lewica pospieszy\u0142a z zapewnieniem, i\u017c b\u0119dzie g\u0142osowa\u0142a \u201etak\u201d razem ze Zjednoczon\u0105 Prawic\u0105, co przes\u0105dza spraw\u0119 na rzecz ratyfikacji. Opozycja jest bowiem \u201ena musiku\u201d \u2013 trudno by\u0107 przeciwko czemu\u015b, co ju\u017c jest por\u00f3wnywane do drugiego Planu Marshalla (potem si\u0119 lekko z tego wycofa\u0142a).<\/p>\n\n\n\n<p>Opozycja zapewnia, \u017ce nie b\u0119dzie g\u0142osowa\u0142a \u201eautomatycznie\u201d, za darmo, bezwarunkowo, \u017ce jej zgoda b\u0119dzie ob\u0142o\u017cona warunkami, takimi jak uzgodnienie sposob\u00f3w podzia\u0142u i wykorzystania funduszy. \u017beby samorz\u0105dy nie zosta\u0142y zn\u00f3w oszukane. Kaczy\u0144ski i Morawiecki, PiS i rz\u0105d mog\u0105 jednak spa\u0107 spokojnie. (Wyrzuty sumienia nie sp\u0119dzaj\u0105 im snu z powiek). Jak tylko opozycja zacznie grymasi\u0107, to si\u0119 j\u0105 oskar\u017cy o sprzyjanie \u201epolexitowi\u201d. Jest to absolutna bzdura, a w dodatku wymowny paradoks: wiecznie eurosceptyczny PiS b\u0119dzie oskar\u017ca\u0142 o polexit prounijn\u0105 Platform\u0119 (t\u0119, kt\u00f3ra \u201ewys\u0142uguje si\u0119\u201d Merkel i Brukseli), Koalicj\u0119, ruch Ho\u0142owni i lewic\u0119. Czyli klasyczne \u201e\u0142apaj z\u0142odzieja!\u201d.<\/p>\n\n\n\n<p>Europa to nie jest kontynent dla nas, my by\u015bmy si\u0119 lepiej czuli w okolicach Kazachstanu albo w Afryce. Parlament Europejski zn\u00f3w grillowa\u0142 Polsk\u0119 i W\u0119gry za nietolerancj\u0119 wobec mniejszo\u015bci seksualnych i przyj\u0105\u0142 odpowiedni\u0105 rezolucj\u0119, kt\u00f3ra uznaje Uni\u0119 za stref\u0119 wolno\u015bci dla LGBTiQ. Jeszcze jeden afront wobec naszego kraju.<\/p>\n\n\n\n<p>I jeszcze przyczynek do panuj\u0105cych obyczaj\u00f3w. Prezesem Mi\u0119dzynarodowego Trybuna\u0142u do Spraw Karnych w Hadze wybrany zosta\u0142 polski prof. Piotr Hofma\u0144ski, pierwszy na tym stanowisku przedstawiciel Europy \u015arodkowo-Wschodniej. Zapytany w TVN, czy otrzyma\u0142 wiele gratulacji, odpowiedzia\u0142, \u017ce tak, du\u017co. &#8222;A od w\u0142adz?&#8221;. Nie. <\/p>\n\n\n\n<p>To si\u0119 w g\u0142owie nie mie\u015bci. I to w kraju, kt\u00f3rego prezydent jest doktorem nauk prawnych. Piotr Hofma\u0144ski b\u0119dzie teraz czeka\u0142 tak jak prezydent Joe Biden i Kamela Harris, a\u017c w Warszawie kto\u015b puknie si\u0119 w czo\u0142o.<\/p>\n\n\n\n<p>Zapyta\u0142em moich ekspert\u00f3w prawnych, co my\u015bl\u0105 o profesorze Hofma\u0144skim. Fantastyczny &#8211; brzmia\u0142a odpowied\u017a. To chyba t\u0142umaczy brak oficjalnych gratulacji. Ciesz\u0105 nas sukcesy Polski i Polak\u00f3w na \u015bwiecie, pod warunkiem \u017ce s\u0105 to \u201enasi\u201d Polacy albo nasi faworyci, jak Donald Trump. Szanujemy werdykt wyborc\u00f3w, ale kiedy wygrywaj\u0105 nasi prawnicy (-ki): Paw\u0142owicz \u2013 Piotrowicz &#8211; Przy\u0142\u0119bska.<\/p>\n\n\n\n<p><strong>Zaproszenie \u201elast minute\u201d<\/strong><br>Dyplomata Jan Truszczy\u0144ski, by\u0142y g\u0142\u00f3wny negocjator akcesji naszego kraju do Unii Europejskiej, oraz prof. Karolina Wigura, socjolo\u017cka, Instytut Socjologii UW, &#8222;Kultura Liberalna&#8221; \u2013 b\u0119d\u0105 naszymi go\u015b\u0107mi w TOK FM, niedziela 14 marca, godz. 10:05.<\/p>\n","protected":false},"excerpt":{"rendered":"<p>Pozosta\u0142o jeszcze sze\u015b\u0107 tygodni na ratyfikacj\u0119 porozumienia Unii Europejskiej wok\u00f3\u0142 Funduszu Obudowy, a tak\u017ce plan\u00f3w jego wykorzystania przez kraje cz\u0142onkowskie, w tym Polsk\u0119. Idzie o miliardy euro subwencji i kredyt\u00f3w.<\/p>\n","protected":false},"author":4,"featured_media":6471,"comment_status":"open","ping_status":"closed","sticky":false,"template":"","format":"standard","meta":{"footnotes":""},"categories":[1],"tags":[],"_links":{"self":[{"href":"https:\/\/blog.polityka.pl\/passent\/wp-json\/wp\/v2\/posts\/6716"}],"collection":[{"href":"https:\/\/blog.polityka.pl\/passent\/wp-json\/wp\/v2\/posts"}],"about":[{"href":"https:\/\/blog.polityka.pl\/passent\/wp-json\/wp\/v2\/types\/post"}],"author":[{"embeddable":true,"href":"https:\/\/blog.polityka.pl\/passent\/wp-json\/wp\/v2\/users\/4"}],"replies":[{"embeddable":true,"href":"https:\/\/blog.polityka.pl\/passent\/wp-json\/wp\/v2\/comments?post=6716"}],"version-history":[{"count":5,"href":"https:\/\/blog.polityka.pl\/passent\/wp-json\/wp\/v2\/posts\/6716\/revisions"}],"predecessor-version":[{"id":6722,"href":"https:\/\/blog.polityka.pl\/passent\/wp-json\/wp\/v2\/posts\/6716\/revisions\/6722"}],"wp:featuredmedia":[{"embeddable":true,"href":"https:\/\/blog.polityka.pl\/passent\/wp-json\/wp\/v2\/media\/6471"}],"wp:attachment":[{"href":"https:\/\/blog.polityka.pl\/passent\/wp-json\/wp\/v2\/media?parent=6716"}],"wp:term":[{"taxonomy":"category","embeddable":true,"href":"https:\/\/blog.polityka.pl\/passent\/wp-json\/wp\/v2\/categories?post=6716"},{"taxonomy":"post_tag","embeddable":true,"href":"https:\/\/blog.polityka.pl\/passent\/wp-json\/wp\/v2\/tags?post=6716"}],"curies":[{"name":"wp","href":"https:\/\/api.w.org\/{rel}","templated":true}]}}