
{"id":6724,"date":"2021-03-16T22:06:48","date_gmt":"2021-03-16T21:06:48","guid":{"rendered":"https:\/\/passent.blog.polityka.pl\/?p=6724"},"modified":"2021-03-16T22:42:08","modified_gmt":"2021-03-16T21:42:08","slug":"daniel-w-paszczy-lwa","status":"publish","type":"post","link":"https:\/\/blog.polityka.pl\/passent\/2021\/03\/16\/daniel-w-paszczy-lwa\/","title":{"rendered":"Daniel w paszczy lwa"},"content":{"rendered":"\n<p>Z ogromnym wzruszeniem przyj\u0105\u0142em wiadomo\u015b\u0107, \u017ce m\u00f3j imiennik Daniel Obajtek wyst\u0105pi\u0142 do Centralnego Biura Antykorupcyjnego z wnioskiem o \u201eweryfikacj\u0119\u201d jego maj\u0105tku od zarania a\u017c po dzie\u0144 dzisiejszy. Podczas kiedy zwyczajny cz\u0142owiek, a ju\u017c zw\u0142aszcza kombinator, stara si\u0119 trzyma\u0107 z daleka od CBA, Daniel sam pcha si\u0119 w \u0142apy dzikiego zwierza. Nie pozostaje mu nic innego (poza dymisj\u0105). To jest typowe dla nas &#8211; danieli. Bezgraniczna uczciwo\u015b\u0107 i odwaga.<\/p>\n\n\n\n<!--more-->\n\n\n\n<p>Nic wi\u0119c dziwnego, \u017ce agencja przychyli\u0142a si\u0119 do pro\u015bby prezesa i przyjrzy si\u0119 jego finansom z bliska. Czas najwy\u017cszy. Przy okazji CBA przypomina, \u017ce w latach ubieg\u0142ych ju\u017c dwukrotnie pochyla\u0142o si\u0119 nad finansami Daniela (Obajtka). Zawsze z tym samym rezultatem: nie stwierdzono rozbie\u017cno\u015bci pomi\u0119dzy o\u015bwiadczeniami maj\u0105tkowymi prezesa a stanem faktycznym. Czyli wszystko by\u0142o cacy.<\/p>\n\n\n\n<p>Nic innego CBA nie mog\u0142a o\u015bwiadczy\u0107, w przeciwnym wypadku nie mog\u0142a milcze\u0107. Nasuwa si\u0119 pytanie: je\u017celi Daniel by\u0142 (jest?) czysty jak \u0142za, to sk\u0105d te wszystkie inwestycje, wille, rezydencje, \u201epola i lasy\u201d? Co robi\u0142o CBA, gdy Daniel zostawa\u0142 prezesem Orlenu, kt\u00f3ry to prezes powinien by\u0107 czysty jak \u0142za?<\/p>\n\n\n\n<p>Albo CBA przepu\u015bci\u0142o nieprawid\u0142owo\u015bci, nie dopatrzy\u0142o si\u0119 rozbie\u017cno\u015bci \u2013 to wtedy skompromitowa\u0142o si\u0119 samo, wszak go\u0142ym okiem wida\u0107, \u017ce maj\u0105tek Daniela nijak ma si\u0119 do \u017ar\u00f3de\u0142 jego dochod\u00f3w. Albo CBA pozostawa\u0142o bezczynne, kiedy cala Polska hucza\u0142a, i dopiero na wniosek samego zainteresowanego przyst\u0119puje do dzia\u0142ania. Nie by\u0142aby to pierwsza wpadka CBA \u2013 wystarczy wspomnie\u0107 agenta Tomka i pr\u00f3b\u0119 wrobienia prezydenta Kwa\u015bniewskiego w dom w Kazimierzu.<\/p>\n\n\n\n<p>Je\u017celi wszystkie prywatne interesy i transakcje Daniela Obajtka by\u0142y legalne, to i tak rysuje si\u0119 sylwetka osoby bez tej klasy, jakiej wymaga jedno z najwa\u017cniejszych stanowisk w sektorze publicznym gospodarki polskiej. Orlen traci na warto\u015bci, prezes Obajtek straci\u0142 wiele na swoim wizerunku, nie m\u00f3wi\u0105c o reputacji naszego kraju. Zamiast chroni\u0107 prezesa, premier i wicepremier powinni zabra\u0107 prezesa z Orlenu.<\/p>\n\n\n\n<p>Niestety, podobnie jak w przypadku \u201ewybor\u00f3w pocztowych\u201d nikomu w\u0142os z g\u0142owy nie spadnie. Ojczyzna zap\u0142aci.<\/p>\n","protected":false},"excerpt":{"rendered":"<p>Z ogromnym wzruszeniem przyj\u0105\u0142em wiadomo\u015b\u0107, \u017ce m\u00f3j imiennik Daniel Obajtek wyst\u0105pi\u0142 do Centralnego Biura Antykorupcyjnego z wnioskiem o \u201eweryfikacj\u0119\u201d jego maj\u0105tku od zarania a\u017c po dzie\u0144 dzisiejszy. Podczas kiedy zwyczajny cz\u0142owiek, a ju\u017c zw\u0142aszcza kombinator, stara si\u0119 trzyma\u0107 z daleka od CBA, Daniel sam pcha si\u0119 w \u0142apy dzikiego zwierza. Nie pozostaje mu nic innego [&hellip;]<\/p>\n","protected":false},"author":4,"featured_media":6727,"comment_status":"open","ping_status":"closed","sticky":false,"template":"","format":"standard","meta":{"footnotes":""},"categories":[1],"tags":[],"_links":{"self":[{"href":"https:\/\/blog.polityka.pl\/passent\/wp-json\/wp\/v2\/posts\/6724"}],"collection":[{"href":"https:\/\/blog.polityka.pl\/passent\/wp-json\/wp\/v2\/posts"}],"about":[{"href":"https:\/\/blog.polityka.pl\/passent\/wp-json\/wp\/v2\/types\/post"}],"author":[{"embeddable":true,"href":"https:\/\/blog.polityka.pl\/passent\/wp-json\/wp\/v2\/users\/4"}],"replies":[{"embeddable":true,"href":"https:\/\/blog.polityka.pl\/passent\/wp-json\/wp\/v2\/comments?post=6724"}],"version-history":[{"count":3,"href":"https:\/\/blog.polityka.pl\/passent\/wp-json\/wp\/v2\/posts\/6724\/revisions"}],"predecessor-version":[{"id":6729,"href":"https:\/\/blog.polityka.pl\/passent\/wp-json\/wp\/v2\/posts\/6724\/revisions\/6729"}],"wp:featuredmedia":[{"embeddable":true,"href":"https:\/\/blog.polityka.pl\/passent\/wp-json\/wp\/v2\/media\/6727"}],"wp:attachment":[{"href":"https:\/\/blog.polityka.pl\/passent\/wp-json\/wp\/v2\/media?parent=6724"}],"wp:term":[{"taxonomy":"category","embeddable":true,"href":"https:\/\/blog.polityka.pl\/passent\/wp-json\/wp\/v2\/categories?post=6724"},{"taxonomy":"post_tag","embeddable":true,"href":"https:\/\/blog.polityka.pl\/passent\/wp-json\/wp\/v2\/tags?post=6724"}],"curies":[{"name":"wp","href":"https:\/\/api.w.org\/{rel}","templated":true}]}}