
{"id":673,"date":"2010-03-15T07:14:35","date_gmt":"2010-03-15T06:14:35","guid":{"rendered":"http:\/\/passent.blog.polityka.pl\/?p=673"},"modified":"2010-03-15T07:14:35","modified_gmt":"2010-03-15T06:14:35","slug":"niewielka-pociecha","status":"publish","type":"post","link":"https:\/\/blog.polityka.pl\/passent\/2010\/03\/15\/niewielka-pociecha\/","title":{"rendered":"Niewielka pociecha"},"content":{"rendered":"<p><strong>Jak donosz\u0105 media, Telewizja Polska \u2013 na pro\u015bb\u0119 rzecznika rz\u0105du, Grasia &#8211; zgodzi\u0142a si\u0119 transmitowa\u0107 uroczysto\u015bci katy\u0144skie 7 kwietnia, z udzia\u0142em Tuska i Putina, a nie tylko \u2013 jak pierwotnie zamierzano \u2013 10 kwietnia z udzia\u0142em Lecha Kaczy\u0144skiego<\/strong>.<\/p>\n<p>Pierwsze wypowiedzi przedstawiciela TVP, \u017ce to b\u0119dzie kosztowne, a tak\u017ce polityk\u00f3w PiS (w tym os\u0142awionej pos\u0142anki Kruk), \u017ce Platforma uszczupla abonament, a potem domaga si\u0119 wi\u0119cej misji \u2013 by\u0142y nie na miejscu.<\/p>\n<p>Uroczysto\u015bci w Katyniu powinny przyczyni\u0107 si\u0119 do poznania i uznania prawdy o zbrodni katy\u0144skiej przez Rosjan oraz inne narodowo\u015bci by\u0142ego ZSRR, przede wszystkim do uznania, \u017ce by\u0142a to zbrodnia komunistyczna, kt\u00f3rej ofiar\u0105 pad\u0142y tysi\u0105ce i miliony Rosjan, Polak\u00f3w i mieszka\u0144c\u00f3w stalinowskiego imperium r\u00f3\u017cnych narodowo\u015bci. By\u0142oby \u017ale, gdyby po kt\u00f3rejkolwiek stronie pojawi\u0142y si\u0119 pr\u00f3by wykorzystywania rocznicy dla bie\u017c\u0105cych cel\u00f3w politycznych, a takie gro\u017aby istniej\u0105, np. sp\u00f3r o to, czy by\u0142o to ludob\u00f3jstwo, czy by\u0142y to zbrodnie rosyjskie, komunistyczne czy radzieckie, do jakiego stopnia spadkobiercami zbrodniarzy s\u0105 kraje b. ZSRR, \u0142atwo mo\u017ce przekszta\u0142ci\u0107 si\u0119 w dzisiejsze porachunki.<\/p>\n<p>B\u0119dzie dobrze, je\u015bli ta rocznica pomo\u017ce w pojednaniu polsko-rosyjskim, gdy\u017c \u2013 jak s\u0142usznie pisz\u0105 cytowani tu niedawno profesorowie Walicki i \u0141agowski \u2013 rusofobia wyrz\u0105dza du\u017ce szkody. Znakomita, acz przyt\u0142aczaj\u0105ca ksi\u0105\u017cka Anne Applebaum \u201eGu\u0142ag\u201d, pokazuje rozmiar cierpie\u0144, jakie dyktatura stalinowska sprowadzi\u0142a na Rosjan i na inne narody, w tym polski (autorka cz\u0119sto przywo\u0142uje stalinowskie represje wobec Polak\u00f3w). By\u0142oby dobrze, gdyby ta ksi\u0105\u017cka by\u0142a zalecana w liceach. By\u0142oby dobrze, gdyby polski Episkopat wyci\u0105gn\u0105\u0142 r\u0119k\u0119 do Rosjan, tak jak wyci\u0105gn\u0105\u0142 do Niemc\u00f3w. Jak s\u0142ycha\u0107, taki gest jest prawdopodobny. W\u00f3wczas prezes Kaczy\u0144ski nie odwa\u017cy si\u0119 uzna\u0107 biskup\u00f3w za \u201eparti\u0119 rosyjsk\u0105\u201d.<\/p>\n<p>Tak si\u0119 sk\u0142ada, \u017ce oczy \u015bwiatowej opinii publicznej s\u0105 dzi\u015b zwr\u00f3cone nie na Wsch\u00f3d, ale na Zach\u00f3d &#8211; na ofiary dyktatury Castro. \u015amier\u0107 Orlando Zapaty, w wyniku g\u0142od\u00f3wki, i determinacja kolejnych dzia\u0142aczy opozycji demokratycznej na Kubie, a tak\u017ce rezolucja Parlamentu Europejskiego pot\u0119piaj\u0105ca re\u017cim kuba\u0144ski o\u017cywi\u0142y polemik\u0119 o naturze wszelkiej dyktatury \u2013 lewicowej i prawicowej. Wida\u0107 to dobrze na przyk\u0142adzie Hiszpanii, kt\u00f3ra ma za sob\u0105 dyktatur\u0119 Franco, a jednocze\u015bnie spo\u015br\u00f3d pa\u0144stw zachodnich jest najbardziej tolerancyjna dla Kuby. Zas\u0142ugi Kuby w walce z panowaniem Stan\u00f3w Zjednoczonych na Zachodniej P\u00f3\u0142kuli s\u0105 dla hiszpa\u0144skiej lewicy tak wielkie, \u017ce przewa\u017caj\u0105 nad dyktatur\u0105 na wyspie.<\/p>\n<p>Dyktatura? \u2013 pytaj\u0105 socjali\u015bci. \u2013 A najazd na Irak, a Guantanamo, to co? Najwi\u0119kszy, socjalistyczny dziennik \u201eEl Pais\u201d pisze o oporach, jakie ma lewica wobec rewizji swojej najnowszej historii i stosowania wobec dyktator\u00f3w komunistycznych tej samej miary, co wobec re\u017cim\u00f3w autorytarnych prawicy, kt\u00f3ra te\u017c nie jest wolna od uprzedze\u0144 z przesz\u0142o\u015bci. \u201eJe\u015bli Kuba jest (chyba ostatnim) tabu dla niekt\u00f3rych tak zwanych post\u0119powc\u00f3w, na cz\u0119\u015bci prawicy ci\u0105\u017cy koszmar przesz\u0142o\u015bci frankistowskiej. Jedni i drudzy zdaj\u0105 si\u0119 tolerowa\u0107 jedn\u0105 albo drug\u0105 dyktatur\u0119\u201d- czytamy. Prawica te\u017c ma szkielet w szafie \u2013 m\u00f3wi lewica, kiedy s\u0142yszy obro\u0144c\u00f3w praw cz\u0142owieka na Kubie. Gdy Parlament Europejski pot\u0119pi\u0142 \u0142amanie praw cz\u0142owieka na Kubie, socjalistyczny \u201eEl Pais\u201d przyni\u00f3s\u0142 t\u0119 wiadomo\u015b\u0107 pod dalekim od zachwytu tytu\u0142em \u201eParlament Europejski utrudnia hiszpa\u0144skie otwarcie wobec Kuby\u201d.<\/p>\n<p>W Hiszpanii, podobnie jak w Ameryce \u0141aci\u0144skiej czy w Polsce, ca\u0142y czas trwa walka o pami\u0119\u0107. Prawicowa hiszpa\u0144ska Partia Ludowa po raz pierwszy pot\u0119pi\u0142a w parlamencie dyktatur\u0119 frankistowsk\u0105 dopiero w 2002 roku, w 17 lat po jej upadku, a w 2006 roku jej deputowani g\u0142osowali przeciwko pot\u0119pieniu frankizmu w Parlamencie Europejskim. \u201eW Hiszpanii nie ma demokratycznej debaty, m\u00f3wi pisarz Munoz Molina, jedni i drudzy, lewica i prawica, tylko do siebie strzelaj\u0105\u201d. Podzia\u0142y s\u0105 na tyle powa\u017cne, \u017ce istniej\u0105 nawet dwie organizacje ofiar terroryzmu. W rocznic\u0119 zamachu na dworcu Atoche w Madrycie odby\u0142y si\u0119 dwie oddzielne uroczysto\u015bci \u2013 lewicowa i prawicowa, jedna o 9. rano, a druga w po\u0142udnie. \u015aledz\u0105c wiadomo\u015bci z Hiszpanii, mo\u017cna odnie\u015b\u0107 wra\u017cenie, \u017ce oddzielne obchody kolejnych rocznic w Gda\u0144sku nie s\u0105 niczym niezwyk\u0142ym. Niewielka to pociecha. Sk\u0142onno\u015b\u0107 do przebaczenia i pojednania nie tylko u nas jest zbyt ma\u0142a.<\/p>\n","protected":false},"excerpt":{"rendered":"<p>Jak donosz\u0105 media, Telewizja Polska \u2013 na pro\u015bb\u0119 rzecznika rz\u0105du, Grasia &#8211; zgodzi\u0142a si\u0119 transmitowa\u0107 uroczysto\u015bci katy\u0144skie 7 kwietnia, z udzia\u0142em Tuska i Putina, a nie tylko \u2013 jak pierwotnie zamierzano \u2013 10 kwietnia z udzia\u0142em Lecha Kaczy\u0144skiego. Pierwsze wypowiedzi przedstawiciela TVP, \u017ce to b\u0119dzie kosztowne, a tak\u017ce polityk\u00f3w PiS (w tym os\u0142awionej pos\u0142anki Kruk), [&hellip;]<\/p>\n","protected":false},"author":4,"featured_media":0,"comment_status":"open","ping_status":"open","sticky":false,"template":"","format":"standard","meta":{"footnotes":""},"categories":[1],"tags":[],"_links":{"self":[{"href":"https:\/\/blog.polityka.pl\/passent\/wp-json\/wp\/v2\/posts\/673"}],"collection":[{"href":"https:\/\/blog.polityka.pl\/passent\/wp-json\/wp\/v2\/posts"}],"about":[{"href":"https:\/\/blog.polityka.pl\/passent\/wp-json\/wp\/v2\/types\/post"}],"author":[{"embeddable":true,"href":"https:\/\/blog.polityka.pl\/passent\/wp-json\/wp\/v2\/users\/4"}],"replies":[{"embeddable":true,"href":"https:\/\/blog.polityka.pl\/passent\/wp-json\/wp\/v2\/comments?post=673"}],"version-history":[{"count":0,"href":"https:\/\/blog.polityka.pl\/passent\/wp-json\/wp\/v2\/posts\/673\/revisions"}],"wp:attachment":[{"href":"https:\/\/blog.polityka.pl\/passent\/wp-json\/wp\/v2\/media?parent=673"}],"wp:term":[{"taxonomy":"category","embeddable":true,"href":"https:\/\/blog.polityka.pl\/passent\/wp-json\/wp\/v2\/categories?post=673"},{"taxonomy":"post_tag","embeddable":true,"href":"https:\/\/blog.polityka.pl\/passent\/wp-json\/wp\/v2\/tags?post=673"}],"curies":[{"name":"wp","href":"https:\/\/api.w.org\/{rel}","templated":true}]}}