
{"id":6730,"date":"2021-03-20T21:58:21","date_gmt":"2021-03-20T20:58:21","guid":{"rendered":"https:\/\/passent.blog.polityka.pl\/?p=6730"},"modified":"2021-03-21T23:07:29","modified_gmt":"2021-03-21T22:07:29","slug":"zero-z-tylu","status":"publish","type":"post","link":"https:\/\/blog.polityka.pl\/passent\/2021\/03\/20\/zero-z-tylu\/","title":{"rendered":"Zero z ty\u0142u"},"content":{"rendered":"\n<p>Jak informuje rzecznik rz\u0105du Piotr M\u00fcller, premier Morawiecki OSOBI\u015aCIE interweniowa\u0142 u kanclerz Niemiec <a href=\"https:\/\/www.polityka.pl\/tematy\/angela-merkel\">Angeli Merkel<\/a>. Chodzi\u0142o o spraw\u0119 wagi narodowej.<\/p>\n\n\n\n<!--more-->\n\n\n\n<p>\u017beby polscy pi\u0142karze, kt\u00f3rzy na co dzie\u0144 graj\u0105 w Niemczech, mogli pojecha\u0107 do Londynu na mecz Polska\u2013Anglia 31 marca i w drodze powrotnej nie musieli odbywa\u0107 obowi\u0105zkowej 10-dniowej kwarantanny, poniewa\u017c w tym czasie musz\u0105 gra\u0107 w lidze niemieckiej. Wiceminister spraw zagranicznych Rzeczypospolitej Polskiej Pawe\u0142 Jab\u0142o\u0144ski oraz rzecznik M\u00fcller podkre\u015blili, \u017ce wcze\u015bniejsze kontakty, na szczeblu roboczym, nie przynios\u0142y po\u017c\u0105danego efektu, dlatego polska dyplomacja uciek\u0142a si\u0119 do metod niekonwencjonalnych. Na zielon\u0105 muraw\u0119 wkroczy\u0142 OSOBI\u015aCIE (jak podkre\u015blaj\u0105 polskie media) Mateusz Morawiecki, postrach bramkarzy, zwany polskim Maradon\u0105.<\/p>\n\n\n\n<p>Na co dzie\u0144 polscy politycy i media prorz\u0105dowe nie pa\u0142aj\u0105 sympati\u0105 do Niemiec i fauluj\u0105, ile mog\u0105. Na ok\u0142adce bliskiego prezesowi PiS biuletynu kanclerz Merkel by\u0142a przedstawiona w spos\u00f3b odra\u017caj\u0105cy. &#8222;Po meczu z Polakami pierwsze kroki kierujemy do szpitala Charite liza\u0107 rany&#8221; \u2013 m\u00f3wi niemiecki fizjoterapeuta. Znana z antypolskiej fobii pani kanclerz tym razem nie mog\u0142a jednak oprze\u0107 si\u0119 polskiemu premierowi i osobi\u015bcie uleg\u0142a jego naleganiom. Jakim\u015b cudem Don Mateo uratowa\u0142 reprezentacj\u0119 Polski. \u201eDobrze weszli\u015bmy w mecz\u201d, powiedzia\u0142 nam bramkarz reprezentacji, kt\u00f3ry woli pozosta\u0107 anonimowy. &#8222;I oby\u015bmy tak z niego wyszli&#8221; \u2013 doda\u0142.<\/p>\n\n\n\n<p>&#8222;Powo\u0142a\u0142em Morawieckiego jako wahad\u0142owego, poniewa\u017c potrzebowa\u0142em zawodnika, kt\u00f3ry od pierwszego gwizdka wzbudzi respekt niemieckiej kanclerz&#8221; \u2013 powiedzia\u0142 nam prezes PZPN Zbigniew Boniek. Zach\u0119cona powodzeniem dyplomacja polska zamierza nadal gra\u0107 w spos\u00f3b niekonwencjonalny. \u201eUda\u0142o si\u0119 z Niemcami, ogramy i Anglik\u00f3w. P\u00f3jdziemy za ciosem \u2013 powiedzia\u0142 dzia\u0142acz zbli\u017cony do KPRM. \u2013 Chcemy przeprowadzi\u0107 z brytyjskim Foreign Office podobne rozmowy na temat ustalenia wyniku meczu. Po co biega\u0107, skaka\u0107 i wzajemnie si\u0119 kopa\u0107, je\u015bli spraw\u0119 mo\u017cna za\u0142atwi\u0107 elegancko, z buta, przestrzegaj\u0105c jednocze\u015bnie zasad fair play?&#8221;. Obie strony wyst\u0105pi\u0105 w najmocniejszych sk\u0142adach, z Johnsonem i z Morawieckim. &#8222;Nie chodzi o bramki, tylko o punkty&#8221; \u2013 powiedzia\u0142 polski premier. &#8222;Gramy na zero z ty\u0142u&#8221; \u2013 doda\u0142, wchodz\u0105c OSOBI\u015aCIE do szatni.<\/p>\n","protected":false},"excerpt":{"rendered":"<p>Jak informuje rzecznik rz\u0105du Piotr M\u00fcller, premier Morawiecki OSOBI\u015aCIE interweniowa\u0142 u kanclerz Niemiec Angeli Merkel. Chodzi\u0142o o spraw\u0119 wagi narodowej.<\/p>\n","protected":false},"author":4,"featured_media":0,"comment_status":"open","ping_status":"closed","sticky":false,"template":"","format":"standard","meta":{"footnotes":""},"categories":[1],"tags":[],"_links":{"self":[{"href":"https:\/\/blog.polityka.pl\/passent\/wp-json\/wp\/v2\/posts\/6730"}],"collection":[{"href":"https:\/\/blog.polityka.pl\/passent\/wp-json\/wp\/v2\/posts"}],"about":[{"href":"https:\/\/blog.polityka.pl\/passent\/wp-json\/wp\/v2\/types\/post"}],"author":[{"embeddable":true,"href":"https:\/\/blog.polityka.pl\/passent\/wp-json\/wp\/v2\/users\/4"}],"replies":[{"embeddable":true,"href":"https:\/\/blog.polityka.pl\/passent\/wp-json\/wp\/v2\/comments?post=6730"}],"version-history":[{"count":6,"href":"https:\/\/blog.polityka.pl\/passent\/wp-json\/wp\/v2\/posts\/6730\/revisions"}],"predecessor-version":[{"id":6736,"href":"https:\/\/blog.polityka.pl\/passent\/wp-json\/wp\/v2\/posts\/6730\/revisions\/6736"}],"wp:attachment":[{"href":"https:\/\/blog.polityka.pl\/passent\/wp-json\/wp\/v2\/media?parent=6730"}],"wp:term":[{"taxonomy":"category","embeddable":true,"href":"https:\/\/blog.polityka.pl\/passent\/wp-json\/wp\/v2\/categories?post=6730"},{"taxonomy":"post_tag","embeddable":true,"href":"https:\/\/blog.polityka.pl\/passent\/wp-json\/wp\/v2\/tags?post=6730"}],"curies":[{"name":"wp","href":"https:\/\/api.w.org\/{rel}","templated":true}]}}