
{"id":6737,"date":"2021-03-22T23:01:02","date_gmt":"2021-03-22T22:01:02","guid":{"rendered":"https:\/\/passent.blog.polityka.pl\/?p=6737"},"modified":"2021-03-23T11:37:44","modified_gmt":"2021-03-23T10:37:44","slug":"karawan-jedzie-dalej","status":"publish","type":"post","link":"https:\/\/blog.polityka.pl\/passent\/2021\/03\/22\/karawan-jedzie-dalej\/","title":{"rendered":"Karawan jedzie dalej"},"content":{"rendered":"\n<p>Gdzie&nbsp;jest ta s\u0142ynna stanowczo\u015b\u0107 i rekcja PiS na nieprawid\u0142owo\u015bci, z\u0142odziejstwo, nepotyzm i malwersacje?!<\/p>\n\n\n\n<!--more-->\n\n\n\n<p>Do niedawna, jak tylko w pa\u0144stwie PiS pojawia\u0142a si\u0119 nowa afera &#8211; a to prezes NIK ma problemy z domem w Krakowie, a to dwie wie\u017ce na Srebrnej, a inne w Ostro\u0142\u0119ce, a to w resorcie \u201esprawiedliwo\u015bci\u201d dzia\u0142a\u0142 warsztat hejtu, a to wyrzucono pa\u0144stwowe miliony na partyjne billboardy, a to pa\u0144stwo funduje wybory pocztowe za 70 mln, a to Macierewicz wydaje miliony na komisj\u0119 do spraw Smole\u0144ska \u2013 odpowied\u017a by\u0142a zawsze ta sama: wszystko mo\u017ce si\u0119 zdarzy\u0107, ale u nas nie ma pob\u0142a\u017cania, spraw\u0119 natychmiast si\u0119 wyja\u015bnia i przecina, podczas gdy w czasie rz\u0105d\u00f3w Platformy i PSL sprawy sz\u0142y wolno, wolniutko, usi\u0142owano je ukry\u0107 albo wyja\u015bnia\u0107 w \u017c\u00f3\u0142wim tempie.<\/p>\n\n\n\n<p>Do nas nie przychodzi si\u0119 dla pieni\u0119dzy \u2013 m\u00f3wili panowie Jaki, Sellin, Terlecki czy Bielan. Praca i pokora \u2013 m\u00f3wi\u0142a premier Szyd\u0142o.<\/p>\n\n\n\n<p>Afera Obajtka, chyba najwi\u0119ksza z dotychczasowych, ma jedn\u0105 dobr\u0105 stron\u0119: od kilku tygodni nikt ju\u017c w PiS nie twierdzi, \u017ce u nich konsekwencje wyci\u0105ga si\u0119 natychmiast w odr\u00f3\u017cnieniu od\u2026 itd. Ka\u017cdego dnia \u201eWyborcza\u201d i TVN ujawniaj\u0105 kolejne k\u0142amstwa, nieruchomo\u015bci oraz \u201ebiznesy\u201d Obajtka i co? I nic. \u201eKarawan\u201d jedzie dalej. Na razie nikomu w\u0142os z g\u0142owy nie spad\u0142 i nie spadnie, dop\u00f3ki Kaczy\u0144ski i sp\u00f3\u0142ka s\u0105 u w\u0142adzy.<\/p>\n\n\n\n<p>Spokojna g\u0142owa! Teraz wyci\u0105gn\u0119li na powr\u00f3t oskar\u017cenia wobec marsza\u0142ka Grodzkiego i b\u0119d\u0105 starali si\u0119 odwr\u00f3ci\u0107 uwag\u0119 od swojego prezesa Orlenu. Nawet gdyby (w co nie wierz\u0119, ale nawet gdyby\u2026) okaza\u0142o si\u0119 prawd\u0105, \u017ce co\u015b jest na rzeczy, to spraw\u0119 nale\u017cy wyja\u015bni\u0107, ale czym\u017ce ona jest (je\u015bli jest\u2026) w por\u00f3wnaniu z paj\u0119czyn\u0105 Obajtka, stratami Orlenu i jego g\u0142\u00f3wnego udzia\u0142owcy &#8211; pa\u0144stwa polskiego?<\/p>\n\n\n\n<p>Afera dw\u00f3ch wie\u017c na Srebrnej pokazuje, jak \u201eenergicznie i sprawnie\u201d dzia\u0142a prokuratura PiS. Mijaj\u0105 lata i miesi\u0105ce, a g\u0142\u00f3wny zainteresowany, prezes PiS, nie zosta\u0142 nawet przes\u0142uchany. Natomiast kiedy to by\u0142o PiS-owi potrzebne, to si\u0119 \u015bci\u0105ga\u0142o Tuska z Brukseli. Teraz s\u0142yszymy, \u017ce Obajtek jest czysty, tylko tajemnicze si\u0142y z zagranicy przypu\u015bci\u0142y atak na flagowy koncern polski. Ale my si\u0119 nie damy, sami spraw\u0119 wyja\u015bnimy do b\u00f3lu. Bo Obajtek to Orlen, a Orlen to Polska.<\/p>\n","protected":false},"excerpt":{"rendered":"<p>Gdzie&nbsp;jest ta s\u0142ynna stanowczo\u015b\u0107 i rekcja PiS na nieprawid\u0142owo\u015bci, z\u0142odziejstwo, nepotyzm i malwersacje?!<\/p>\n","protected":false},"author":4,"featured_media":6740,"comment_status":"open","ping_status":"closed","sticky":false,"template":"","format":"standard","meta":{"footnotes":""},"categories":[1],"tags":[],"_links":{"self":[{"href":"https:\/\/blog.polityka.pl\/passent\/wp-json\/wp\/v2\/posts\/6737"}],"collection":[{"href":"https:\/\/blog.polityka.pl\/passent\/wp-json\/wp\/v2\/posts"}],"about":[{"href":"https:\/\/blog.polityka.pl\/passent\/wp-json\/wp\/v2\/types\/post"}],"author":[{"embeddable":true,"href":"https:\/\/blog.polityka.pl\/passent\/wp-json\/wp\/v2\/users\/4"}],"replies":[{"embeddable":true,"href":"https:\/\/blog.polityka.pl\/passent\/wp-json\/wp\/v2\/comments?post=6737"}],"version-history":[{"count":3,"href":"https:\/\/blog.polityka.pl\/passent\/wp-json\/wp\/v2\/posts\/6737\/revisions"}],"predecessor-version":[{"id":6741,"href":"https:\/\/blog.polityka.pl\/passent\/wp-json\/wp\/v2\/posts\/6737\/revisions\/6741"}],"wp:featuredmedia":[{"embeddable":true,"href":"https:\/\/blog.polityka.pl\/passent\/wp-json\/wp\/v2\/media\/6740"}],"wp:attachment":[{"href":"https:\/\/blog.polityka.pl\/passent\/wp-json\/wp\/v2\/media?parent=6737"}],"wp:term":[{"taxonomy":"category","embeddable":true,"href":"https:\/\/blog.polityka.pl\/passent\/wp-json\/wp\/v2\/categories?post=6737"},{"taxonomy":"post_tag","embeddable":true,"href":"https:\/\/blog.polityka.pl\/passent\/wp-json\/wp\/v2\/tags?post=6737"}],"curies":[{"name":"wp","href":"https:\/\/api.w.org\/{rel}","templated":true}]}}