
{"id":674,"date":"2010-03-17T00:01:43","date_gmt":"2010-03-16T23:01:43","guid":{"rendered":"http:\/\/passent.blog.polityka.pl\/?p=674"},"modified":"2010-03-17T00:51:21","modified_gmt":"2010-03-16T23:51:21","slug":"opowiesci-hofmana","status":"publish","type":"post","link":"https:\/\/blog.polityka.pl\/passent\/2010\/03\/17\/opowiesci-hofmana\/","title":{"rendered":"Opowie\u015bci Hofmana"},"content":{"rendered":"<p><strong>Kiedy kilka dni temu pose\u0142 PiS Adam Hofman wspomnia\u0142 o mo\u017cliwo\u015bci sojuszu jego partii z SLD, s\u0105dzi\u0142em, \u017ce jest to tylko lapsus pyskatego m\u0142odzie\u0144ca cz\u0142owieka z partii prezesa Kaczy\u0144skiego<\/strong>.<\/p>\n<p>Jak \u2013 my\u015bla\u0142em sobie \u2013 mo\u017ce m\u00f3wi\u0107 o sojuszu z SLD pose\u0142 partii odnowy moralnej, partii, kt\u00f3rej prezes jeszcze nie tak dawno m\u00f3wi\u0142, \u017ce najwi\u0119kszym zagro\u017ceniem dla Polski s\u0105 postkomuni\u015bci? Nie wierzy\u0142em w\u0142asnym uszom. A jednak nie przes\u0142ysza\u0142em si\u0119. Hofman m\u00f3wi\u0142 serio.<\/p>\n<p>Dzisiaj okazuje si\u0119, \u017ce nadal chcia\u0142by koalicji z SLD, ale prezes si\u0119 nie zgadza. (Nie dziwi\u0119 si\u0119, \u017ce prezes si\u0119 odci\u0105\u0142 od tego pomys\u0142u. Oznacza\u0142by on bowiem przekre\u015blenie przez Jaros\u0142awa Kaczy\u0144skiego jego w\u0142asnego \u017cyciorysu i kompromitacj\u0119 wobec prawicy). \u201eZ SLD mogliby\u015bmy odsun\u0105\u0107 PO od w\u0142adzy\u201d \u2013 m\u00f3wi m\u0142ody wilczek i dodaje, \u017ce r\u00f3\u017cnice pomi\u0119dzy oboma partiami schodz\u0105 na plan dalszy wobec gro\u017aby przej\u0119cia przez Platform\u0119 pa\u0142acu prezydenckiego i rz\u0105dowego. Grozi nam bowiem dyktatura Tuska, demokratura zamiast demokracji.<\/p>\n<p>Pose\u0142 Hofman zapomina jednak, \u017ce demokratur\u0119 ju\u017c mieli\u015bmy, kiedy oba pa\u0142ace nale\u017ca\u0142y do braci Kaczy\u0144skich. I to wbrew zapewnieniom prezesa PiS, \u017ce nie zostanie premierem, poniewa\u017c spo\u0142ecze\u0144stwo nie znios\u0142oby dw\u00f3ch braci na najwy\u017cszych stanowiskach. Prezes mia\u0142 racj\u0119. Nar\u00f3d nie wytrzyma\u0142, odsun\u0105\u0142 najpierw Jaros\u0142awa, a wkr\u00f3tce odsunie i Lecha. W tej sytuacji ton\u0105cy Adam Hofman brzytwy si\u0119 chwyta. Proponuje SLD wsp\u00f3lne odsuni\u0119cie Platformy od w\u0142adzy, po to, \u017ceby przybli\u017cy\u0107 do niej Prawo i Sprawiedliwo\u015b\u0107.<\/p>\n<p>Nie jestem entuzjast\u0105 nieograniczonej w\u0142adzy Platformy, ale \u201ena dzie\u0144 dzisiejszy\u201d tylko kandydat tej partii gwarantuje wykurzenie PiS z pa\u0142acu prezydenckiego. Jakikolwiek sojusz prawicy z lewic\u0105 przeciwko centrum oznacza\u0142by dzi\u015b wzmocnienie PiS. Oferta Hofmana, odrzucona na szcz\u0119\u015bcie przez prezesa, oznacza\u0142aby ostateczne dobicie lewicy, kt\u00f3ra i tak ju\u017c ledwie dyszy. Lewica od d\u0142u\u017cszego ju\u017c czasu stoi przed lustrem i ogl\u0105da swoje kolejne oblicza, nie mog\u0105c si\u0119 zdecydowa\u0107, jakie wybra\u0107. Koalicja z PiS to by\u0142by gwo\u017ad\u017a do trumny SLD i lewicy, po kt\u00f3rej pozosta\u0142yby n\u0119dzne resztki.<\/p>\n<p>Oczywi\u015bcie, w polityce wszystko jest mo\u017cliwe i nigdy nie nale\u017cy m\u00f3wi\u0107 \u201enigdy\u201d. Rozumia\u0142bym okazjonalne wsp\u00f3\u0142dzia\u0142anie w konkretnej sprawie, np. odrzucenia projektu ustawy medialnej Platformy lub takich czy innych zmian w Konstytucji. Ale r\u00f3\u017cnice pomi\u0119dzy PiS a SLD s\u0105 i powinny pozosta\u0107 fundamentalne \u2013 dotycz\u0105 one m.in. oceny PRL, rozdzia\u0142u ko\u015bcio\u0142\u00f3w od pa\u0144stwa, lustracji, polityki historycznej, koncepcji suwerenno\u015bci, stosunku do Unii Europejskiej, mniejszo\u015bci, praw kobiet, przerywania ci\u0105\u017cy i zap\u0142odnienia in vitro, praworz\u0105dno\u015bci, niezawis\u0142o\u015bci s\u0105downictwa, wolno\u015bci akademickiej, medi\u00f3w publicznych itd., itp. By\u0142oby niedobrze, gdyby te r\u00f3\u017cnice mia\u0142y zosta\u0107 odsuni\u0119te, a nadrz\u0119dnym celem narodowym mia\u0142o by\u0107 odsuni\u0119cie Platformy od w\u0142adzy. By\u0142oby to leczenie anginy przy pomocy zapalenia p\u0142uc.<\/p>\n<p>Dlatego uwa\u017cam, \u017ce opowie\u015bci Hofmana powinny by\u0107 tam, gdzie ich miejsce \u2013 w operetce.<\/p>\n","protected":false},"excerpt":{"rendered":"<p>Kiedy kilka dni temu pose\u0142 PiS Adam Hofman wspomnia\u0142 o mo\u017cliwo\u015bci sojuszu jego partii z SLD, s\u0105dzi\u0142em, \u017ce jest to tylko lapsus pyskatego m\u0142odzie\u0144ca cz\u0142owieka z partii prezesa Kaczy\u0144skiego. Jak \u2013 my\u015bla\u0142em sobie \u2013 mo\u017ce m\u00f3wi\u0107 o sojuszu z SLD pose\u0142 partii odnowy moralnej, partii, kt\u00f3rej prezes jeszcze nie tak dawno m\u00f3wi\u0142, \u017ce najwi\u0119kszym zagro\u017ceniem [&hellip;]<\/p>\n","protected":false},"author":4,"featured_media":0,"comment_status":"open","ping_status":"open","sticky":false,"template":"","format":"standard","meta":{"footnotes":""},"categories":[1],"tags":[],"_links":{"self":[{"href":"https:\/\/blog.polityka.pl\/passent\/wp-json\/wp\/v2\/posts\/674"}],"collection":[{"href":"https:\/\/blog.polityka.pl\/passent\/wp-json\/wp\/v2\/posts"}],"about":[{"href":"https:\/\/blog.polityka.pl\/passent\/wp-json\/wp\/v2\/types\/post"}],"author":[{"embeddable":true,"href":"https:\/\/blog.polityka.pl\/passent\/wp-json\/wp\/v2\/users\/4"}],"replies":[{"embeddable":true,"href":"https:\/\/blog.polityka.pl\/passent\/wp-json\/wp\/v2\/comments?post=674"}],"version-history":[{"count":0,"href":"https:\/\/blog.polityka.pl\/passent\/wp-json\/wp\/v2\/posts\/674\/revisions"}],"wp:attachment":[{"href":"https:\/\/blog.polityka.pl\/passent\/wp-json\/wp\/v2\/media?parent=674"}],"wp:term":[{"taxonomy":"category","embeddable":true,"href":"https:\/\/blog.polityka.pl\/passent\/wp-json\/wp\/v2\/categories?post=674"},{"taxonomy":"post_tag","embeddable":true,"href":"https:\/\/blog.polityka.pl\/passent\/wp-json\/wp\/v2\/tags?post=674"}],"curies":[{"name":"wp","href":"https:\/\/api.w.org\/{rel}","templated":true}]}}