
{"id":6743,"date":"2021-03-25T18:02:05","date_gmt":"2021-03-25T17:02:05","guid":{"rendered":"https:\/\/passent.blog.polityka.pl\/?p=6743"},"modified":"2021-03-25T19:17:11","modified_gmt":"2021-03-25T18:17:11","slug":"morawiecki-przepros","status":"publish","type":"post","link":"https:\/\/blog.polityka.pl\/passent\/2021\/03\/25\/morawiecki-przepros\/","title":{"rendered":"Morawiecki \u2013 przepro\u015b!"},"content":{"rendered":"\n<p>Jaka jest r\u00f3\u017cnica mi\u0119dzy Niemcami a Polsk\u0105? Taka, \u017ce u nich kanclerz Merkel przeprasza nar\u00f3d i prosi wszystkich o przebaczenie, a u nas premier Morawiecki ka\u017ce, \u017ceby to jego przeprosi\u0107. To jest ta ma\u0142a r\u00f3\u017cnica mi\u0119dzy szefow\u0105 rz\u0105du, kt\u00f3ra traktuje obywateli powa\u017cnie, a naszym Pinokiem, kt\u00f3ry powa\u017cnie traktuje siebie samego.<\/p>\n\n\n\n<!--more-->\n\n\n\n<p>Posz\u0142o o wirusa. Merkel przeprosi\u0142a za to, \u017ce niechc\u0105cy zaniepokoi\u0142a (nastraszy\u0142a) nar\u00f3d, \u017ce w czasie \u015bwi\u0105t wielkanocnych ograniczone lub zakazane b\u0119d\u0105 wyjazdy za granic\u0119. Interesowa\u0142o to miliony ludzi. Tymczasem taka decyzja nie zapad\u0142a, a sprawa wielkanocnych woja\u017cy ci\u0105gle jest rozpatrywana. I z powodu takiego \u201edrobiazgu\u201d szefowa rz\u0105du najsilniejszego pa\u0144stwa europejskiego poczu\u0142a si\u0119 w obowi\u0105zku przeprosi\u0107!<\/p>\n\n\n\n<p>Gdyby polski premier mia\u0142 tyle klasy co niemiecka kanclerz, musia\u0142by bi\u0107 si\u0119 w piersi co kilka dni, kiedy rz\u0105d zmienia decyzje, zaostrza i luzuje, otwiera i zamyka, tak, \u017ce ju\u017c ma\u0142o kto wie, co b\u0119dzie za dzie\u0144\u2013dwa. Ale kogo to wzrusza? Zamiast tego Morawiecki co kilka dni, kiedy szpitale s\u0105 przepe\u0142nione, zaciera r\u0105czki i m\u00f3wi: widzicie, wieszali na nas psy, pokazywali puste szpitale tymczasowe, nie mieli racji, niech teraz przeprosz\u0105.<\/p>\n\n\n\n<p>Czy jednak Morawiecki kiedykolwiek przeprosi\u0142, kiedy og\u0142asza\u0142 kolejne zwyci\u0119stwa nad pandemi\u0105, kiedy zapewnia\u0142, \u017ce \u201ewirus si\u0119 cofa\u201d, a seniorzy mog\u0105 spokojnie i\u015b\u0107 do wybor\u00f3w (w domy\u015ble: i g\u0142osowa\u0107)?<\/p>\n\n\n\n<p>Czy premier przeprosi za to, \u017ce Polska ma najwy\u017csz\u0105 umieralno\u015b\u0107 w Europie i zajmuje jedno z ostatnich miejsc pod wzgl\u0119dem testowania? Mo\u017ce przeprosi cho\u0107by \u201etylko\u201d za samoloty, jakie z dum\u0105 wysy\u0142a\u0142 do Anglii, \u017ceby nam przywie\u017ali brytyjsk\u0105 odmian\u0119 wirusa, kt\u00f3ry dzisiaj zbiera tragiczne \u017cniwo. Wtedy premier pokazywa\u0142, jaki rz\u0105d jest dobry, \u017ce przywozi zrozpaczonych rodak\u00f3w na \u015bwi\u0119ta na ojczyzny \u0142ono. Szkoda tylko, \u017ce nikt nie pomy\u015bla\u0142 o testach i ewentualnej kwarantannie dla powracaj\u0105cych z zagranicy.<\/p>\n\n\n\n<p>Zamiast domaga\u0107 si\u0119 przeprosin, Morawiecki sam powinien prosi\u0107 o przebaczenie, bo to by\u0142 psi obowi\u0105zek jego rz\u0105du.<\/p>\n\n\n\n<p><strong>Zaproszenie<\/strong><br>Marek KONDRAT oraz Dariusz ROSIAK b\u0119d\u0105 naszymi go\u015b\u0107mi w TOK FM w niedziel\u0119, 28 marca, godz. 10:05.<\/p>\n","protected":false},"excerpt":{"rendered":"<p>Jaka jest r\u00f3\u017cnica mi\u0119dzy Niemcami a Polsk\u0105? Taka, \u017ce u nich kanclerz Merkel przeprasza nar\u00f3d i prosi wszystkich o przebaczenie, a u nas premier Morawiecki ka\u017ce, \u017ceby to jego przeprosi\u0107. To jest ta ma\u0142a r\u00f3\u017cnica mi\u0119dzy szefow\u0105 rz\u0105du, kt\u00f3ra traktuje obywateli powa\u017cnie, a naszym Pinokiem, kt\u00f3ry powa\u017cnie traktuje siebie samego.<\/p>\n","protected":false},"author":4,"featured_media":6746,"comment_status":"open","ping_status":"closed","sticky":false,"template":"","format":"standard","meta":{"footnotes":""},"categories":[1],"tags":[],"_links":{"self":[{"href":"https:\/\/blog.polityka.pl\/passent\/wp-json\/wp\/v2\/posts\/6743"}],"collection":[{"href":"https:\/\/blog.polityka.pl\/passent\/wp-json\/wp\/v2\/posts"}],"about":[{"href":"https:\/\/blog.polityka.pl\/passent\/wp-json\/wp\/v2\/types\/post"}],"author":[{"embeddable":true,"href":"https:\/\/blog.polityka.pl\/passent\/wp-json\/wp\/v2\/users\/4"}],"replies":[{"embeddable":true,"href":"https:\/\/blog.polityka.pl\/passent\/wp-json\/wp\/v2\/comments?post=6743"}],"version-history":[{"count":3,"href":"https:\/\/blog.polityka.pl\/passent\/wp-json\/wp\/v2\/posts\/6743\/revisions"}],"predecessor-version":[{"id":6748,"href":"https:\/\/blog.polityka.pl\/passent\/wp-json\/wp\/v2\/posts\/6743\/revisions\/6748"}],"wp:featuredmedia":[{"embeddable":true,"href":"https:\/\/blog.polityka.pl\/passent\/wp-json\/wp\/v2\/media\/6746"}],"wp:attachment":[{"href":"https:\/\/blog.polityka.pl\/passent\/wp-json\/wp\/v2\/media?parent=6743"}],"wp:term":[{"taxonomy":"category","embeddable":true,"href":"https:\/\/blog.polityka.pl\/passent\/wp-json\/wp\/v2\/categories?post=6743"},{"taxonomy":"post_tag","embeddable":true,"href":"https:\/\/blog.polityka.pl\/passent\/wp-json\/wp\/v2\/tags?post=6743"}],"curies":[{"name":"wp","href":"https:\/\/api.w.org\/{rel}","templated":true}]}}