
{"id":6752,"date":"2021-04-02T18:37:17","date_gmt":"2021-04-02T16:37:17","guid":{"rendered":"https:\/\/passent.blog.polityka.pl\/?p=6752"},"modified":"2021-04-02T19:59:05","modified_gmt":"2021-04-02T17:59:05","slug":"nie-lakne-krwi-dworczyka","status":"publish","type":"post","link":"https:\/\/blog.polityka.pl\/passent\/2021\/04\/02\/nie-lakne-krwi-dworczyka\/","title":{"rendered":"Nie \u0142akn\u0119 krwi Dworczyka"},"content":{"rendered":"\n<p>Polak taki jest delikatny, \u017ce ci\u0105gle kto\u015b \u2013 wszystko jedno, cudzoziemiec czy inny Polak \u2013 musi go przeprosi\u0107. \u201eAktualnie\u201d, czyli \u201ena dzie\u0144 dzisiejszy\u201d albo \u201ena ten moment\u201d, G\u0142\u00f3wny Inspektor Sanitarny czeka, a\u017c <a href=\"https:\/\/www.polityka.pl\/tygodnikpolityka\/kraj\/2111515,1,szef-gis-atakuje-dr-grzesiowski-znowu-niewygodny.read\">przeprosi dr Pawe\u0142 Grzesiowski<\/a>, znany lekarz, aktywny uczestnik i komentator kampanii antywirusowej. Kiedy wybuch\u0142a pandemia, okaza\u0142o si\u0119, \u017ce GIS to jedna wielka kompromitacja \u2013 lekcewa\u017cony przez kolejne rz\u0105dy, archaiczny, bez komputer\u00f3w, bez ludzi, bez pieni\u0119dzy, bez g\u0142owy.<\/p>\n\n\n\n<!--more-->\n\n\n\n<p>Miesi\u0105cami (w czasie pandemii!) czeka\u0142 na nowego szefa, a\u017c si\u0119 doczeka\u0142 in\u017cyniera K. Saczki, p.o. G\u0142\u00f3wnego Inspektora Sanitarnego naszego um\u0119czonego kraju. Musi to by\u0107 cz\u0142owiek, powiedzmy, bojowy, oryginalny, energiczny, poniewa\u017c opr\u00f3cz walki z wirusem ma czas na walk\u0119 z\u2026 dr. Paw\u0142em Grzesiowskim, znanym specjalist\u0105, ekspertem i komentatorem walki z pandemi\u0105.<\/p>\n\n\n\n<p>GIS wyst\u0105pi\u0142 z wnioskiem, aby Naczelna Izba Lekarska pobawi\u0142a Grzesiowskiego prawa wykonywania zawodu, poniewa\u017c ten w swoich wyst\u0105pieniach atakuje instytucje pa\u0144stwowe i wyg\u0142asza opinie, kt\u00f3re si\u0119 p.o. GIS nie podobaj\u0105, mo\u017ce nawet \u2013 jego zdaniem &#8211; s\u0105 szkodliwe.<\/p>\n\n\n\n<p>P.o. g\u0142\u00f3wnego inspektora powinien si\u0119 jak najpr\u0119dzej zreflektowa\u0107, p\u00f3j\u015b\u0107 po rozum do g\u0142owy (nie skorzystam ze z\u0142o\u015bliwo\u015bci, kt\u00f3re a\u017c si\u0119 prosz\u0105\u2026) i przesta\u0107 bawi\u0107 si\u0119 w cenzora. Prosz\u0119 walczy\u0107 z pandemi\u0105, a nie z \u201enies\u0142usznym\u201d lekarzem! P.o. G\u0142\u00f3wnego Inspektora powinien przede wszystkim zaj\u0105\u0107 si\u0119 mordercz\u0105 pandemi\u0105, odbudow\u0105 swojej instytucji, a nie dyrygowaniem opini\u0105 lekarzy i innych \u015brodowisk. Lepiej niech Pan opowie, co Pan zrobi\u0142, \u017ceby GIS by\u0142 przygotowany na najgorsze, i nie robi\u0142 z siebie cenzora. Czasy cenzury min\u0119\u0142y.<\/p>\n\n\n\n<p>W\u0105tpi\u0119, \u017ce p. Saczka dzia\u0142a\u0142 z w\u0142asnej inicjatywy. Komu\u015b marzy si\u0119 nowy Doktor G. In\u017c. Saczka powinien jak najpr\u0119dzej przeprosi\u0107. Ludzie mr\u0105 tysi\u0105cami z powodu zaka\u017anej choroby, a G\u0142\u00f3wny Inspektorat Sanitarny znalaz\u0142 sobie innego ni\u017c wirus wroga! Ludzie, gdzie my jeste\u015bmy?<\/p>\n\n\n\n<p>A minister Dworczyk, szef kancelarii premiera? Wsp\u00f3\u0142czuj\u0119 mu, podj\u0105\u0142 si\u0119 obowi\u0105zk\u00f3w ponad swoje (a mo\u017ce czyjekolwiek) si\u0142y, ale zamiast m\u00f3wi\u0107 o potkni\u0119ciach, usterkach, b\u0142\u0119dach, zamiast b\u0105ka\u0107, \u017ce \u201eoddaje si\u0119 do dyspozycji\u201d premiera, powinien zachowa\u0107 si\u0119 z honorem i z\u0142o\u017cy\u0107 rezygnacj\u0119 na pi\u015bmie, a premier, jak b\u0119dzie chcia\u0142, to i tak mo\u017ce swojego ministra zachowa\u0107 na stanowisku lub mu podzi\u0119kowa\u0107. Do\u015b\u0107 \u201eoddawania si\u0119 do dyspozycji\u201d i wszelkiego lawiranctwa, niech bia\u0142e znaczy bia\u0142e, a czarne \u2013 czarne. \u017beby by\u0142a jasno\u015b\u0107: nie chodzi o Dworczyka (ani o p. Saczk\u0119), ani on mi brat, ani swat, nie \u0142akn\u0119 jego krwi, tylko przesta\u0144my oddawa\u0107 si\u0119 do dyspozycji i robi\u0107 oko do publiczno\u015bci.<\/p>\n\n\n\n<p><strong>Zaproszenie<\/strong><br>Znakomity reporter i pisarz (\u201eKAPU\u015aCI\u0143SKI non-fiction\u201d) Artur Domos\u0142awski wyda\u0142 now\u0105 ksi\u0105\u017ck\u0119 \u2013 tym razem o Zygmuncie Baumanie (\u201eWYGNANIEC\u201d), i z tej okazji b\u0119dzie naszym go\u015bciem w TOK FM. \u015awi\u0105teczna niedziela, 4 kwietnia, godz. 10:05.<\/p>\n","protected":false},"excerpt":{"rendered":"<p>Polak taki jest delikatny, \u017ce ci\u0105gle kto\u015b \u2013 wszystko jedno, cudzoziemiec czy inny Polak \u2013 musi go przeprosi\u0107. \u201eAktualnie\u201d, czyli \u201ena dzie\u0144 dzisiejszy\u201d albo \u201ena ten moment\u201d, G\u0142\u00f3wny Inspektor Sanitarny czeka, a\u017c przeprosi dr Pawe\u0142 Grzesiowski, znany lekarz, aktywny uczestnik i komentator kampanii antywirusowej. Kiedy wybuch\u0142a pandemia, okaza\u0142o si\u0119, \u017ce GIS to jedna wielka kompromitacja [&hellip;]<\/p>\n","protected":false},"author":4,"featured_media":6755,"comment_status":"open","ping_status":"closed","sticky":false,"template":"","format":"standard","meta":{"footnotes":""},"categories":[1],"tags":[],"_links":{"self":[{"href":"https:\/\/blog.polityka.pl\/passent\/wp-json\/wp\/v2\/posts\/6752"}],"collection":[{"href":"https:\/\/blog.polityka.pl\/passent\/wp-json\/wp\/v2\/posts"}],"about":[{"href":"https:\/\/blog.polityka.pl\/passent\/wp-json\/wp\/v2\/types\/post"}],"author":[{"embeddable":true,"href":"https:\/\/blog.polityka.pl\/passent\/wp-json\/wp\/v2\/users\/4"}],"replies":[{"embeddable":true,"href":"https:\/\/blog.polityka.pl\/passent\/wp-json\/wp\/v2\/comments?post=6752"}],"version-history":[{"count":4,"href":"https:\/\/blog.polityka.pl\/passent\/wp-json\/wp\/v2\/posts\/6752\/revisions"}],"predecessor-version":[{"id":6758,"href":"https:\/\/blog.polityka.pl\/passent\/wp-json\/wp\/v2\/posts\/6752\/revisions\/6758"}],"wp:featuredmedia":[{"embeddable":true,"href":"https:\/\/blog.polityka.pl\/passent\/wp-json\/wp\/v2\/media\/6755"}],"wp:attachment":[{"href":"https:\/\/blog.polityka.pl\/passent\/wp-json\/wp\/v2\/media?parent=6752"}],"wp:term":[{"taxonomy":"category","embeddable":true,"href":"https:\/\/blog.polityka.pl\/passent\/wp-json\/wp\/v2\/categories?post=6752"},{"taxonomy":"post_tag","embeddable":true,"href":"https:\/\/blog.polityka.pl\/passent\/wp-json\/wp\/v2\/tags?post=6752"}],"curies":[{"name":"wp","href":"https:\/\/api.w.org\/{rel}","templated":true}]}}