
{"id":6759,"date":"2021-04-03T16:23:19","date_gmt":"2021-04-03T14:23:19","guid":{"rendered":"https:\/\/passent.blog.polityka.pl\/?p=6759"},"modified":"2021-04-03T19:35:25","modified_gmt":"2021-04-03T17:35:25","slug":"za-co-przeprosil-morawiecki","status":"publish","type":"post","link":"https:\/\/blog.polityka.pl\/passent\/2021\/04\/03\/za-co-przeprosil-morawiecki\/","title":{"rendered":"Za co przeprosi\u0142 Morawiecki?"},"content":{"rendered":"\n<p>\u201eMorawiecki \u2013 przepro\u015b!\u201d \u2013 taki by\u0142 tytu\u0142 mojego wpisu na tym blogu 25 marca. Ku mojemu zaskoczeniu ju\u017c po kilku dniach, w Wielki Pi\u0105tek, premier przeprosi\u0142. Czego by nie m\u00f3wi\u0107, powiedzia\u0142 \u201eprzepraszam\u201d z r\u00f3wn\u0105 \u0142atwo\u015bci\u0105 jak wszystko, co m\u00f3wi. Nigdy jeszcze jako bloger nie odnios\u0142em takiego sukcesu.<\/p>\n\n\n\n<!--more-->\n\n\n\n<p>Nie mam tak przewr\u00f3cone w g\u0142owie, by uwa\u017ca\u0107, \u017ce premier zobaczy\u0142 m\u00f3j wpis, pukn\u0105\u0142 si\u0119 w czo\u0142o i powiedzia\u0142: \u017ce te\u017c mi to nie przysz\u0142o na my\u015bl! Ten Passent ma racj\u0119. Warto spr\u00f3bowa\u0107. Co mi szkodzi? I jak pomy\u015bla\u0142, tak zrobi\u0142.<\/p>\n\n\n\n<p>Oczywi\u015bcie, tak nie by\u0142o. Morawiecki przeprosi\u0142 sam z siebie, mo\u017ce po naradzie ze swoimi m\u0119drcami: Kaczy\u0144skim, Gli\u0144skim, Kami\u0144skim, Sasinem, Niedzielskim, Dworczykiem. Czy mia\u0142 na to czas i ochot\u0119? Skoro minister zdrowia nie wiedzia\u0142, \u017ce w nocy zawali\u0142 si\u0119 system zapis\u00f3w na szczepienie, to nie musi te\u017c wiedzie\u0107, i\u017c premier przeprosi.<\/p>\n\n\n\n<p>Dlaczego Morawiecki przeprosi\u0142? Poniewa\u017c d\u0142u\u017cej nie m\u00f3g\u0142 k\u0142ama\u0107. Dop\u00f3ki m\u00f3g\u0142, opowiada\u0142 bajki. Ale ile mo\u017cna? Zaczyna\u0142y si\u0119 \u015bwi\u0119ta, w czasie kt\u00f3rych zgromadzeni (cz\u0119sto nielegalnie) rodacy b\u0119d\u0105 m\u00f3wili, co my\u015bl\u0105. Pytanie \u201eZA CO przeprosi\u0142 premier\u201d pozostaje bez odpowiedzi, przyjdzie na nie czas, wtedy tw\u00f3rcy rz\u0105dowej komunikacji poka\u017c\u0105 mierzej\u0119, budow\u0119 megalotniska, afery Platformy, Tuska w prokuraturze itd.<\/p>\n\n\n\n<p>Tej nocy zawali\u0142 si\u0119 nie tylko system rezerwacji termin\u00f3w, ale i system propagandy, enigmatycznie zwany \u201ekomunikacj\u0105\u201d. Dotychczasowa \u201ekomunikacja\u201d, uprawiana od g\u00f3ry \u2013 od premiera i jego rzecznik\u00f3w, poprzez TVP, aparat pa\u0144stwa, po suto op\u0142acane media prorz\u0105dowe &#8211; by\u0142a jedn\u0105 wielk\u0105 propagand\u0105 sukcesu. Narodowy program, narodowa strategia \u2013 wszystko to jeden wielki sukces, polski cud, kt\u00f3rego zazdro\u015bci nam Europa. Media \u015bwiatowe piej\u0105 z zachwytu.<\/p>\n\n\n\n<p>Morawiecki uprawia\u0142 t\u0119 propagand\u0119 (komunikacj\u0119) w spos\u00f3b szczeg\u00f3lnie antypatyczny. &#8222;Je\u017celi nie chcecie nam pom\u00f3c, to przynajmniej nie przeszkadzajcie&#8221; \u2013 m\u00f3wi\u0142 do opozycji. Kpi\u0142 z tych, kt\u00f3rzy rzekomo krytykowali tworzenie szpitali tymczasowych. W obliczu \u201esukcesu&#8221; tych szpitali wzywa\u0142 krytyk\u00f3w do przeprosin. R\u00f3\u017cnica pomi\u0119dzy Niemcami a Polsk\u0105 polega\u0142a na tym, \u017ce tam kanclerz Merkel przeprasza\u0142a za zapowied\u017a obostrze\u0144 na \u015bwi\u0119ta, a u nas premier Morawiecki domaga\u0142 si\u0119 przeprosin za kolejny sukces jego administracji.<\/p>\n\n\n\n<p>Arogancja, agresja, pycha, k\u0142amstwo, niekompetencja, samouwielbienie \u2013 oto niekt\u00f3re cechy \u201ekomunikacji\u201d Morawieckiego. Dopiero kiedy system dozna\u0142 wstrz\u0105su, ponad p\u00f3\u0142 miliona ludzi postawiono na nogi, daj\u0105c im (oraz ich bliskim) nadziej\u0119, kt\u00f3r\u0105 trzeba by\u0142o niestety odwo\u0142a\u0107 \u2013 pad\u0142a komunikacja sukcesu, niemaj\u0105ca sobie r\u00f3wnej od czas\u00f3w Gierka. Brakowa\u0142o tylko pytania \u201epomo\u017cecie?\u201d.<\/p>\n\n\n\n<p>Nikt przy zdrowych zmys\u0142ach (poza TVP Info i paroma innymi mediami) nie wierzy, \u017ce przez tak wielki ocean nieszcz\u0119\u015bcia jak pandemia mo\u017cna przej\u015b\u0107 such\u0105 stop\u0105. Niepowodzenia, b\u0142\u0119dy s\u0105 nieuchronne. Jedne pa\u0144stwa radz\u0105 sobie lepiej, by\u0142y lepiej przygotowane, lepiej testowa\u0142y, maj\u0105 wi\u0119cej personelu, mniej zgon\u00f3w, wi\u0119cej wyszczepionych, inne \u2013 przeciwnie, przoduj\u0105 nie w tym, co trzeba.<\/p>\n\n\n\n<p>Ale nikt nie musia\u0142 k\u0142ama\u0107, ci\u0105gle fotografowa\u0107 si\u0119 na tle sukcesu (?), nikt nie zabrania\u0142 prezydentowi i pierwszej damie cz\u0119\u015bciej wychodzi\u0107 ze z\u0142otej klatki na Krakowskim Przedmie\u015bciu, nikt nie musia\u0142 rujnowa\u0107 zaufania obywateli do pa\u0144stwa. To ju\u017c jest dorobek w\u0142asny premiera. Dobrze, \u017ce przeprosi\u0142, to powinno polepszy\u0107 klimat. Ale na jak d\u0142ugo?<\/p>\n","protected":false},"excerpt":{"rendered":"<p>\u201eMorawiecki \u2013 przepro\u015b!\u201d \u2013 taki by\u0142 tytu\u0142 mojego wpisu na tym blogu 25 marca. Ku mojemu zaskoczeniu ju\u017c po kilku dniach, w Wielki Pi\u0105tek, premier przeprosi\u0142. Czego by nie m\u00f3wi\u0107, powiedzia\u0142 \u201eprzepraszam\u201d z r\u00f3wn\u0105 \u0142atwo\u015bci\u0105 jak wszystko, co m\u00f3wi. Nigdy jeszcze jako bloger nie odnios\u0142em takiego sukcesu.<\/p>\n","protected":false},"author":4,"featured_media":6746,"comment_status":"open","ping_status":"closed","sticky":false,"template":"","format":"standard","meta":{"footnotes":""},"categories":[1],"tags":[],"_links":{"self":[{"href":"https:\/\/blog.polityka.pl\/passent\/wp-json\/wp\/v2\/posts\/6759"}],"collection":[{"href":"https:\/\/blog.polityka.pl\/passent\/wp-json\/wp\/v2\/posts"}],"about":[{"href":"https:\/\/blog.polityka.pl\/passent\/wp-json\/wp\/v2\/types\/post"}],"author":[{"embeddable":true,"href":"https:\/\/blog.polityka.pl\/passent\/wp-json\/wp\/v2\/users\/4"}],"replies":[{"embeddable":true,"href":"https:\/\/blog.polityka.pl\/passent\/wp-json\/wp\/v2\/comments?post=6759"}],"version-history":[{"count":3,"href":"https:\/\/blog.polityka.pl\/passent\/wp-json\/wp\/v2\/posts\/6759\/revisions"}],"predecessor-version":[{"id":6763,"href":"https:\/\/blog.polityka.pl\/passent\/wp-json\/wp\/v2\/posts\/6759\/revisions\/6763"}],"wp:featuredmedia":[{"embeddable":true,"href":"https:\/\/blog.polityka.pl\/passent\/wp-json\/wp\/v2\/media\/6746"}],"wp:attachment":[{"href":"https:\/\/blog.polityka.pl\/passent\/wp-json\/wp\/v2\/media?parent=6759"}],"wp:term":[{"taxonomy":"category","embeddable":true,"href":"https:\/\/blog.polityka.pl\/passent\/wp-json\/wp\/v2\/categories?post=6759"},{"taxonomy":"post_tag","embeddable":true,"href":"https:\/\/blog.polityka.pl\/passent\/wp-json\/wp\/v2\/tags?post=6759"}],"curies":[{"name":"wp","href":"https:\/\/api.w.org\/{rel}","templated":true}]}}