
{"id":676,"date":"2010-03-21T16:02:39","date_gmt":"2010-03-21T15:02:39","guid":{"rendered":"http:\/\/passent.blog.polityka.pl\/?p=676"},"modified":"2010-03-21T16:09:10","modified_gmt":"2010-03-21T15:09:10","slug":"remis-ze-wskazaniem","status":"publish","type":"post","link":"https:\/\/blog.polityka.pl\/passent\/2010\/03\/21\/remis-ze-wskazaniem\/","title":{"rendered":"Remis ze wskazaniem"},"content":{"rendered":"<p><strong>Bezpo\u015brednio po debacie Komorowski \u2013 Sikorski, powiedzia\u0142em w TVN 24, \u017ce by\u0142 remis ze wskazaniem na Sikorskiego<\/strong>.<\/p>\n<p>By\u0142 lepiej przygotowany, m\u00f3wi\u0142 mniej, ale starannie dobiera\u0142 s\u0142owa, patrza\u0142 w kamer\u0119, i przekaza\u0142 to, co zamierza\u0142: Oferuje prezydentur\u0119 eksportow\u0105, zagraniczno-obronn\u0105, pogodzon\u0105 z premierem, m\u0142odsz\u0105 i europejsk\u0105. Komorowski k\u0142ad\u0142 nacisk na do\u015bwiadczenie, obliczalno\u015b\u0107, a tak\u017ce na pewn\u0105 suwerenno\u015b\u0107 prezydenta, za du\u017co czyta\u0142, za du\u017co m\u00f3wi\u0142, raz czy drugi przekroczy\u0142 limit czasu. Wida\u0107, \u017ce woli rozmow\u0119 ni\u017c debat\u0119.<\/p>\n<p>Najwa\u017cniejszy jest jednak wynik sonda\u017cu \u201eKto by\u0142by lepszym kandydatem na prezydenta?\u201d, w kt\u00f3rym Komorowski prowadzi 60:40. Z tego wyniku obaj mog\u0105 by\u0107 zadowoleni. Komorowski, bo ma wyra\u017an\u0105 przewag\u0119, Sikorski \u2013 poniewa\u017c pnie si\u0119 w g\u00f3r\u0119, przynajmniej w badaniach opinii cz\u0142onk\u00f3w Platformy.<\/p>\n<p>Debata by\u0142a przes\u0142odzona, zabrak\u0142o w niej wa\u017cnych pyta\u0144: pogl\u0105dy na gospodark\u0119 (pa\u0144stwo liberalne czy opieku\u0144cze), na rozwarstwienie spo\u0142eczne (biedni-bogaci), na stosunki pa\u0144stwo \u2013 ko\u015bcio\u0142y (czy jeste\u015bmy pa\u0144stwem wyznaniowym) i wiele innych.<\/p>\n<p>Debata, nawet ograniczona i stonowana, pe\u0142na kr\u0119pacji, \u017ceby nie rozsadzi\u0107 ram Platformy, jest sukcesem tej partii, umocni\u0142a jej dominacj\u0119 na scenie politycznej, zepchn\u0119\u0142a jeszcze bardziej w cie\u0144 partie opozycyjne.<\/p>\n<p><strong>Nasuwaj\u0105 si\u0119 trzy pytania<\/strong>:<\/p>\n<p><strong>1<\/strong>) Kto ma wi\u0119ksze szanse pokona\u0107 Lecha Kaczy\u0144skiego? Moim zdaniem Komorowski, poniewa\u017c reprezentuje typ polityka, jaki budzi zaufanie, starszy, do\u015bwiadczony, swojski, z polsk\u0105 \u017con\u0105, przyk\u0142adny ojciec rodziny, kt\u00f3remu \u017cona dawa\u0142a na drog\u0119 do \u201einternatu\u201d cebul\u0119, czosnek i ksi\u0105\u017ceczk\u0119 do nabo\u017ce\u0144stwa.<\/p>\n<p><strong>2<\/strong>) Kto by\u0142by lepszym kandydatem z punktu widzenia Kaczy\u0144skich? Uwa\u017cam, \u017ce Sikorski i pod tym wzgl\u0119dem r\u00f3\u017cni\u0119 si\u0119 od wi\u0119kszo\u015bci komentator\u00f3w. Moim zdaniem Sikorski b\u0119dzie mia\u0142 wi\u0119ksze powodzenie u m\u0142odych wyborc\u00f3w, ale na tych Kaczy\u0144ski i tak nie mo\u017ce liczy\u0107. Natomiast Sikorski jest \u0142atwiejszy do zahaczenia: polityczny skoczek, zdradzi\u0142 PiS, nieoczekiwanie zmieni\u0142 barwy, niefrasobliwe wypowiedzi, \u201eprzegra\u0142\u201d tarcz\u0119 i Bia\u0142oru\u015b, kosmopolita, mia\u0142 dwa obywatelstwa, k\u0142\u00f3ci\u0142 si\u0119 o krzes\u0142o i samolot itp. Na og\u00f3\u0142 to bzdury, ale ciemny lud mo\u017ce to kupi\u0107.<\/p>\n<p><strong>3<\/strong>) Jak post\u0105pi przegrany w prawyborach Platformy? Czy utworzy w\u0142asny ruch, zacznie si\u0119 wybija\u0107 na niezale\u017cno\u015b\u0107 od Tuska? Moim zdaniem, na razie \u2013 nie. Przegrany b\u0119dzie zbyt od Tuska i Platformy zale\u017cny, \u017ceby podnie\u015b\u0107 g\u0142ow\u0119. A wygrany, czyli przysz\u0142y prezydent RP? To pytanie trudniejsze. Sikorski jest bardzo ambitny, cho\u0107 na razie godzi si\u0119 na okrojon\u0105 prezydentur\u0119, to nie gwarantuje uleg\u0142o\u015bci. Komorowski ma 57 lat, prezydentura b\u0119dzie ostatnim rozdzia\u0142em jego pi\u0119knej kariery i bez \u017cadnego ryzyka mo\u017ce si\u0119 wybi\u0107 na niepodleg\u0142o\u015b\u0107.<\/p>\n<p>\u201eNa dzie\u0144 dzisiejszy\u201d Lech Kaczy\u0144ski nie ma szans ani z Komorowskim, ani z Sikorskim. Platforma ma dw\u00f3ch dobrych kandydat\u00f3w i s\u0105 du\u017ce nadzieje, \u017ce z powa\u017cnym, obliczalnym prezydentem Polska b\u0119dzie krajem bardziej normalnym.<\/p>\n","protected":false},"excerpt":{"rendered":"<p>Bezpo\u015brednio po debacie Komorowski \u2013 Sikorski, powiedzia\u0142em w TVN 24, \u017ce by\u0142 remis ze wskazaniem na Sikorskiego. By\u0142 lepiej przygotowany, m\u00f3wi\u0142 mniej, ale starannie dobiera\u0142 s\u0142owa, patrza\u0142 w kamer\u0119, i przekaza\u0142 to, co zamierza\u0142: Oferuje prezydentur\u0119 eksportow\u0105, zagraniczno-obronn\u0105, pogodzon\u0105 z premierem, m\u0142odsz\u0105 i europejsk\u0105. Komorowski k\u0142ad\u0142 nacisk na do\u015bwiadczenie, obliczalno\u015b\u0107, a tak\u017ce na pewn\u0105 suwerenno\u015b\u0107 [&hellip;]<\/p>\n","protected":false},"author":4,"featured_media":0,"comment_status":"open","ping_status":"open","sticky":false,"template":"","format":"standard","meta":{"footnotes":""},"categories":[1],"tags":[],"_links":{"self":[{"href":"https:\/\/blog.polityka.pl\/passent\/wp-json\/wp\/v2\/posts\/676"}],"collection":[{"href":"https:\/\/blog.polityka.pl\/passent\/wp-json\/wp\/v2\/posts"}],"about":[{"href":"https:\/\/blog.polityka.pl\/passent\/wp-json\/wp\/v2\/types\/post"}],"author":[{"embeddable":true,"href":"https:\/\/blog.polityka.pl\/passent\/wp-json\/wp\/v2\/users\/4"}],"replies":[{"embeddable":true,"href":"https:\/\/blog.polityka.pl\/passent\/wp-json\/wp\/v2\/comments?post=676"}],"version-history":[{"count":0,"href":"https:\/\/blog.polityka.pl\/passent\/wp-json\/wp\/v2\/posts\/676\/revisions"}],"wp:attachment":[{"href":"https:\/\/blog.polityka.pl\/passent\/wp-json\/wp\/v2\/media?parent=676"}],"wp:term":[{"taxonomy":"category","embeddable":true,"href":"https:\/\/blog.polityka.pl\/passent\/wp-json\/wp\/v2\/categories?post=676"},{"taxonomy":"post_tag","embeddable":true,"href":"https:\/\/blog.polityka.pl\/passent\/wp-json\/wp\/v2\/tags?post=676"}],"curies":[{"name":"wp","href":"https:\/\/api.w.org\/{rel}","templated":true}]}}