
{"id":677,"date":"2010-03-24T00:01:15","date_gmt":"2010-03-23T23:01:15","guid":{"rendered":"http:\/\/passent.blog.polityka.pl\/?p=677"},"modified":"2010-03-24T05:11:22","modified_gmt":"2010-03-24T04:11:22","slug":"kaczynski-do-rosji","status":"publish","type":"post","link":"https:\/\/blog.polityka.pl\/passent\/2010\/03\/24\/kaczynski-do-rosji\/","title":{"rendered":"Kaczy\u0144ski do Rosji"},"content":{"rendered":"<p><strong>Mam nadziej\u0119, \u017ce prezydent Lech Kaczy\u0144ski nie b\u0119dzie zastanawia\u0142 si\u0119 d\u0142ugo i przyjmie zaproszenie do udzia\u0142u 9 maja br. w Moskwie w obchodach 65. rocznicy zwyci\u0119stwa aliant\u00f3w w II Wojnie \u015awiatowej<\/strong>.<\/p>\n<p>\u201eZastanawianie si\u0119\u201d ma chyba charakter protokolarny (czekanie na zaproszenie pisemne), bo na ile ja si\u0119 znam na dyplomacji, to szef Kancelarii prezydenta nie przyjmuje ambasadora z zaproszeniem ustnym, gdyby to zaproszenie mia\u0142o zosta\u0107 odrzucone. Wbrew obawom, \u017ce MSZ zawali\u0142 spraw\u0119 (\u017ce nie poinformowa\u0142 Kremla, i\u017c prezydent Kaczy\u0144ski pragnie przedtem wzi\u0105\u0107 udzia\u0142 w obchodach rocznicy zbrodni katy\u0144skiej 10 kwietnia), i \u017ce w stosunkach polsko \u2013 rosyjskich panuje ba\u0142agan (z winy Rosji i wsp\u00f3\u0142pracuj\u0105cego z ni\u0105 polskiego MSZ) \u2013 wygl\u0105da na to, \u017ce sprawy uk\u0142adaj\u0105 si\u0119 pomy\u015blnie.<\/p>\n<p>Prezydent Kaczy\u0144ski b\u0119dzie m\u00f3g\u0142 z\u0142o\u017cy\u0107 ho\u0142d ofiarom zbrodni katy\u0144skiej i pot\u0119pi\u0107 zbrodniarzy spod znaku Stalina, Mo\u0142otowa i Berii, bestialskich tak\u017ce wobec w\u0142asnego narodu, a miesi\u0105c p\u00f3\u017aniej uczci\u0107 rocznic\u0119 zwyci\u0119stwa nad faszyzmem, kt\u00f3re niezliczeni Rosjanie i Polacy przyp\u0142acili \u017cyciem. Oba narody by\u0142y ofiarami obu totalitaryzm\u00f3w. Obchody obu rocznic i udzia\u0142 w nich przedstawicieli najwy\u017cszych w\u0142adz Polski i Federacji Rosyjskiej b\u0119d\u0105 mia\u0142y du\u017ce znaczenie. Z tego, co s\u0142ycha\u0107, zapraszaj\u0105c Kaczy\u0144skiego, Rosja potraktowa\u0142a Polsk\u0119 wyj\u0105tkowo, gdy\u017c w Moskwie przyj\u0119to zasad\u0119, i\u017c w obchodach 9. maja mo\u017ce wzi\u0105\u0107 udzia\u0142 \u201eka\u017cdy\u201d, kto wyrazi tak\u0105 wol\u0119.<\/p>\n<p>Je\u015bli prezydent pojedzie do Moskwy i \u017cadna ze stron nie pope\u0142ni \u017cadnej gafy, to dobrze dla Polski, dobrze dla \u2013 tak dla nas wa\u017cnych &#8211; stosunk\u00f3w obu pa\u0144stw, wreszcie &#8211; dobrze dla samego Lecha Kaczy\u0144skiego, kt\u00f3ry zdyskontuje polepszaj\u0105ce si\u0119 (dzi\u0119ki polityce obecnego rz\u0105du, Tuska i Sikorskiego) stosunki z Rosj\u0105. Na kilka miesi\u0119cy przed wyborami prezydenckimi, Lech Kaczy\u0144ski b\u0119dzie m\u00f3g\u0142 pokaza\u0107 si\u0119 na Placu Czerwonym jako m\u0105\u017c stanu, obok szef\u00f3w pa\u0144stw zwyci\u0119skiej koalicji antyhitlerowskiej, i to przyjmuj\u0105c defilad\u0119 z udzia\u0142em polskich \u017co\u0142nierzy. Tym samym polski prezydent zbierze owoce bardziej elastycznej i skutecznej polityki wschodniej Tuska\/Sikorskiego\/Rotfelda. Mo\u017ce ogl\u0105daj\u0105c w telewizji swojego brata na Placu Czerwonym, prezes Jaros\u0142aw Kaczy\u0144ski zrozumie wreszcie, dlaczego zaproszono Putina na obchody rocznicy Westerplatte. Jak powiedzia\u0142 Sikorski podczas debaty z Komorowskim: &#8211; Chcieliby\u015bmy mie\u0107 \u2013 w sensie politycznym \u2013 Zach\u00f3d na Wschodzie i na Zachodzie Polski. W kwietniu i w maju b\u0119dzie taka szansa. Wa\u017cne, \u017ceby obie strony j\u0105 wykorzysta\u0142y, by zdoby\u0142y si\u0119 na odwag\u0119 i da\u0142y \u015bwiadectwo prawdzie. Nie b\u0119dzie to \u0142atwe, zobaczymy jak Putin i Tusk, a miesi\u0105c p\u00f3\u017aniej Kaczy\u0144ski i Miedwiediew, zdadz\u0105 ten egzamin. Dobrze, \u017ce do niego dojdzie. B\u0119dzie szansa, kt\u00f3rej nie wolno zmarnowa\u0107. Obie rocznice nie powinny by\u0107 dla naszych polityk\u00f3w pretekstem do uprawiania kampanii wyborczej.<\/p>\n<p>***<\/p>\n<p><strong>PS<\/strong>.<\/p>\n<p><strong>WINIEN<\/strong> i inni \u2013 absolutnie podzielam oburzenie z powodu antysemickich wybryk\u00f3w <strong>Muratora<\/strong> i innych na blogu. Zauwa\u017cy\u0142em, \u017ce antysemici powstrzymuj\u0105 si\u0119 ju\u017c od antysemickich tyrad (albo s\u0105 one usuwane przez Moderator\u00f3w) i uciekaj\u0105 si\u0119 do drobnych wtr\u0119t\u00f3w, trudniejszych do wytropienia. Je\u017celi si\u0119 powt\u00f3rz\u0105 \u2013 wyprosz\u0119 autor\u00f3w z blogu.<\/p>\n<p><strong>WODNIK 53<\/strong> i kilka innych os\u00f3b wzywa mnie do zaj\u0119cia stanowiska w sprawie areszt\u00f3w wydobywczych (pot\u0119piam) w sprawie procesu \u0141y\u017cwi\u0144skiego \u2013 tej ostatniej sprawy nie \u015bledzi\u0142em, wykracza poza moje zainteresowania.<\/p>\n<p>***<\/p>\n<p><strong>\u201ePod Napi\u0119ciem\u201d w Gda\u0144sku<\/strong><\/p>\n<p>Czytelnik\u00f3w z Tr\u00f3jmiasta i okolic zapraszam na spotkanie autorskie z okazji publikacji zbioru felieton\u00f3w \u201ePod Napi\u0119ciem\u201d. Spotkanie odb\u0119dzie si\u0119\u00a0 we czwartek, 8 kwietnia o godz. 18.00 w Gda\u0144skim Klubie Biznesu. Szczeg\u00f3\u0142y i ewentualne\u00a0 zaproszenia mo\u017cna uzyska\u0107 drog\u0105 internetow\u0105, pisz\u0105c na adres: Dorota@gkb.pl. Ze wzgl\u0119du na szczup\u0142o\u015b\u0107 sali, liczba zaprosze\u0144 jest ograniczona, za co z g\u00f3ry przepraszamy. Do zobaczenia!<br \/>\n<a href=\"\/wp-content\/uploads\/2009\/11\/passent-okl-big.jpg\"><img loading=\"lazy\" decoding=\"async\" class=\"alignnone size-full wp-image-633\" title=\"passent-okl-big\" src=\"\/wp-content\/uploads\/2009\/11\/passent-okl-big.jpg\" alt=\"\" width=\"334\" height=\"508\" srcset=\"\/passent\/wp-content\/uploads\/2009\/11\/passent-okl-big.jpg 334w, \/passent\/wp-content\/uploads\/2009\/11\/passent-okl-big-197x300.jpg 197w\" sizes=\"(max-width: 334px) 100vw, 334px\" \/><\/a><\/p>\n","protected":false},"excerpt":{"rendered":"<p>Mam nadziej\u0119, \u017ce prezydent Lech Kaczy\u0144ski nie b\u0119dzie zastanawia\u0142 si\u0119 d\u0142ugo i przyjmie zaproszenie do udzia\u0142u 9 maja br. w Moskwie w obchodach 65. rocznicy zwyci\u0119stwa aliant\u00f3w w II Wojnie \u015awiatowej. \u201eZastanawianie si\u0119\u201d ma chyba charakter protokolarny (czekanie na zaproszenie pisemne), bo na ile ja si\u0119 znam na dyplomacji, to szef Kancelarii prezydenta nie przyjmuje [&hellip;]<\/p>\n","protected":false},"author":4,"featured_media":0,"comment_status":"open","ping_status":"open","sticky":false,"template":"","format":"standard","meta":{"footnotes":""},"categories":[1],"tags":[],"_links":{"self":[{"href":"https:\/\/blog.polityka.pl\/passent\/wp-json\/wp\/v2\/posts\/677"}],"collection":[{"href":"https:\/\/blog.polityka.pl\/passent\/wp-json\/wp\/v2\/posts"}],"about":[{"href":"https:\/\/blog.polityka.pl\/passent\/wp-json\/wp\/v2\/types\/post"}],"author":[{"embeddable":true,"href":"https:\/\/blog.polityka.pl\/passent\/wp-json\/wp\/v2\/users\/4"}],"replies":[{"embeddable":true,"href":"https:\/\/blog.polityka.pl\/passent\/wp-json\/wp\/v2\/comments?post=677"}],"version-history":[{"count":0,"href":"https:\/\/blog.polityka.pl\/passent\/wp-json\/wp\/v2\/posts\/677\/revisions"}],"wp:attachment":[{"href":"https:\/\/blog.polityka.pl\/passent\/wp-json\/wp\/v2\/media?parent=677"}],"wp:term":[{"taxonomy":"category","embeddable":true,"href":"https:\/\/blog.polityka.pl\/passent\/wp-json\/wp\/v2\/categories?post=677"},{"taxonomy":"post_tag","embeddable":true,"href":"https:\/\/blog.polityka.pl\/passent\/wp-json\/wp\/v2\/tags?post=677"}],"curies":[{"name":"wp","href":"https:\/\/api.w.org\/{rel}","templated":true}]}}