
{"id":6797,"date":"2021-04-22T21:55:24","date_gmt":"2021-04-22T19:55:24","guid":{"rendered":"https:\/\/passent.blog.polityka.pl\/?p=6797"},"modified":"2021-04-22T22:06:09","modified_gmt":"2021-04-22T20:06:09","slug":"co-tam-panie-w-ameryce","status":"publish","type":"post","link":"https:\/\/blog.polityka.pl\/passent\/2021\/04\/22\/co-tam-panie-w-ameryce\/","title":{"rendered":"Co tam, panie, w Ameryce"},"content":{"rendered":"\n<p>Znu\u017cony troch\u0119 polskim ko\u0142owrotkiem postanowi\u0142em zajrze\u0107 do &#8222;New York Timesa&#8221; i trafi\u0142em na ciekawy esej o podzia\u0142ach w USA. Chocia\u017c Polska i Stany Zjednoczone to dwa r\u00f3\u017cne \u015bwiaty, w obu mamy do czynienia z g\u0142\u0119bokim podzia\u0142em i politycznym fanatyzmem.<\/p>\n\n\n\n<!--more-->\n\n\n\n<p>Amerykanie nazywaj\u0105 to sekciarstwem (<em>sectarianism<\/em>). Obie partie, Demokraci i Republikanie, postrzegaj\u0105 siebie wzajemnie jako wrog\u00f3w. Kompromis wydaje si\u0119 niemo\u017cliwy \u2013 pisze Nate Cohn w &#8222;NYT&#8221; (19 kwietnia). Nawet ludzie wybrani na stanowiska \u0142ami\u0105 prawo, co z kolei powoduje, \u017ce pokonani nie chc\u0105 uzna\u0107 swojej pora\u017cki, a to jest jednym z warunk\u00f3w demokracji.<\/p>\n\n\n\n<p>Sekciarstwo, religijne czy polityczne, oznacza istnienie dw\u00f3ch r\u00f3\u017cnych grup to\u017csamo\u015bciowych, kt\u00f3re widz\u0105 \u201etych drugich\u201d nie tylko jako zwolennik\u00f3w takiej czy innej polityki, ale jako obcych i amoralnych. Wielu Amerykan\u00f3w nie tylko r\u00f3\u017cni si\u0119 w pogl\u0105dach, ale po prostu nie lubi tych drugich (u nas, w Polsce, chyba tak samo?), co wida\u0107 np. podczas przyjmowania do pracy. (Zainteresowanym polecam ksi\u0105\u017ck\u0119 Magdaleny \u015arody \u201eObcy, inny, wykluczony\u201d).<\/p>\n\n\n\n<p>Wracam do USA. W ankiecie przeprowadzonej w gronie 16 znanych politolog\u00f3w przewa\u017cy\u0142a opinia, \u017ce nienawi\u015b\u0107 pomi\u0119dzy obiema partiami jest wi\u0119ksza ni\u017c w trwaj\u0105cych od lat podzia\u0142ach rasowych i religijnych. Wed\u0142ug sonda\u017cu CBS (stycze\u0144 2021) ponad po\u0142owa republikan\u00f3w i ponad 40 proc. demokrat\u00f3w widzi si\u0119 wzajemnie jako \u201ewrog\u00f3w\u201d, a nie jako rywali politycznych. Wielu nie chcia\u0142oby, \u017ceby ich dziecko zwi\u0105za\u0142o si\u0119 z kim\u015b z drugiej strony. Wi\u0119kszo\u015b\u0107 Amerykan\u00f3w uwa\u017ca, \u017ce najwi\u0119kszym zagro\u017ceniem dla Ameryki s\u0105 inni Amerykanie. (Ja uwa\u017cam, \u017ce w Polsce tak samo).<\/p>\n\n\n\n<p>Obie partie nie tylko r\u00f3\u017cni\u0105 si\u0119 ideologicznie, ale trwaj\u0105 w sporze rasowym, religijnym, pokoleniowym, terytorialnym. Stronniczo\u015b\u0107 sta\u0142a si\u0119 megato\u017csamo\u015bci\u0105 (u nas chyba te\u017c?). Liliana Mason, politolo\u017cka, twierdzi, \u017ce chodzi nie tylko o sp\u00f3r polityczny, ale o szerszy konflikt pomi\u0119dzy bia\u0142ymi konserwatywnymi chrze\u015bcijanami a liberaln\u0105, wielorasow\u0105 elit\u0105 \u015bwieck\u0105. Najsilniejsze g\u0142osy sekciarskie s\u0142ycha\u0107 w Kongresie, FOX News, na Twitterze. Ich autorzy uznali, \u017ce wojna kulturowa le\u017cy w ich interesie.<\/p>\n\n\n\n<p>Sekciarstwo jest tak silne w Partii Republika\u0144skiej, poniewa\u017c boi si\u0119 ona, \u017ce przegra nast\u0119pne wybory i zostanie sprowadzona do roli jednej z mniejszo\u015bci. Przegra\u0142a siedem z o\u015bmiu ostatnich elekcji prezydenckich. Chocia\u017c pora\u017cka jest cz\u0119\u015bci\u0105 demokracji, to trudniej j\u0105 znie\u015b\u0107 w spo\u0142ecze\u0144stwie sekciarskim. Rush Limbaugh, czo\u0142owy komentator republika\u0144ski, powiedzia\u0142, \u017ce konserwaty\u015bci zmierzaj\u0105 do secesji, bo nie mo\u017ce by\u0107 \u201epokojowego wsp\u00f3\u0142istnienia\u201d z libera\u0142ami. Co trzeci republikanin i co pi\u0105ty demokrata m\u00f3wi, \u017ce popar\u0142by secesjonist\u00f3w. Wi\u0119kszo\u015b\u0107 wyborc\u00f3w republika\u0144skich zgadza si\u0119, \u017ce \u201etradycyjny ameryka\u0144ski styl \u017cycia znika tak szybko, \u017ce mo\u017cemy by\u0107 zmuszeni do u\u017cycia si\u0142y w jego obronie\u201d.<\/p>\n\n\n\n<p>Na szcz\u0119\u015bcie mimo coraz wi\u0119kszego sekciarstwa Amerykanie wybrali Bidena, polityka umiarkowanego, a wi\u0119c nie wszystko jest jeszcze stracone.<\/p>\n\n\n\n<p><strong>Zaproszenie<\/strong><br>Prof. Pawe\u0142 Kowal i dr Katarzyna Kasia b\u0119d\u0105 naszymi go\u015b\u0107mi w TOK FM w niedziel\u0119 25 kwietnia o godz. 10:05. Zapraszam!<\/p>\n","protected":false},"excerpt":{"rendered":"<p>Znu\u017cony troch\u0119 polskim ko\u0142owrotkiem postanowi\u0142em zajrze\u0107 do &#8222;New York Timesa&#8221; i trafi\u0142em na ciekawy esej o podzia\u0142ach w USA. Chocia\u017c Polska i Stany Zjednoczone to dwa r\u00f3\u017cne \u015bwiaty, w obu mamy do czynienia z g\u0142\u0119bokim podzia\u0142em i politycznym fanatyzmem.<\/p>\n","protected":false},"author":4,"featured_media":6800,"comment_status":"open","ping_status":"closed","sticky":false,"template":"","format":"standard","meta":{"footnotes":""},"categories":[1],"tags":[],"_links":{"self":[{"href":"https:\/\/blog.polityka.pl\/passent\/wp-json\/wp\/v2\/posts\/6797"}],"collection":[{"href":"https:\/\/blog.polityka.pl\/passent\/wp-json\/wp\/v2\/posts"}],"about":[{"href":"https:\/\/blog.polityka.pl\/passent\/wp-json\/wp\/v2\/types\/post"}],"author":[{"embeddable":true,"href":"https:\/\/blog.polityka.pl\/passent\/wp-json\/wp\/v2\/users\/4"}],"replies":[{"embeddable":true,"href":"https:\/\/blog.polityka.pl\/passent\/wp-json\/wp\/v2\/comments?post=6797"}],"version-history":[{"count":6,"href":"https:\/\/blog.polityka.pl\/passent\/wp-json\/wp\/v2\/posts\/6797\/revisions"}],"predecessor-version":[{"id":6804,"href":"https:\/\/blog.polityka.pl\/passent\/wp-json\/wp\/v2\/posts\/6797\/revisions\/6804"}],"wp:featuredmedia":[{"embeddable":true,"href":"https:\/\/blog.polityka.pl\/passent\/wp-json\/wp\/v2\/media\/6800"}],"wp:attachment":[{"href":"https:\/\/blog.polityka.pl\/passent\/wp-json\/wp\/v2\/media?parent=6797"}],"wp:term":[{"taxonomy":"category","embeddable":true,"href":"https:\/\/blog.polityka.pl\/passent\/wp-json\/wp\/v2\/categories?post=6797"},{"taxonomy":"post_tag","embeddable":true,"href":"https:\/\/blog.polityka.pl\/passent\/wp-json\/wp\/v2\/tags?post=6797"}],"curies":[{"name":"wp","href":"https:\/\/api.w.org\/{rel}","templated":true}]}}