
{"id":68,"date":"2006-06-20T10:54:55","date_gmt":"2006-06-20T08:54:55","guid":{"rendered":"http:\/\/passent.blog.polityka.pl\/?p=68"},"modified":"2006-06-23T16:31:22","modified_gmt":"2006-06-23T14:31:22","slug":"dom-wariatow","status":"publish","type":"post","link":"https:\/\/blog.polityka.pl\/passent\/2006\/06\/20\/dom-wariatow\/","title":{"rendered":"Dom wariat\u00f3w"},"content":{"rendered":"<p>Oto niekt\u00f3re tytu\u0142y z jednej tylko gazety codziennej (\u201cDziennik\u201d, 19 czerwca):<br \/>\n\u201cWildstein grozi, \u017ce zrezygnuje\u201d (bo chc\u0105 mu narzuci\u0107 szefa TVP3).<br \/>\n\u201cAgenci ABW tak przes\u0142uchiwali emeryta, \u017ce prawie go zabili.\u201d (Korupcja za 680 z\u0142.)<br \/>\n\u201cPr\u00f3ba si\u0142 w TVP\u201d (podzia\u0142 \u0142up\u00f3w wg zasady 60 proc. PiS, 20 proc. LPR i 20 proc. Samoobrona). \u201cKaczy\u0144ski: Kurski wie, co m\u00f3wi.\u201d (Je\u015bli potwierdz\u0105 si\u0119 s\u0142owa Kurskiego, to b\u0119dzie koniec kariery Tuska).<br \/>\n\u201cWassermann: odwo\u0142a\u0107 Marca.\u201d (Niedawno mianowany prezes PGNiG ma zarzuty o niegospodarno\u015b\u0107).<br \/>\n\u201cGiertych woli pa\u0142k\u0119 zamiast rozmowy z m\u0142odzie\u017c\u0105\u201d.<br \/>\n\u201cAwantura na spotkaniu Giertycha.\u201d (Policja wyprowadza protestuj\u0105cych student\u00f3w z konferencji LPR).<br \/>\n\u201cRoman Giertych domaga si\u0119 delegalizacji SLD.\u201d<br \/>\n\u201cCzarnecki: pr\u0119dzej czy p\u00f3\u017aniej b\u0119dziemy w resortach si\u0142owych.\u201d<\/p>\n<p>Na widok takich tytu\u0142\u00f3w cz\u0142owiek nie ma ochoty na dalsz\u0105 lektur\u0119, raczej rozgl\u0105da si\u0119 za jak\u0105\u015b kryj\u00f3wk\u0105 albo krajem docelowym. To\u017c to istny dom wariat\u00f3w \u2013 pogr\u00f3\u017cki, b\u00f3jki, oskar\u017cenia, podejrzenia i wymys\u0142y. Rzuca si\u0119 w oczy, \u017ce prawie \u017cadna z tych awantur (poza studentami na spotkaniu LPR) nie zosta\u0142a wywo\u0142ana przez opozycj\u0119. Wr\u0119cz przeciwnie \u2013 kilka z nich to k\u0142\u00f3tnie w obozie w\u0142adzy. Nowy prezes TVP z nadania PiS grozi dymisj\u0105. Pr\u00f3b\u0119 si\u0142 w TVP inicjuj\u0105 koalicjanci PiS \u2013 Lepper i Giertych. Wassermann m\u00f3wi, \u017ce trzeba odwo\u0142a\u0107 prezesa PGNiG, Bogus\u0142awa Marca, mianowanego przez ob\u00f3z mi\u0142o\u015bciwie nam panuj\u0105cy. Premier Marcinkiewicz w rozmowie z Monik\u0105 Olejnik przyznaje, \u017ce prezes Marzec i nowy prezes Netzel nie zostali sprawdzeni przez s\u0142u\u017cby przed nominacj\u0105. (Nic dziwnego \u2013 s\u0142u\u017cby s\u0105 zaj\u0119te sprawdzaniem Tuska i innych.) Giertych woli pa\u0142k\u0119 od rozmowy z uczniami. Nic dziwnego \u2013 kto go \u2018postawi\u0142\u2019 na edukacj\u0119? Mamy rz\u0105d silnej r\u0119ki, min. Dorn te\u017c nie patyczkowa\u0142 si\u0119 z dyrektorem szpitala w \u0141odzi. Giertych domaga si\u0119 delegalizacji SLD \u2013 ten cz\u0142owiek nie mo\u017ce \u017cy\u0107 bez awantur, goni wszystkich \u2013 od komunist\u00f3w po homoseksualist\u00f3w. Samoobrona wyci\u0105ga kosmat\u0105 \u0142ap\u0119 po resorty si\u0142owe \u2013 nic dziwnego, apetyt ro\u015bnie w miar\u0119 jedzenia. Skoro rz\u0105d si\u0119 na niej trzyma, to i ona chce co\u015b otrzyma\u0107.<\/p>\n<p>Co te wszystkie ponure wie\u015bci maja wsp\u00f3lnego? Ano to, \u017ce pochodz\u0105 z obozu rz\u0105dz\u0105cego, prawie wszystkie pocz\u0119te s\u0105 \u201cu g\u00f3ry\u201d. Opozycja, zreszt\u0105 rozleniwiona i bezbarwna, nie musi si\u0119 wysila\u0107. Pa\u0144stwo psuje si\u0119 od g\u0142owy.<\/p>\n<p>\u00a0<\/p>\n","protected":false},"excerpt":{"rendered":"<p>Oto niekt\u00f3re tytu\u0142y z jednej tylko gazety codziennej (\u201cDziennik\u201d, 19 czerwca): \u201cWildstein grozi, \u017ce zrezygnuje\u201d (bo chc\u0105 mu narzuci\u0107 szefa TVP3). \u201cAgenci ABW tak przes\u0142uchiwali emeryta, \u017ce prawie go zabili.\u201d (Korupcja za 680 z\u0142.) \u201cPr\u00f3ba si\u0142 w TVP\u201d (podzia\u0142 \u0142up\u00f3w wg zasady 60 proc. PiS, 20 proc. LPR i 20 proc. Samoobrona). \u201cKaczy\u0144ski: Kurski wie, [&hellip;]<\/p>\n","protected":false},"author":4,"featured_media":0,"comment_status":"open","ping_status":"open","sticky":false,"template":"","format":"standard","meta":{"footnotes":""},"categories":[1],"tags":[],"_links":{"self":[{"href":"https:\/\/blog.polityka.pl\/passent\/wp-json\/wp\/v2\/posts\/68"}],"collection":[{"href":"https:\/\/blog.polityka.pl\/passent\/wp-json\/wp\/v2\/posts"}],"about":[{"href":"https:\/\/blog.polityka.pl\/passent\/wp-json\/wp\/v2\/types\/post"}],"author":[{"embeddable":true,"href":"https:\/\/blog.polityka.pl\/passent\/wp-json\/wp\/v2\/users\/4"}],"replies":[{"embeddable":true,"href":"https:\/\/blog.polityka.pl\/passent\/wp-json\/wp\/v2\/comments?post=68"}],"version-history":[{"count":0,"href":"https:\/\/blog.polityka.pl\/passent\/wp-json\/wp\/v2\/posts\/68\/revisions"}],"wp:attachment":[{"href":"https:\/\/blog.polityka.pl\/passent\/wp-json\/wp\/v2\/media?parent=68"}],"wp:term":[{"taxonomy":"category","embeddable":true,"href":"https:\/\/blog.polityka.pl\/passent\/wp-json\/wp\/v2\/categories?post=68"},{"taxonomy":"post_tag","embeddable":true,"href":"https:\/\/blog.polityka.pl\/passent\/wp-json\/wp\/v2\/tags?post=68"}],"curies":[{"name":"wp","href":"https:\/\/api.w.org\/{rel}","templated":true}]}}