
{"id":680,"date":"2010-03-30T10:40:21","date_gmt":"2010-03-30T09:40:21","guid":{"rendered":"http:\/\/passent.blog.polityka.pl\/?p=680"},"modified":"2010-03-30T11:50:06","modified_gmt":"2010-03-30T09:50:06","slug":"zegnaj-krzysiu","status":"publish","type":"post","link":"https:\/\/blog.polityka.pl\/passent\/2010\/03\/30\/zegnaj-krzysiu\/","title":{"rendered":"\u017begnaj, Krzysiu!"},"content":{"rendered":"<p><strong>\u015amier\u0107 Krzysztofa Teodora Toeplitza jest wielk\u0105 strat\u0105 dla polskiej kultury, polityki, medi\u00f3w, a dla Jego Rodziny, przyjaci\u00f3\u0142 i dla mnie \u2013 wielkim ciosem osobistym<\/strong>.<\/p>\n<p>KTT \u2013 inicja\u0142y, jakimi podpisywa\u0142 swoje felietony Krzysztof Teodor Toeplitz (1933-2010), by\u0142y zawsze symbolem najwy\u017cszej kultury, znakomitego pisarstwa, erudycji, poczucia humoru zaprawionego nutk\u0105 smutku, i konsekwentnie lewicowych pogl\u0105d\u00f3w.<\/p>\n<p>Krzysztofa zna\u0142em i przyja\u017ani\u0142em si\u0119 z Nim od po\u0142owy lat 50., by\u0142 przyjacielem naszej rodziny od poprzedniego pokolenia. Wywodzi\u0142 si\u0119 ze znakomitej rodziny Toeplitz\u00f3w, wielce zas\u0142u\u017conej dla polskiej (i w\u0142oskiej) kultury, bankowo\u015bci, i dla Warszawy. O tej rodzinie napisa\u0142 pi\u0119kn\u0105 ksi\u0105\u017ck\u0119 \u201eRodzina Toeplitz\u00f3w. Ksi\u0105\u017cka mojego ojca\u201d. Debiutowa\u0142 bardzo m\u0142odo, jako ucze\u0144 liceum im. Batorego publikowa\u0142 ju\u017c recenzje filmowe. Uko\u0144czy\u0142 histori\u0119 sztuki na Uniwersytecie Warszawskim, a ju\u017c jako doros\u0142y cz\u0142owiek zrobi\u0142 doktorat z teorii komiksu, kt\u00f3rego by\u0142 jednym z pierwszych polskich badaczy. Wyk\u0142ada\u0142 w PWST, PWSP oraz w \u0142\u00f3dzkiej \u201eFilm\u00f3wce\u201d.<\/p>\n<p>Znakomicie wykszta\u0142cony, utalentowany i pracowity, by\u0142 autorem bardzo wszechstronnym \u2013 teoretyk sztuki, felietonista, redaktor, scenarzysta (\u201eCzterdziestolatek\u201d i inne filmy oraz seriale). Nale\u017ca\u0142 do \u015bcis\u0142ej elity intelektualnej swojego pokolenia. Jako felietonista, by\u0142 w absolutnej czo\u0142\u00f3wce w epoce, kt\u00f3ra wyda\u0142a takich autor\u00f3w jak Antoni S\u0142onimski, Stefan Kisielewski, Jerzy Urban. Jego felietony ukazywa\u0142y si\u0119 w najwa\u017cniejszych czasopismach Polski powojennej &#8211; &#8222;Nowa Kultura&#8221;, &#8222;Przegl\u0105d Kulturalny&#8221;, &#8222;Polityka&#8221; (1982-1994). Wierny swoim lewicowym pogl\u0105dom i ma\u0142ostkowo, pami\u0119tliwie ignorowany przez media g\u0142\u00f3wnego nurtu (zar\u00f3wno przez salon, jak i przez antysalon), w ostatnich latach pisa\u0142 felietony do \u201ePrzegl\u0105du\u201d (za darmo) i do \u201eTrybuny\u201d, publikowa\u0142 tak\u017ce recenzje oraz eseje m.in. w \u201ePolityce\u201d i \u2013 jak mi m\u00f3wi\u0142 \u2013 t\u0119 wsp\u00f3\u0142prac\u0119 wysoko sobie ceni\u0142.<\/p>\n<p>Jako redaktor naczelny postawi\u0142 na nogi tygodnik \u201eSzpilki\u201d, wok\u00f3\u0142 kt\u00f3rego zgromadzi\u0142 najwybitniejszych rysownik\u00f3w swojego czasu \u2013 Andrzeja Dudzi\u0144skiego, Andrzeja Mleczk\u0119, Andrzeja Czeczota i innych. Za zbyt \u015bmia\u0142e redagowanie \u201eSzpilek\u201d zosta\u0142 usuni\u0119ty przez w\u0142adze partyjne z tego pisma. Potem, w latach 90. redagowa\u0142 tygodnik \u201eWiadomo\u015bci Kulturalne\u201d, kt\u00f3ry powierzy\u0142 Mu minister Kultury, Kazimierz Dejmek. Pismo to nie zdoby\u0142o jednak popularno\u015bci w silnie spolaryzowanym \u015brodowisku.<\/p>\n<p>By\u0142 autorem wielu ksi\u0105\u017cek z dziedziny kultury, takich jak \u201eSekrety filmu\u201d, \u201eAkyrema\u201d, \u201eMieszka\u0144cy masowej wyobra\u017ani\u201d, \u201eNajkr\u00f3tsze stulecie\u201d, \u201eDok\u0105d prowadz\u0105 nas media\u201d \u2013 promocja tej ksi\u0105\u017cki odby\u0142a si\u0119 3 lata temu w \u201ePolityce\u201d z udzia\u0142em redaktora naczelnego i przyjaci\u00f3\u0142 Autora z naszej redakcji. Na to spotkanie przyby\u0142 kwiat polskiej inteligencji. Ostatni\u0105 ksi\u0105\u017ck\u0119 po\u015bwi\u0119ci\u0142 swojej s\u0142abo\u015bci \u2013 to \u201e<a href=\"http:\/\/www.polityka.pl\/kultura\/ksiazki\/298921,1,recenzja-ksiazki-krzysztof-teodor-toeplitz-tytoniowy-szlak.read\"><strong>Tytoniowy szlak<\/strong><\/a>\u201d, pasjonuj\u0105cy esej o roli tytoniu w cywilizacji, zw\u0142aszcza w kulturze. Ksi\u0105\u017cka ta zosta\u0142a solidarnie przemilczana ze wzgl\u0119du na osob\u0119 Autora.<\/p>\n<p>Krzysztof by\u0142 przez ca\u0142e \u017cycie socjalist\u0105, przed i po 1989 roku reprezentowa\u0142 krytyczny, racjonalistyczny nurt lewicy, do ko\u0144ca, nawet kiedy to nie by\u0142o modne, mia\u0142 serce po lewej stronie. A\u017c to serce przesta\u0142o bi\u0107. Wierny przyjaciel, wspania\u0142y Cz\u0142owiek.<\/p>\n<p>\u017begnaj, Krzysiu!<\/p>\n","protected":false},"excerpt":{"rendered":"<p>\u015amier\u0107 Krzysztofa Teodora Toeplitza jest wielk\u0105 strat\u0105 dla polskiej kultury, polityki, medi\u00f3w, a dla Jego Rodziny, przyjaci\u00f3\u0142 i dla mnie \u2013 wielkim ciosem osobistym. KTT \u2013 inicja\u0142y, jakimi podpisywa\u0142 swoje felietony Krzysztof Teodor Toeplitz (1933-2010), by\u0142y zawsze symbolem najwy\u017cszej kultury, znakomitego pisarstwa, erudycji, poczucia humoru zaprawionego nutk\u0105 smutku, i konsekwentnie lewicowych pogl\u0105d\u00f3w. Krzysztofa zna\u0142em i [&hellip;]<\/p>\n","protected":false},"author":4,"featured_media":0,"comment_status":"open","ping_status":"open","sticky":false,"template":"","format":"standard","meta":{"footnotes":""},"categories":[1],"tags":[],"_links":{"self":[{"href":"https:\/\/blog.polityka.pl\/passent\/wp-json\/wp\/v2\/posts\/680"}],"collection":[{"href":"https:\/\/blog.polityka.pl\/passent\/wp-json\/wp\/v2\/posts"}],"about":[{"href":"https:\/\/blog.polityka.pl\/passent\/wp-json\/wp\/v2\/types\/post"}],"author":[{"embeddable":true,"href":"https:\/\/blog.polityka.pl\/passent\/wp-json\/wp\/v2\/users\/4"}],"replies":[{"embeddable":true,"href":"https:\/\/blog.polityka.pl\/passent\/wp-json\/wp\/v2\/comments?post=680"}],"version-history":[{"count":0,"href":"https:\/\/blog.polityka.pl\/passent\/wp-json\/wp\/v2\/posts\/680\/revisions"}],"wp:attachment":[{"href":"https:\/\/blog.polityka.pl\/passent\/wp-json\/wp\/v2\/media?parent=680"}],"wp:term":[{"taxonomy":"category","embeddable":true,"href":"https:\/\/blog.polityka.pl\/passent\/wp-json\/wp\/v2\/categories?post=680"},{"taxonomy":"post_tag","embeddable":true,"href":"https:\/\/blog.polityka.pl\/passent\/wp-json\/wp\/v2\/tags?post=680"}],"curies":[{"name":"wp","href":"https:\/\/api.w.org\/{rel}","templated":true}]}}