
{"id":681,"date":"2010-04-01T13:36:52","date_gmt":"2010-04-01T11:36:52","guid":{"rendered":"http:\/\/passent.blog.polityka.pl\/?p=681"},"modified":"2010-04-01T13:45:51","modified_gmt":"2010-04-01T11:45:51","slug":"narod-swoje-wie","status":"publish","type":"post","link":"https:\/\/blog.polityka.pl\/passent\/2010\/04\/01\/narod-swoje-wie\/","title":{"rendered":"Nar\u00f3d swoje wie"},"content":{"rendered":"<p><strong>Prawica w Polsce jest tak silna, tak bogato reprezentowana w mediach i tak g\u0142o\u015bna, \u017ce czasami powstaje wra\u017cenie, \u017ce ca\u0142y nar\u00f3d my\u015bli tak, jak Marek Migalski i Jaros\u0142aw Gowin, nie m\u00f3wi\u0105c ju\u017c o braciach Kaczy\u0144skich<\/strong>.<\/p>\n<p>Kiedy prezydent Kaczy\u0144ski zosta\u0142 zaproszony do Moskwy, rozleg\u0142y si\u0119 dramatyczne protesty, \u017ce 9 maja to rocznica podboju i zniewolenia Polski, wi\u0119c jedynym, kt\u00f3ry powinien pojecha\u0107 do Rosji, jest Jaruzelski, bo to jest jego rocznica \u2013 zawsze s\u0142ucha\u0142 Moskwy. Kiedy pojawi\u0142o si\u0119 zaproszenie dla Jaruzelskiego, wiceprzewodnicz\u0105cy klubu parlamentarnego partii rz\u0105dz\u0105cej PO, Jaros\u0142aw Gowin (kt\u00f3ry w Platformie gra rol\u0119 subtelnego intelektualisty, w odr\u00f3\u017cnieniu od chama Palikota), nawymy\u015bla\u0142 genera\u0142owi w telewizji od zbrodniarzy. Niezawodny intelektualista PiS, eurodeputowny Marek Migalski by\u0142 \u0142askaw powiedzie\u0107, \u017ce w samolocie prezydenckim jest miejsce dla ofiar zbrodni sowieckich, a nie dla Jaruzelskiego.<\/p>\n<p>Na tym tle sygna\u0142y p\u0142yn\u0105ce z pa\u0142acu prezydenckiego s\u0105 mniej w\u015bciek\u0142e, bardziej wywa\u017cone. Niewykluczone, \u017ce Lech Kaczy\u0144ski do Moskwy poleci i jeszcze zabierze Jaruzelskiego. Sk\u0105d ta zmiana tonu w pa\u0142acu, kt\u00f3rego g\u0142\u00f3wny lokator (i jego brat), do niedawna robi\u0142 wszystko, \u017ceby pot\u0119pi\u0107 \u201eparti\u0119 rosyjsk\u0105\u201d w Polsce? Ot\u00f3\u017c, moim zdaniem, prezydent Kaczy\u0144ski ociepli\u0142 sw\u00f3j stosunek do Rosji i do Jaruzelskiego, poniewa\u017c zbli\u017caj\u0105 si\u0119 wybory, a wed\u0142ug sonda\u017cy, 81 proc. (!) spo\u0142ecze\u0144stwa jest za tym, \u017ceby prezydent pojecha\u0142 na uroczysto\u015bci do Moskwy, znaczna wi\u0119kszo\u015b\u0107 jest za tym, \u017ceby w samolocie \u201eznalaz\u0142o si\u0119 miejsce\u201d(!) dla genera\u0142a. Polacy maj\u0105 do\u015b\u0107 awantur, do\u015b\u0107 animozji, zamiast wa\u015bni wol\u0105 zgod\u0119, zamiast skakania sobie do oczu \u2013 tolerancj\u0119. G\u0142os ludu objawia si\u0119 jednak g\u0142\u00f3wnie w wyborach i w sonda\u017cach, bo na co dzie\u0144 Migalski z Gowinem usi\u0142uj\u0105 go zag\u0142uszy\u0107, a\u017c powstaje wra\u017cenie, \u017ce nar\u00f3d zwariowa\u0142.<\/p>\n<p>To utrwalanie podzia\u0142\u00f3w i umacnianie barykad jest widoczne na ka\u017cdym kroku. Kilka dni temu <a href=\"http:\/\/passent.blog.polityka.pl\/?p=680\" target=\"_blank\"><strong>zmar\u0142 Krzysztof Teodor Toeplitz<\/strong><\/a>. Na pierwszej stronie \u201eGazety Wyborczej\u201d, kt\u00f3rej nie mo\u017cna podejrzewa\u0107 o sympatie prawicowe, pojawi\u0142a si\u0119 nst. Notatka: \u201eW wieku 77 lat zmar\u0142 Krzysztof Teodor Toeplitz. Jeden z najbardziej znanych dziennikarz w PRL, zwolennik stanu wojennego, scenarzysta, pierwszy polski komiksolog. (Patrz str. 15)\u201d Ta notatka s\u0142usznie wzbudzi\u0142a oburzenie na naszym blogu (patrz m.in. \u201ejasny gwint\u201d, 31 marca godz.09.22), kt\u00f3ry napisa\u0142, \u017ce to jest \u201epod\u0142o\u015b\u0107, zauwa\u017cono tylko, \u017ce KTT by\u0142 apologet\u0105 stanu wojennego i znanym dziennikarzem PRL (\u201eczyli tak, jak 65 proc. Polak\u00f3w\u201d) i jakby nic nie robi\u0142 w ostatnim dwudziestoleciu\u201d.<\/p>\n<p>Faktycznie, ta notka \u201eGazety\u201d budzi niesmak, pokazuje, \u017ce salon \u201eWyborczej\u201d, kt\u00f3ry Toeplitza ignorowa\u0142 a\u017c do Jego \u015bmierci, czyni\u0142 to ze wzgl\u0119d\u00f3w politycznych i towarzyskich, kt\u00f3re s\u0105 dzi\u015b najwa\u017cniejsze. Maj\u0105c do dyspozycji tylko kilka zda\u0144 (na 1. stronie gazety miejsca jest ma\u0142o), u cz\u0142owieka, kt\u00f3ry ma tak ogromny dorobek, wybitnego intelektualisty, cz\u0142onka znakomitego rodu Toeplitz\u00f3w, widzi si\u0119 to, co zdaniem redaktora najwa\u017cniejsze: PRL i stan wojenny. Na domiar z\u0142ego, w artykule o Toeplitzu, w tej\u017ce \u201eGazecie\u201d jego ucze\u0144 (?), Wojciech Orli\u0144ski, pisze, \u017ce KTT \u201eod 1955 roku do ko\u0144ca nale\u017ca\u0142 do PZPR\u201d, co jest bredni\u0105, i co autor powt\u00f3rzy\u0142 chyba za b\u0142\u0119dn\u0105 informacj\u0105 PAP, kt\u00f3r\u0105 agencja po kilku godzinach sprostowa\u0142a. Ale na darmo szuka\u0107 sprostowania w dzisiejszej \u201eGW\u201d. To przykra wpadka PAP i dziennikarzy, kt\u00f3rzy si\u0119 dali wprowadzi\u0107 w b\u0142\u0105d. Toeplitz nigdy w partii nie by\u0142. Nazajutrz, 1 kwietnia (nomen omen) na pr\u00f3\u017cno szukam sprostowania i przeprosin w \u201eGazecie\u201d. Salon si\u0119 nie myli. Sprostowanie zamie\u015bci\u0142a za to \u201eRz.\u201d<\/p>\n<p>W zako\u0144czeniu swojego artykuliku o KTT, red. Orli\u0144ski pisze: \u201e\u017ba\u0142uj\u0119, \u017ce po upadku IV RP ju\u017c nie rozmawiali\u015bmy\u201d. Mnie to nie dziwi, \u017ce Panowie nie rozmawiali, poniewa\u017c KTT by\u0142 przez salon \u201eWyborczej\u201d i antysalon \u201eRzeczpospolitej \u201d oraz innych medi\u00f3w ignorowany. Jak m\u00f3g\u0142 red. Orli\u0144ski rozmawia\u0107 z KTT, kiedy ten nie by\u0142 zapraszany do dyskusji, nie by\u0142 pytany o opini\u0119, nie by\u0142o go w rozmaity jury, w rozlicznych stacjach radiowych i telewizyjnych, jego ksi\u0105\u017cki nie by\u0142y recenzowane, niekt\u00f3re nie mia\u0142y ani jednej recenzji! Nie by\u0142 \u201esw\u00f3j\u201d. Nie pasowa\u0142. Dzisiaj media maj\u0105 innych ulubie\u0144c\u00f3w \u2013 o ile\u017c mniejszego formatu ni\u017c \u201eznany dziennikarz w PRL\u201d.<\/p>\n<p>Po \u015bmierci Toeplitza rozdzwoni\u0142y si\u0119 telefony Jego przyjaci\u00f3\u0142. Nigdy nie odebra\u0142em tylu telefon\u00f3w, co w tych dniach. To dzwoni\u0142y media, dowiedzie\u0107 si\u0119, jaki by\u0142 KTT. Trzeba by\u0142o dzwoni\u0107 wtedy, i do Niego.<\/p>\n<p>***<\/p>\n<p><strong>\u201ePod Napi\u0119ciem\u201d w Gda\u0144sku<\/strong><\/p>\n<p>Czytelnik\u00f3w z Tr\u00f3jmiasta i okolic zapraszam na spotkanie autorskie z okazji publikacji zbioru felieton\u00f3w \u201ePod Napi\u0119ciem\u201d. Spotkanie odb\u0119dzie si\u0119  we czwartek, 8 kwietnia o godz. 18.00 w Gda\u0144skim Klubie Biznesu. Szczeg\u00f3\u0142y i ewentualne  zaproszenia mo\u017cna uzyska\u0107 drog\u0105 internetow\u0105, pisz\u0105c na adres: Dorota@gkb.pl. Ze wzgl\u0119du na szczup\u0142o\u015b\u0107 sali, liczba zaprosze\u0144 jest ograniczona, za co z g\u00f3ry przepraszamy. Do zobaczenia!<br \/>\n<a href=\"\/wp-content\/uploads\/2009\/11\/passent-okl-big.jpg\"><img loading=\"lazy\" decoding=\"async\" class=\"alignnone size-full wp-image-633\" title=\"passent-okl-big\" src=\"\/wp-content\/uploads\/2009\/11\/passent-okl-big.jpg\" alt=\"\" width=\"334\" height=\"508\" srcset=\"\/passent\/wp-content\/uploads\/2009\/11\/passent-okl-big.jpg 334w, \/passent\/wp-content\/uploads\/2009\/11\/passent-okl-big-197x300.jpg 197w\" sizes=\"(max-width: 334px) 100vw, 334px\" \/><\/a><\/p>\n","protected":false},"excerpt":{"rendered":"<p>Prawica w Polsce jest tak silna, tak bogato reprezentowana w mediach i tak g\u0142o\u015bna, \u017ce czasami powstaje wra\u017cenie, \u017ce ca\u0142y nar\u00f3d my\u015bli tak, jak Marek Migalski i Jaros\u0142aw Gowin, nie m\u00f3wi\u0105c ju\u017c o braciach Kaczy\u0144skich. Kiedy prezydent Kaczy\u0144ski zosta\u0142 zaproszony do Moskwy, rozleg\u0142y si\u0119 dramatyczne protesty, \u017ce 9 maja to rocznica podboju i zniewolenia Polski, [&hellip;]<\/p>\n","protected":false},"author":4,"featured_media":0,"comment_status":"open","ping_status":"open","sticky":false,"template":"","format":"standard","meta":{"footnotes":""},"categories":[1],"tags":[],"_links":{"self":[{"href":"https:\/\/blog.polityka.pl\/passent\/wp-json\/wp\/v2\/posts\/681"}],"collection":[{"href":"https:\/\/blog.polityka.pl\/passent\/wp-json\/wp\/v2\/posts"}],"about":[{"href":"https:\/\/blog.polityka.pl\/passent\/wp-json\/wp\/v2\/types\/post"}],"author":[{"embeddable":true,"href":"https:\/\/blog.polityka.pl\/passent\/wp-json\/wp\/v2\/users\/4"}],"replies":[{"embeddable":true,"href":"https:\/\/blog.polityka.pl\/passent\/wp-json\/wp\/v2\/comments?post=681"}],"version-history":[{"count":0,"href":"https:\/\/blog.polityka.pl\/passent\/wp-json\/wp\/v2\/posts\/681\/revisions"}],"wp:attachment":[{"href":"https:\/\/blog.polityka.pl\/passent\/wp-json\/wp\/v2\/media?parent=681"}],"wp:term":[{"taxonomy":"category","embeddable":true,"href":"https:\/\/blog.polityka.pl\/passent\/wp-json\/wp\/v2\/categories?post=681"},{"taxonomy":"post_tag","embeddable":true,"href":"https:\/\/blog.polityka.pl\/passent\/wp-json\/wp\/v2\/tags?post=681"}],"curies":[{"name":"wp","href":"https:\/\/api.w.org\/{rel}","templated":true}]}}