
{"id":6827,"date":"2021-05-12T19:05:11","date_gmt":"2021-05-12T17:05:11","guid":{"rendered":"https:\/\/passent.blog.polityka.pl\/?p=6827"},"modified":"2021-05-12T23:25:54","modified_gmt":"2021-05-12T21:25:54","slug":"szczerski-odleci","status":"publish","type":"post","link":"https:\/\/blog.polityka.pl\/passent\/2021\/05\/12\/szczerski-odleci\/","title":{"rendered":"Szczerski odleci?"},"content":{"rendered":"\n<p>Krzysztof Szczerski mo\u017ce nareszcie doczeka si\u0119 godnej jego talent\u00f3w posady. (Przypomn\u0119 ma\u0142ostkowo, \u017ce w kampanii wyborczej nikt tak jak on nie opowiada\u0142, \u017ce polityka zagraniczna Polski le\u017cy w ruinie. Ruina nie schodzi\u0142a mu z ust ani z komputera. W nagrod\u0119 Duda zrobi\u0142 go szefem swojej kancelarii).<\/p>\n\n\n\n<!--more-->\n\n\n\n<p>Od kiedy Szczerski przesta\u0142 by\u0107 szefem Kancelarii Prezydenta, a nawet wcze\u015bniej, wa\u017cnym zadaniem Polski na arenie mi\u0119dzynarodowej sta\u0142o si\u0119 znalezienie stanowiska dla \u201eSzczerego\u201d.<\/p>\n\n\n\n<p>Co z nim zrobi\u0107? Ministrem spraw zagranicznych nie zosta\u0142. Kandydowa\u0142 na komisarza w Komisji Europejskiej, ale kiedy okaza\u0142o si\u0119, \u017ce Polska otrzyma tek\u0119 rolnictwa \u2013 zrezygnowa\u0142 z braku kompetencji na rzecz Janusza Wojciechowskiego. Zabiega\u0142 o stanowisko zast\u0119pcy sekretarza generalnego NATO, ale obj\u0105\u0142 je Rumun (Rumunia na arenie mi\u0119dzynarodowej od kilku lat zwy\u017ckuje).<\/p>\n\n\n\n<p>Kiedy polityka zagraniczna \u201ele\u017cy w ruinie&#8221;, Polska funduje sobie nowe instytucje i fasady. Lada dzie\u0144 rozpocznie swoj\u0105 dzia\u0142alno\u015b\u0107 nowa instytucja: Biuro Polityki Mi\u0119dzynarodowej przy prezydencie, co\u015b \u00e0 la Biuro Bezpiecze\u0144stwa Narodowego. W jego sk\u0142ad wejd\u0105 specjali\u015bci, szefowie wszystkich pa\u0144stwowych instytut\u00f3w zajmuj\u0105cych si\u0119 polityk\u0105 mi\u0119dzynarodow\u0105, tak\u017ce nestor\u00f3w w tej dziedzinie. Duda dostaje narz\u0119dzie (raczej zabawk\u0119, jak Rada Bezpiecze\u0144stwa Narodowego), przy pomocy kt\u00f3rego b\u0119dzie si\u0119 bawi\u0142 w polityk\u0119 zagraniczn\u0105 \u2013 mianowa\u0142 swoich ambasador\u00f3w, wyznacza\u0142 specjalnych przedstawicieli, nadzorowa\u0142 Kolegium Spraw Mi\u0119dzynarodowych (cia\u0142o z\u0142o\u017cone ze specjalist\u00f3w), na czele kt\u00f3rego stoi\u2026 Szczerski. Powstanie tak\u017ce Forum Polityki Mi\u0119dzynarodowej &#8211; cia\u0142o dyskusyjne.<\/p>\n\n\n\n<p>No a co zrobi\u0107 ze Szczerskim? M\u00f3wi si\u0119, \u017ce tym razem to ju\u017c jest murowanym kandydatem na stanowisko sta\u0142ego przedstawiciela Polski przy ONZ. Oby to by\u0142a prawda!<\/p>\n\n\n\n<p><strong>Zaproszenie<\/strong><br>Senator Marek Borowski, by\u0142y minister i marsza\u0142ek Sejmu, oraz prof. Karolina Wigura, socjolo\u017cka z UW, tak\u017ce jeden z filar\u00f3w &#8222;Kultury Liberalnej&#8221;, b\u0119d\u0105 naszymi go\u015b\u0107mi w TOK FM, niedziela 16 maja, godz. 10:05.<\/p>\n","protected":false},"excerpt":{"rendered":"<p>Krzysztof Szczerski mo\u017ce nareszcie doczeka si\u0119 godnej jego talent\u00f3w posady. (Przypomn\u0119 ma\u0142ostkowo, \u017ce w kampanii wyborczej nikt tak jak on nie opowiada\u0142, \u017ce polityka zagraniczna Polski le\u017cy w ruinie. Ruina nie schodzi\u0142a mu z ust ani z komputera. W nagrod\u0119 Duda zrobi\u0142 go szefem swojej kancelarii).<\/p>\n","protected":false},"author":4,"featured_media":6830,"comment_status":"open","ping_status":"closed","sticky":false,"template":"","format":"standard","meta":{"footnotes":""},"categories":[1],"tags":[],"_links":{"self":[{"href":"https:\/\/blog.polityka.pl\/passent\/wp-json\/wp\/v2\/posts\/6827"}],"collection":[{"href":"https:\/\/blog.polityka.pl\/passent\/wp-json\/wp\/v2\/posts"}],"about":[{"href":"https:\/\/blog.polityka.pl\/passent\/wp-json\/wp\/v2\/types\/post"}],"author":[{"embeddable":true,"href":"https:\/\/blog.polityka.pl\/passent\/wp-json\/wp\/v2\/users\/4"}],"replies":[{"embeddable":true,"href":"https:\/\/blog.polityka.pl\/passent\/wp-json\/wp\/v2\/comments?post=6827"}],"version-history":[{"count":5,"href":"https:\/\/blog.polityka.pl\/passent\/wp-json\/wp\/v2\/posts\/6827\/revisions"}],"predecessor-version":[{"id":6834,"href":"https:\/\/blog.polityka.pl\/passent\/wp-json\/wp\/v2\/posts\/6827\/revisions\/6834"}],"wp:featuredmedia":[{"embeddable":true,"href":"https:\/\/blog.polityka.pl\/passent\/wp-json\/wp\/v2\/media\/6830"}],"wp:attachment":[{"href":"https:\/\/blog.polityka.pl\/passent\/wp-json\/wp\/v2\/media?parent=6827"}],"wp:term":[{"taxonomy":"category","embeddable":true,"href":"https:\/\/blog.polityka.pl\/passent\/wp-json\/wp\/v2\/categories?post=6827"},{"taxonomy":"post_tag","embeddable":true,"href":"https:\/\/blog.polityka.pl\/passent\/wp-json\/wp\/v2\/tags?post=6827"}],"curies":[{"name":"wp","href":"https:\/\/api.w.org\/{rel}","templated":true}]}}