
{"id":683,"date":"2010-04-08T07:55:58","date_gmt":"2010-04-08T05:55:58","guid":{"rendered":"http:\/\/passent.blog.polityka.pl\/?p=683"},"modified":"2010-04-08T07:55:58","modified_gmt":"2010-04-08T05:55:58","slug":"rocznica-zbrodni","status":"publish","type":"post","link":"https:\/\/blog.polityka.pl\/passent\/2010\/04\/08\/rocznica-zbrodni\/","title":{"rendered":"Rocznica zbrodni"},"content":{"rendered":"<p><strong>Jaki\u015b b\u0119cwa\u0142 napisa\u0142 na tym blogu, \u017ce klony Rakowskiego milcz\u0105 w sprawie Katynia. To pokazuje, do czego pewnym ludziom na prawicy s\u0142u\u017cy Katy\u0144 \u2013 \u017ceby dokopa\u0107 innym<\/strong>.<\/p>\n<p>Obejrza\u0142em transmisj\u0119 obchod\u00f3w z Katynia z zapartym tchem (i zgrzytaj\u0105c z\u0119bami z powodu fatalnego t\u0142umaczenia). W sumie uwa\u017cam obchody za donios\u0142e i za wa\u017cny krok we w\u0142a\u015bciwym kierunku, to jest w kierunku odpolitycznienia historii. Ju\u017c sam fakt zorganizowania wsp\u00f3lnych uroczysto\u015bci, z Putinem jako gospodarzem i z Tuskiem jako go\u015bciem, stanowi wydarzenie bez precedensu. Osoby towarzysz\u0105ce Tuskowi \u2013 starannie dobrane \u2013 rodziny ofiar, duchowni, a tak\u017ce Wa\u0142\u0119sa, Mazowiecki, Wajda, Klich, Zdrojewski \u2013 wszyscy oni powinni byli tam by\u0107. Widok flag Polski i Rosji spowitych kirem robi\u0142 wra\u017cenie. Mazurek D\u0105browskiego grany przez rosyjsk\u0105 orkiestr\u0119 w Katyniu \u2013 to wszystko mia\u0142o swoj\u0105 wymow\u0119.<\/p>\n<p>Przem\u00f3wienie Putina by\u0142o lepsze ni\u017c oczekiwa\u0142em. M\u00f3wi\u0142 o wstydzie, o zbrodniach totalitaryzmu, kt\u00f3rych niczego nie usprawiedliwia, o cynicznych k\u0142amstwach, o tym, \u017ce nie ma alternatywy dla dobrych stosunk\u00f3w polsko-rosyjskich, o pocz\u0105tku II Wojny \u015awiatowej pod Westerplatte, o \u017co\u0142nierzach Andersa i Armii Krajowej \u2013 to wszystko niema\u0142o. Zapewne mo\u017cna by\u0142o wi\u0119cej \u2013 zapowiedzie\u0107 ujawnienie wszystkich dokument\u00f3w, a tak\u017ce przeprosi\u0107 wszystkie ofiary totalitaryzmu, ale to pierwsze mo\u017ce by\u0107 trudne ze wzgl\u0119du na strach przed roszczeniami i procesami oraz lawina, jak\u0105 mog\u0142oby to spowodowa\u0107 (Ukraina, kraje Ba\u0142tyckie). Bior\u0105c pod uwag\u0119 stan \u015bwiadomo\u015bci w Rosji \u2013 przem\u00f3wienie Putina by\u0142o wa\u017cnym krokiem w kierunku destalinizacji, a tak\u017ce w kierunku polskich oczekiwa\u0144. Nie spe\u0142nione do ko\u0144ca, ale jednak\u2026 Przem\u00f3wienie by\u0142o ch\u0142odne, odczytane, a nie wyg\u0142oszone, wida\u0107, \u017ce p\u0142yn\u0119\u0142o z \u201erozumu\u201d, a nie z serca, ale Putin taki jest, nie widzia\u0142em go wzruszonego, potrafi za to by\u0107 zniecierpliwiony i z\u0142y. Tym razem nie by\u0142. Opanowany a\u017c nadto.<\/p>\n<p>Przem\u00f3wienie Tuska \u2013 \u015bwietne. Ludzkie, humanistyczne, kulturalne, przemy\u015blane, w\u0142\u0105cznie z cytatami z So\u0142\u017cenicyna, a tak\u017ce z wa\u017cnym przes\u0142aniem \u2013 \u017ce to jest pocz\u0105tek, a nie koniec drogi ku pojednaniu. Mo\u017ce troch\u0119 zagalopowa\u0142 si\u0119 m\u00f3wi\u0105c, \u017ce mit Katynia jest mitem za\u0142o\u017cycielskim III RP, ale \u0142adnie m\u00f3wi\u0142 o prawdzie, kt\u00f3ra by\u0142a zbroj\u0105, w jakiej nar\u00f3d przetrwa\u0142. Przem\u00f3wienie od siebie, prze\u017cyte, a nie prze\u017cute.<\/p>\n<p>Efekt polityczny \u2013 wzrost znaczenia Polski, zw\u0142aszcza w stosunkach z Rosj\u0105, dalsza poprawa tych stosunk\u00f3w, inicjatywa utworzenia wsp\u00f3lnego instytutu, zaproszenie Putina do Polski. W Rosji &#8211; krok w kierunku poczucia rzeczywisto\u015bci i uznania prawdy. Na arenie wewn\u0119trznej, polskiej \u2013 osi\u0105gni\u0119cie rz\u0105du Tuska, powa\u017cny sukces polsko-rosyjskiej grupy do spraw trudnych \u2013 inicjatywy, kt\u00f3ra pocz\u0105tkowo mog\u0142a wydawa\u0107 si\u0119 kolejnym cia\u0142em dyplomatycznym, a okaza\u0142a si\u0119 bardzo owocna. Na specjalne uznanie zas\u0142uguje jej polski wsp\u00f3\u0142przewodnicz\u0105cy, prof. Adam Daniel Rotfeld. Ciekawe, jaka b\u0119dzie reakcja opozycji, zw\u0142aszcza braci Kaczy\u0144skich. Prezydent, kt\u00f3ry demonstracyjnie oci\u0105ga si\u0119 z przyj\u0119ciem zaproszenia na uroczysto\u015bci 9 maja w Moskwie, ma coraz mniejsze pole manewru. Znalaz\u0142 si\u0119 w sytuacji kiedy nie ma wyboru, a to nie jest dla polityka sytuacja komfortowa. Ciekawe, co powie w sobot\u0119 w Katyniu. Oby stan\u0105\u0142 na wysoko\u015bci zadania.<\/p>\n","protected":false},"excerpt":{"rendered":"<p>Jaki\u015b b\u0119cwa\u0142 napisa\u0142 na tym blogu, \u017ce klony Rakowskiego milcz\u0105 w sprawie Katynia. To pokazuje, do czego pewnym ludziom na prawicy s\u0142u\u017cy Katy\u0144 \u2013 \u017ceby dokopa\u0107 innym. Obejrza\u0142em transmisj\u0119 obchod\u00f3w z Katynia z zapartym tchem (i zgrzytaj\u0105c z\u0119bami z powodu fatalnego t\u0142umaczenia). W sumie uwa\u017cam obchody za donios\u0142e i za wa\u017cny krok we w\u0142a\u015bciwym kierunku, [&hellip;]<\/p>\n","protected":false},"author":4,"featured_media":0,"comment_status":"open","ping_status":"open","sticky":false,"template":"","format":"standard","meta":{"footnotes":""},"categories":[1],"tags":[],"_links":{"self":[{"href":"https:\/\/blog.polityka.pl\/passent\/wp-json\/wp\/v2\/posts\/683"}],"collection":[{"href":"https:\/\/blog.polityka.pl\/passent\/wp-json\/wp\/v2\/posts"}],"about":[{"href":"https:\/\/blog.polityka.pl\/passent\/wp-json\/wp\/v2\/types\/post"}],"author":[{"embeddable":true,"href":"https:\/\/blog.polityka.pl\/passent\/wp-json\/wp\/v2\/users\/4"}],"replies":[{"embeddable":true,"href":"https:\/\/blog.polityka.pl\/passent\/wp-json\/wp\/v2\/comments?post=683"}],"version-history":[{"count":0,"href":"https:\/\/blog.polityka.pl\/passent\/wp-json\/wp\/v2\/posts\/683\/revisions"}],"wp:attachment":[{"href":"https:\/\/blog.polityka.pl\/passent\/wp-json\/wp\/v2\/media?parent=683"}],"wp:term":[{"taxonomy":"category","embeddable":true,"href":"https:\/\/blog.polityka.pl\/passent\/wp-json\/wp\/v2\/categories?post=683"},{"taxonomy":"post_tag","embeddable":true,"href":"https:\/\/blog.polityka.pl\/passent\/wp-json\/wp\/v2\/tags?post=683"}],"curies":[{"name":"wp","href":"https:\/\/api.w.org\/{rel}","templated":true}]}}