
{"id":6835,"date":"2021-05-13T14:07:06","date_gmt":"2021-05-13T12:07:06","guid":{"rendered":"https:\/\/passent.blog.polityka.pl\/?p=6835"},"modified":"2021-05-13T21:14:16","modified_gmt":"2021-05-13T19:14:16","slug":"banasiowi-zadrzala-reka","status":"publish","type":"post","link":"https:\/\/blog.polityka.pl\/passent\/2021\/05\/13\/banasiowi-zadrzala-reka\/","title":{"rendered":"Banasiowi zadr\u017ca\u0142a r\u0119ka"},"content":{"rendered":"\n<p>Konferencja prasowa prezesa NIK Mariana Banasia wywo\u0142a\u0142a du\u017ce zainteresowane. Nie przypominam sobie takie sytuacji, \u017ceby Najwy\u017csza Izba Kontroli, kierowana przez wa\u017cnego dzia\u0142acza partii rz\u0105dz\u0105cej (kt\u00f3ry sam nie ma czystego sumienia i cieszy si\u0119 zainteresowaniem prokuratury), przeprowadza\u0142a kontrol\u0119 wybor\u00f3w. Jest to ewidentnie walka Banasia o w\u0142asn\u0105 sk\u00f3r\u0119, ale i obna\u017cenie metod sprawowania w\u0142adzy przez premiera Morawieckiego, stanu naszego pa\u0144stwa, bezprawia, rozrzutno\u015bci publicznych pieni\u0119dzy, arogancji w\u0142adz.<\/p>\n\n\n\n<!--more-->\n\n\n\n<p>NIK oceni\u0142a negatywnie organizacj\u0119 wybor\u00f3w, uzna\u0142a szereg posuni\u0119\u0107 za niezgodne z prawem, takich jak zorganizowanie ich na podstawie decyzji administracyjnych, odsuni\u0119cie Pa\u0144stwowej Komisji Wyborczej, polecenie wydane przez Morawieckiego Poczcie Polskiej i Polskiej Wytw\u00f3rni Papier\u00f3w Warto\u015bciowych, podj\u0119cie przez te przedsi\u0119biorstwa dzia\u0142a\u0144 bez podstawy prawnej. Dzia\u0142ania niezgodne z prawem, bez przetarg\u00f3w, bez zaci\u0105gania opinii ekspert\u00f3w. Chaos, w wyniku kt\u00f3rego nie wiadomo, komu zawdzi\u0119czamy strat\u0119 ok. 76 mln z\u0142.<\/p>\n\n\n\n<p>NIK skierowa\u0142a dzi\u015b do prokuratury (czyli do ministra Ziobry) zawiadomienia o mo\u017cliwo\u015bci pope\u0142nienia przest\u0119pstwa przez Poczt\u0119 Polsk\u0105 oraz Pa\u0144stwow\u0105 Wytw\u00f3rni\u0119 Papier\u00f3w Warto\u015bciowych.<\/p>\n\n\n\n<p>Prezes Bana\u015b poinformowa\u0142, \u017ce otrzyma\u0142 telefoniczne zawiadomienie o pod\u0142o\u017ceniu bomby pod siedzib\u0105 NIK oraz kilku oddzia\u0142\u00f3w (delegatur?) terenowych. Ponadto o godz. 6 rano policja wkroczy\u0142a do jego domu w Krakowie z powodu rzekomej pr\u00f3by samob\u00f3jczej syna.<\/p>\n\n\n\n<p>Rz\u0105d natychmiast zaprzeczy\u0142 tezom raportu NIK i zapewnia, \u017ce wybory by\u0142y zorganizowane zgodnie z prawem.<\/p>\n\n\n\n<p>Zwolennicy rz\u0105du odebrali konferencj\u0119 z oburzeniem, jako bezpodstawny atak na rz\u0105d, dziwnie wsp\u00f3\u0142brzmi\u0105cy ze stanowiskiem opozycji. Pojawi\u0142o si\u0119 nawet wo\u0142anie o specustaw\u0119, kt\u00f3ra roztoczy ochron\u0105 organizator\u00f3w wybor\u00f3w. S\u0105 \u015bwiadomi, jak\u0105 kompromitacj\u0105 by\u0142y wybory pocztowe.<\/p>\n\n\n\n<p>Sympatycy opozycji byli rozczarowani, \u017ce NIK nie wyst\u0105pi\u0142a do prokuratury w sprawie mo\u017cliwo\u015bci pope\u0142nienia przest\u0119pstwa przez premiera Morawieckiego i szefa jego kancelarii ministra Dworczyka. Z tego punktu widzenia prezes Bana\u015b zawi\u00f3d\u0142 nadzieje. Albo zadr\u017ca\u0142a mu r\u0119ka, albo woli zachowa\u0107 sobie tak\u0105 mo\u017cliwo\u015b\u0107 na przysz\u0142o\u015b\u0107, wiedz\u0105c, jak bardzo ostrz\u0105 sobie na niego z\u0119by dawni przyjaciele z PiS.<\/p>\n\n\n\n<p><strong>Zaproszenie<\/strong><br>Senator Marek Borowski, by\u0142y minister i marsza\u0142ek Sejmu, oraz prof. Karolina Wigura, UW i jeden z filar\u00f3w (filarek?) &#8222;Kultury Liberalnej&#8221;, b\u0119d\u0105 naszymi go\u015b\u0107mi w TOK FM, niedziela 16 maja, godz. 10:05.<\/p>\n","protected":false},"excerpt":{"rendered":"<p>Konferencja prasowa prezesa NIK Mariana Banasia wywo\u0142a\u0142a du\u017ce zainteresowane. Nie przypominam sobie takie sytuacji, \u017ceby Najwy\u017csza Izba Kontroli, kierowana przez wa\u017cnego dzia\u0142acza partii rz\u0105dz\u0105cej (kt\u00f3ry sam nie ma czystego sumienia i cieszy si\u0119 zainteresowaniem prokuratury), przeprowadza\u0142a kontrol\u0119 wybor\u00f3w. Jest to ewidentnie walka Banasia o w\u0142asn\u0105 sk\u00f3r\u0119, ale i obna\u017cenie metod sprawowania w\u0142adzy przez premiera Morawieckiego, [&hellip;]<\/p>\n","protected":false},"author":4,"featured_media":6838,"comment_status":"open","ping_status":"closed","sticky":false,"template":"","format":"standard","meta":{"footnotes":""},"categories":[1],"tags":[],"_links":{"self":[{"href":"https:\/\/blog.polityka.pl\/passent\/wp-json\/wp\/v2\/posts\/6835"}],"collection":[{"href":"https:\/\/blog.polityka.pl\/passent\/wp-json\/wp\/v2\/posts"}],"about":[{"href":"https:\/\/blog.polityka.pl\/passent\/wp-json\/wp\/v2\/types\/post"}],"author":[{"embeddable":true,"href":"https:\/\/blog.polityka.pl\/passent\/wp-json\/wp\/v2\/users\/4"}],"replies":[{"embeddable":true,"href":"https:\/\/blog.polityka.pl\/passent\/wp-json\/wp\/v2\/comments?post=6835"}],"version-history":[{"count":9,"href":"https:\/\/blog.polityka.pl\/passent\/wp-json\/wp\/v2\/posts\/6835\/revisions"}],"predecessor-version":[{"id":6847,"href":"https:\/\/blog.polityka.pl\/passent\/wp-json\/wp\/v2\/posts\/6835\/revisions\/6847"}],"wp:featuredmedia":[{"embeddable":true,"href":"https:\/\/blog.polityka.pl\/passent\/wp-json\/wp\/v2\/media\/6838"}],"wp:attachment":[{"href":"https:\/\/blog.polityka.pl\/passent\/wp-json\/wp\/v2\/media?parent=6835"}],"wp:term":[{"taxonomy":"category","embeddable":true,"href":"https:\/\/blog.polityka.pl\/passent\/wp-json\/wp\/v2\/categories?post=6835"},{"taxonomy":"post_tag","embeddable":true,"href":"https:\/\/blog.polityka.pl\/passent\/wp-json\/wp\/v2\/tags?post=6835"}],"curies":[{"name":"wp","href":"https:\/\/api.w.org\/{rel}","templated":true}]}}