
{"id":684,"date":"2010-04-10T10:46:53","date_gmt":"2010-04-10T08:46:53","guid":{"rendered":"http:\/\/passent.blog.polityka.pl\/?p=684"},"modified":"2010-04-10T10:49:17","modified_gmt":"2010-04-10T08:49:17","slug":"zaloba","status":"publish","type":"post","link":"https:\/\/blog.polityka.pl\/passent\/2010\/04\/10\/zaloba\/","title":{"rendered":"\u017ba\u0142oba"},"content":{"rendered":"<p><strong>Jestem wstrz\u0105\u015bni\u0119ty tragedi\u0105, jaka nas wszystkich dotkn\u0119\u0142a. \u015amier\u0107 Prezydenta Lecha Kaczy\u0144skiego, Jego Ma\u0142\u017conki, Pani Marii, kilkudziesi\u0119ciu czo\u0142owych osobisto\u015bci w pa\u0144stwie polskim, pos\u0142\u00f3w, ministr\u00f3w, wybitnych postaci prawicy i lewicy, w tym kandydata na prezydenta\u00a0 &#8211; Jerzego Szmajdzi\u0144skiego, prezesa IPN Janusza Kurtyki, potworna katastrofa, wielki cios w pa\u0144stwo polskie, w Rodziny Zmar\u0142ych, w tym dla Jaros\u0142awa Kaczy\u0144skiego i Jego Matki.<\/strong><\/p>\n<p><strong>Wszystkim sk\u0142adam wyrazy g\u0142\u0119bokiego\u00a0 wsp\u00f3\u0142czucia, \u0142\u0105cz\u0119 si\u0119 w b\u00f3lu.<\/strong><\/p>\n<p><strong>Oddaj\u0119 sw\u00f3j blog do dyspozycji wszystkich, kt\u00f3rzy pragn\u0105 z\u0142o\u017cy\u0107 kondolencje i nic ponadto. Na pytania o pytania o przyczyny i skutki przyjdzie czas. Reszta jest milczeniem<\/strong>.<\/p>\n","protected":false},"excerpt":{"rendered":"<p>Jestem wstrz\u0105\u015bni\u0119ty tragedi\u0105, jaka nas wszystkich dotkn\u0119\u0142a. \u015amier\u0107 Prezydenta Lecha Kaczy\u0144skiego, Jego Ma\u0142\u017conki, Pani Marii, kilkudziesi\u0119ciu czo\u0142owych osobisto\u015bci w pa\u0144stwie polskim, pos\u0142\u00f3w, ministr\u00f3w, wybitnych postaci prawicy i lewicy, w tym kandydata na prezydenta\u00a0 &#8211; Jerzego Szmajdzi\u0144skiego, prezesa IPN Janusza Kurtyki, potworna katastrofa, wielki cios w pa\u0144stwo polskie, w Rodziny Zmar\u0142ych, w tym dla Jaros\u0142awa Kaczy\u0144skiego [&hellip;]<\/p>\n","protected":false},"author":4,"featured_media":0,"comment_status":"open","ping_status":"open","sticky":false,"template":"","format":"standard","meta":{"footnotes":""},"categories":[1],"tags":[],"_links":{"self":[{"href":"https:\/\/blog.polityka.pl\/passent\/wp-json\/wp\/v2\/posts\/684"}],"collection":[{"href":"https:\/\/blog.polityka.pl\/passent\/wp-json\/wp\/v2\/posts"}],"about":[{"href":"https:\/\/blog.polityka.pl\/passent\/wp-json\/wp\/v2\/types\/post"}],"author":[{"embeddable":true,"href":"https:\/\/blog.polityka.pl\/passent\/wp-json\/wp\/v2\/users\/4"}],"replies":[{"embeddable":true,"href":"https:\/\/blog.polityka.pl\/passent\/wp-json\/wp\/v2\/comments?post=684"}],"version-history":[{"count":0,"href":"https:\/\/blog.polityka.pl\/passent\/wp-json\/wp\/v2\/posts\/684\/revisions"}],"wp:attachment":[{"href":"https:\/\/blog.polityka.pl\/passent\/wp-json\/wp\/v2\/media?parent=684"}],"wp:term":[{"taxonomy":"category","embeddable":true,"href":"https:\/\/blog.polityka.pl\/passent\/wp-json\/wp\/v2\/categories?post=684"},{"taxonomy":"post_tag","embeddable":true,"href":"https:\/\/blog.polityka.pl\/passent\/wp-json\/wp\/v2\/tags?post=684"}],"curies":[{"name":"wp","href":"https:\/\/api.w.org\/{rel}","templated":true}]}}