
{"id":6848,"date":"2021-05-18T21:00:09","date_gmt":"2021-05-18T19:00:09","guid":{"rendered":"https:\/\/passent.blog.polityka.pl\/?p=6848"},"modified":"2021-05-18T22:03:26","modified_gmt":"2021-05-18T20:03:26","slug":"kubel-zimnej-wody","status":"publish","type":"post","link":"https:\/\/blog.polityka.pl\/passent\/2021\/05\/18\/kubel-zimnej-wody\/","title":{"rendered":"Kube\u0142 zimnej wody"},"content":{"rendered":"\n<p>Panowie Kaczy\u0144ski i Morawiecki co pewien czas powtarzaj\u0105, \u017ce ju\u017c wkr\u00f3tce b\u0119dziemy zarabia\u0107 \u201etyle co na Zachodzie\u201d, \u017ce mniej wi\u0119cej w ci\u0105gu jednej dekady zarobki w Polsce i w Niemczech b\u0119d\u0105 zbli\u017cone. Przypomina to retoryk\u0119 Gierka na temat Polski jako dziesi\u0105tej gospodarki \u015bwiata, a tak\u017ce has\u0142o Chruszczowa \u201eDogonimy i przegonimy\u201d w ci\u0105gu kilku lat Stany Zjednoczone. Jaki jest fina\u0142 \u2013 ka\u017cdy widzi.<\/p>\n\n\n\n<!--more-->\n\n\n\n<p>R\u00f3wnie bolesna b\u0119dzie konfrontacja obecnej propagandy z rzeczywisto\u015bci\u0105. Kiedy Polska b\u0119dzie Zachodem? Ciekawie pisze o tym ekonomista dr Maciej Bukowski, wsp\u00f3\u0142autor wa\u017cnych dokument\u00f3w strategicznych, m.in. Planu Hausnera, pracownik Wydzia\u0142u Nauk Ekonomicznych UW (kt\u00f3rego i ja jestem absolwentem, wi\u0119c pozdrawiam!).<\/p>\n\n\n\n<p>W artykule \u201eCzy Polska stanie si\u0119 drugimi Niemcami?\u201d (czasopismo \u201eWszystko co najwa\u017cniejsze\u201d) Bukowski pisze, \u017ce moda na celebrowanie sukces\u00f3w ekonomicznych po 1989 r. skutkuje fa\u0142szywym optymizmem. \u201eNastr\u00f3j optymizmu jest tak silny, \u017ce coraz wi\u0119cej os\u00f3b wypowiadaj\u0105cych si\u0119 publicznie zaczyna deklarowa\u0107, \u017ce Polska ju\u017c dzi\u015b jest krajem rozwini\u0119tym, a nawet zastanawia\u0107 si\u0119, czy Polska dogoni Niemcy dopiero w po\u0142owie stulecia, czy mo\u017ce wcze\u015bniej\u201d. Po uwagach metodologicznych, kt\u00f3rych blogowiczom oszcz\u0119dz\u0119, czytamy, \u017ce zale\u017cnie od kryteri\u00f3w Czechy sta\u0142yby si\u0119 krajem w pe\u0142ni zamo\u017cnym ok. 2050 r., Polska ok. 2060, Rumunia 2070, Bu\u0142garia 2080.<\/p>\n\n\n\n<p>Zamo\u017cno\u015b\u0107 to nie wszystko &#8211; czytamy dalej. Licz\u0105 si\u0119 tak\u017ce mo\u017cliwo\u015bci, jakie kraj daje obywatelom. To w krajach rozwini\u0119tych powsta\u0142y najbardziej znane korporacje (Amazon, Sony, VW) i organizacje pozarz\u0105dowe (Amnesty International, Greenpeace), stamt\u0105d rekrutuj\u0105 si\u0119 najlepsi naukowcy, arty\u015bci, architekci. Tylko kraje rozwini\u0119te \u2013 pisze dr Bukowski \u2013 umo\u017cliwiaj\u0105 swoim obywatelom nie tylko korzystanie z zamo\u017cno\u015bci, ale i mo\u017cliwo\u015b\u0107 realizowania w\u0142asnych ambicji \u017cyciowych, np. studiowania na najlepszych uczelniach. Amerykanin, Brytyjczyk, Szwed maj\u0105 du\u017co wi\u0119ksze szanse ni\u017c Czech, Polak czy Rumun. Historia gospodarcza ostatnich dwustu lat sugeruje, \u017ce uksztaltowanie odpowiednich instytucji (szko\u0142y, urz\u0119dy, firmy, \u015bwiat nauki, gospodarka) w spos\u00f3b umo\u017cliwiaj\u0105cy wielu osobom w\u0142\u0105czenie si\u0119 w g\u0142\u00f3wny nurt \u015bwiatowej gospodarki, nauki, kultury, podobnych do czo\u0142\u00f3wki pa\u0144stw rozwini\u0119tych \u201ezajmuje od 70 do 100 lat\u201d (!). Tak\u0105 drog\u0119 przesz\u0142a Japonia od rewolucji Meiji, W\u0142ochy od zjednoczenia, Skandynawia od po\u0142owy XIX w.<\/p>\n\n\n\n<p>\u201ePatrz\u0105c z tej perspektywy, Polska ma szans\u0119 sta\u0107 si\u0119 <em>drugimi Niemcami<\/em> nie wcze\u015bniej ni\u017c w latach 2070-2090\u201d. Tyle czasu up\u0142ynie, zanim dorobimy si\u0119 jednego-dw\u00f3ch uniwersytet\u00f3w na poziomie \u015bwiatowej czo\u0142\u00f3wki czy jednej-dw\u00f3ch globalnych firm. Szczepionki, eksploracja kosmosu, ochrona \u015brodowiska naturalnego, ochrona w\u0142asno\u015bci intelektualnej, system SWIFT, pomoc rozwojowa \u2013 wszystko to ma swoje pocz\u0105tki w krajach w pe\u0142ni rozwini\u0119tych. Zdaniem autora \u201esprawno\u015b\u0107 sektora publicznego odr\u00f3\u017cnia nas in minus od pa\u0144stw rozwini\u0119tych znacznie bardziej ni\u017c inne wska\u017aniki\u201d. Nie zacz\u0119\u0142a si\u0119 jeszcze przebudowa w \u017cadnej z tych sfer &#8211; uczelnie, pomoc mi\u0119dzynarodowa, <em>think tanki<\/em>, s\u0142u\u017cba dyplomatyczna, armia, administracja pa\u0144stwowa. (Od siebie dodam, \u017ce mowa raczej o degradacji uczelni, za kt\u00f3re zabiera si\u0119 min. Czarnek, o upadku s\u0142u\u017cby dyplomatycznej po nieko\u0144cz\u0105cych si\u0119 czystkach, likwidacji i z\u0142og\u00f3w i wstawaniu z kolan).<\/p>\n\n\n\n<p>Konkluzja nie jest weso\u0142a. Trudno dzi\u015b zak\u0142ada\u0107, \u017ceby Polska \u2013 jako organizm polityczny \u2013 zmieni\u0142a znacz\u0105co sw\u00f3j status mi\u0119dzynarodowy w ci\u0105gu najbli\u017cszego p\u00f3\u0142wiecza. Status pa\u0144stwa rozwini\u0119tego osi\u0105gniemy nie wcze\u015bniej ni\u017c w latach 2070-90, \u201eco nie jest mi\u0142e naszym sercom\u201d, ale jest realistyczne \u2013 ko\u0144czy dr Bukowski.<\/p>\n\n\n\n<p>Oczywi\u015bcie, przytoczy\u0142em tylko om\u00f3wienie artyku\u0142u, z kt\u00f3rym warto si\u0119 zapozna\u0107 w ca\u0142o\u015bci. Zw\u0142aszcza w czasach kampanii przedwyborczej, kiedy politycy obiecuj\u0105 \u201edrug\u0105 Japoni\u0119\u201d i zarobki \u201ejak na Zachodzie\u201d.<\/p>\n\n\n\n<p>Pami\u0119tam, \u017ce kiedy by\u0142em dzieckiem, spyta\u0142em mojego wujka, kt\u00f3ry kraj ma wy\u017csz\u0105 cywilizacj\u0119 \u2013 Anglia czy Niemcy? &#8222;Kiedy Niemcy \u017cyli hordami, Anglicy mieli ju\u017c parlament&#8221; \u2013 odpowiedzia\u0142.<\/p>\n\n\n\n<p><strong>Zaproszenie<\/strong><br>Jerzy Baczy\u0144ski (redaktor naczelny \u201ePolityki\u201d) oraz dr hab. Renata Mie\u0144kowska-Norkiene (politolo\u017cka, Uniwersytet Warszawski) b\u0119d\u0105 naszymi go\u015b\u0107mi w TOK FM, niedziela 23 maja, godzina jak zwykle 10:05. Tyle si\u0119 dzieje \u2013 jest o czym rozmawia\u0107. Do us\u0142yszenia!<\/p>\n","protected":false},"excerpt":{"rendered":"<p>Panowie Kaczy\u0144ski i Morawiecki co pewien czas powtarzaj\u0105, \u017ce ju\u017c wkr\u00f3tce b\u0119dziemy zarabia\u0107 \u201etyle co na Zachodzie\u201d, \u017ce mniej wi\u0119cej w ci\u0105gu jednej dekady zarobki w Polsce i w Niemczech b\u0119d\u0105 zbli\u017cone. Przypomina to retoryk\u0119 Gierka na temat Polski jako dziesi\u0105tej gospodarki \u015bwiata, a tak\u017ce has\u0142o Chruszczowa \u201eDogonimy i przegonimy\u201d w ci\u0105gu kilku lat Stany [&hellip;]<\/p>\n","protected":false},"author":4,"featured_media":6216,"comment_status":"open","ping_status":"closed","sticky":false,"template":"","format":"standard","meta":{"footnotes":""},"categories":[1],"tags":[],"_links":{"self":[{"href":"https:\/\/blog.polityka.pl\/passent\/wp-json\/wp\/v2\/posts\/6848"}],"collection":[{"href":"https:\/\/blog.polityka.pl\/passent\/wp-json\/wp\/v2\/posts"}],"about":[{"href":"https:\/\/blog.polityka.pl\/passent\/wp-json\/wp\/v2\/types\/post"}],"author":[{"embeddable":true,"href":"https:\/\/blog.polityka.pl\/passent\/wp-json\/wp\/v2\/users\/4"}],"replies":[{"embeddable":true,"href":"https:\/\/blog.polityka.pl\/passent\/wp-json\/wp\/v2\/comments?post=6848"}],"version-history":[{"count":3,"href":"https:\/\/blog.polityka.pl\/passent\/wp-json\/wp\/v2\/posts\/6848\/revisions"}],"predecessor-version":[{"id":6851,"href":"https:\/\/blog.polityka.pl\/passent\/wp-json\/wp\/v2\/posts\/6848\/revisions\/6851"}],"wp:featuredmedia":[{"embeddable":true,"href":"https:\/\/blog.polityka.pl\/passent\/wp-json\/wp\/v2\/media\/6216"}],"wp:attachment":[{"href":"https:\/\/blog.polityka.pl\/passent\/wp-json\/wp\/v2\/media?parent=6848"}],"wp:term":[{"taxonomy":"category","embeddable":true,"href":"https:\/\/blog.polityka.pl\/passent\/wp-json\/wp\/v2\/categories?post=6848"},{"taxonomy":"post_tag","embeddable":true,"href":"https:\/\/blog.polityka.pl\/passent\/wp-json\/wp\/v2\/tags?post=6848"}],"curies":[{"name":"wp","href":"https:\/\/api.w.org\/{rel}","templated":true}]}}