
{"id":685,"date":"2010-04-11T23:47:43","date_gmt":"2010-04-11T21:47:43","guid":{"rendered":"http:\/\/passent.blog.polityka.pl\/?p=685"},"modified":"2010-04-11T23:54:25","modified_gmt":"2010-04-11T21:54:25","slug":"madry-polak-po-szkodzie","status":"publish","type":"post","link":"https:\/\/blog.polityka.pl\/passent\/2010\/04\/11\/madry-polak-po-szkodzie\/","title":{"rendered":"M\u0105dry Polak po szkodzie"},"content":{"rendered":"<p>Dzi\u0119kuj\u0119 blogowiczom i moderatorom za to, \u017ce przez pierwszych 36 godzin po katastrofie pomogli zachowa\u0107 na naszym blogu atmosfer\u0119 powagi i \u017ca\u0142oby. Mam nadziej\u0119, \u017ce nadal zachowana zostanie tonacja odpowiednia do tragedii, jaka nas spotka\u0142a. Ale \u017cycie idzie naprz\u00f3d, ca\u0142a Polska huczy od pyta\u0144 (\u201ejak to si\u0119 mog\u0142o sta\u0107?\u201d, \u201eco zawini\u0142o, kto winien?\u201d, \u201eco dalej?\u201d, \u201ekto b\u0119dzie kandydowa\u0142?\u201d), na kt\u00f3re odpowiedzi pa\u015b\u0107 musz\u0105. Jak kto\u015b powiedzia\u0142 \u2013 nie jest mo\u017cliwe \u2018drugie k\u0142amstwo katy\u0144skie\u2019.<\/p>\n<p><strong>Bez zagl\u0105dania do czarnej skrzynki mo\u017cna wyci\u0105gn\u0105\u0107 kilka wniosk\u00f3w na przysz\u0142o\u015b\u0107<\/strong>.<\/p>\n<p><strong>WI\u0118CEJ JEDNO\u015aCI<\/strong>. Poczucie wsp\u00f3lnoty, kt\u00f3re jest dzi\u015b imponuj\u0105ce, powinno si\u0119 przejawia\u0107 nie tylko w chwilach \u017ca\u0142oby i rozpaczy, kiedy upajamy si\u0119 tysi\u0105cami zniczy i \u015bwieczek, tysi\u0105cami ludzi, kt\u00f3rzy wylegli na ulice. Brakuje nam wsp\u00f3lnoty na co dzie\u0144. \u015awiadomie piel\u0119gnowane podzia\u0142y, podsycana nieufno\u015b\u0107 i wzajemne urazy doprowadzi\u0142y do tego, \u017ce obchody rocznicy zbrodni katy\u0144skiej mia\u0142y by\u0107 podw\u00f3jne. Tak jak podw\u00f3jne mia\u0142y by\u0107 krzes\u0142a w Brukseli i przy kilku innych okazjach. Kiedy Putin zaprosi\u0142 Tuska na wsp\u00f3lne obchody, powsta\u0142 problem \u2013 a Prezydent? Strona polska wybra\u0142a w\u00f3wczas rozwi\u0105zanie kompromisowe \u2013 podw\u00f3jne obchody, kt\u00f3re wydawa\u0142o si\u0119 najlepsze, cho\u0107 najlepsze nie by\u0142o, bo tragedia by\u0142a wsp\u00f3lna i wsp\u00f3lne powinny by\u0142y by\u0107 obchody.<\/p>\n<p><strong>WI\u0118CEJ POKORY<\/strong>. Ewidentnie nie wyci\u0105gni\u0119to wniosk\u00f3w z katastrofy samolotu CASA.<\/p>\n<p>Jak by\u0142o mo\u017cliwe umieszczenie tylu czo\u0142owych osobisto\u015bci w jednym samolocie? I to po raz drugi w tak kr\u00f3tkim czasie \u2013 samolot, kt\u00f3rym kilka dni wcze\u015bniej lecia\u0142 premier Tusk, r\u00f3wnie\u017c pe\u0142en by\u0142 znakomito\u015bci, a tak\u017ce czo\u0142owych dzia\u0142aczy partii rz\u0105dz\u0105cej. W obu przypadkach zabrak\u0142o pokory i wyobra\u017ani.<\/p>\n<p><strong>WI\u0118CEJ ROZUMU<\/strong>. L\u0105dowanie samolotu ewidentnie przebiega\u0142o w atmosferze \u201ePolak potrafi, polski lotnik poleci nawet na drzwiach stodo\u0142y, jako\u015b to b\u0119dzie, musi si\u0119 uda\u0107\u201d. A potem rozpacz, wzruszenie, duma z solidarno\u015bci \u017cywych i Zmar\u0142ych, apel poleg\u0142ych, samouwielbienie jak pi\u0119knie potrafimy \u017cegna\u0107 ofiary kolejnych przegranych bitew. Zapis z czarnej skrzynki, podobnie jak i wyniki prac komisji do zbadania przyczyn katastrofy, powinny zosta\u0107 jak najszybciej opublikowane.<\/p>\n<p><strong>WI\u0118CEJ ODWAGI I PROFESJONALIZMU<\/strong>. Zabrak\u0142o odwagi, by podj\u0105\u0107 niepopularn\u0105 decyzj\u0119 i zakupi\u0107 nowe, odpowiednie samoloty dla w\u0142adz pa\u0144stwowych i tym samym narazi\u0107 si\u0119 na zarzuty o marnowanie publicznych pieni\u0119dzy dla w\u0142asnej wygody. W sprawie samej katastrofy wiele wskazuje na to, \u017ce kto\u015b zlekcewa\u017cy\u0142 kolejne ostrze\u017cenia, naruszy\u0142 elementarne normy sztuki pilota\u017cu. Nie chce si\u0119 wierzy\u0107, \u017ce pilot, kt\u00f3ry ma na pok\u0142adzie Prezydenta RP i swoich dow\u00f3dc\u00f3w, sam bierze na siebie takie ryzyko. Co nim kierowa\u0142o?<\/p>\n<p><strong>WI\u0118CEJ KONSEKWENCJI<\/strong>. Opinia publiczna nigdy nie zosta\u0142a poinformowana jakie konsekwencje wyci\u0105gni\u0119to wobec os\u00f3b winnych katastrofy samolotu CASA, w tym zgromadzenia na jego pok\u0142adzie ca\u0142ego dow\u00f3dztwa si\u0142 lotniczych. Konsekwencje musia\u0142y by\u0107 zbyt ma\u0142e, skoro tak pr\u0119dko o wnioskach z tamtego nieszcz\u0119\u015bcia zapomniano. Czy i kto odpowie teraz?<\/p>\n<p><strong>WI\u0118CEJ SKROMNO\u015aCI<\/strong>. Polska uwa\u017ca, \u017ce pe\u0142ni misj\u0119 cywilizacyjn\u0105 na Wschodzie, a Putin i Miedwiediew musz\u0105 si\u0119 od nas jeszcze wiele nauczy\u0107. Wielu z nas patrzy na Rosjan z g\u00f3ry. Lepiej by by\u0142o, gdyby z tego poczucia wy\u017cszo\u015bci zrezygnowa\u0107, a tam gdzie trzeba &#8211; uczy\u0107 si\u0119 od Rosjan. Doceni\u0107 to, co robi\u0105 dla poprawy stosunk\u00f3w z Polsk\u0105, mimo, \u017ce (jak w przypadku gazoci\u0105gu p\u00f3\u0142nocnego) interesy mamy nie zawsze zgodne. Ale ponad tym, co dzieli, trzeba budowa\u0107 to, co \u0142\u0105czy. Putin z Miedwiediewem stan\u0119li na wysoko\u015bci zadania. Podczas uroczysto\u015bci katy\u0144skich Putin w wyg\u0142oszonym przem\u00f3wieniu posun\u0105\u0142 si\u0119 daleko, ale nie do ko\u0144ca \u2013 po katastrofie spe\u0142nia wszelkie oczekiwania. Emisja filmu \u201eKaty\u0144\u201d w g\u0142\u00f3wnym programie telewizji rosyjskiej to kolejny sygna\u0142 tamtejszych w\u0142adz. Mam nadzieje, \u017ce ju\u017c nie zapyta, dlaczego zaproszono Putina na obchody rocznicy Westerplatte.<\/p>\n<p>By\u0142oby zbrodni\u0105, gdyby\u015bmy z tej tragedii nie wyci\u0105gn\u0119li wniosk\u00f3w, a w przysz\u0142o\u015bci wszystko mia\u0142o w Polsce zosta\u0107 po staremu. Po katastrofie samolotu CASA nie sprawdzi\u0142o si\u0119 nawet porzekad\u0142o, \u017ce m\u0105dry Polak po szkodzie.<\/p>\n","protected":false},"excerpt":{"rendered":"<p>Dzi\u0119kuj\u0119 blogowiczom i moderatorom za to, \u017ce przez pierwszych 36 godzin po katastrofie pomogli zachowa\u0107 na naszym blogu atmosfer\u0119 powagi i \u017ca\u0142oby. Mam nadziej\u0119, \u017ce nadal zachowana zostanie tonacja odpowiednia do tragedii, jaka nas spotka\u0142a. Ale \u017cycie idzie naprz\u00f3d, ca\u0142a Polska huczy od pyta\u0144 (\u201ejak to si\u0119 mog\u0142o sta\u0107?\u201d, \u201eco zawini\u0142o, kto winien?\u201d, \u201eco dalej?\u201d, [&hellip;]<\/p>\n","protected":false},"author":4,"featured_media":0,"comment_status":"open","ping_status":"open","sticky":false,"template":"","format":"standard","meta":{"footnotes":""},"categories":[1],"tags":[],"_links":{"self":[{"href":"https:\/\/blog.polityka.pl\/passent\/wp-json\/wp\/v2\/posts\/685"}],"collection":[{"href":"https:\/\/blog.polityka.pl\/passent\/wp-json\/wp\/v2\/posts"}],"about":[{"href":"https:\/\/blog.polityka.pl\/passent\/wp-json\/wp\/v2\/types\/post"}],"author":[{"embeddable":true,"href":"https:\/\/blog.polityka.pl\/passent\/wp-json\/wp\/v2\/users\/4"}],"replies":[{"embeddable":true,"href":"https:\/\/blog.polityka.pl\/passent\/wp-json\/wp\/v2\/comments?post=685"}],"version-history":[{"count":0,"href":"https:\/\/blog.polityka.pl\/passent\/wp-json\/wp\/v2\/posts\/685\/revisions"}],"wp:attachment":[{"href":"https:\/\/blog.polityka.pl\/passent\/wp-json\/wp\/v2\/media?parent=685"}],"wp:term":[{"taxonomy":"category","embeddable":true,"href":"https:\/\/blog.polityka.pl\/passent\/wp-json\/wp\/v2\/categories?post=685"},{"taxonomy":"post_tag","embeddable":true,"href":"https:\/\/blog.polityka.pl\/passent\/wp-json\/wp\/v2\/tags?post=685"}],"curies":[{"name":"wp","href":"https:\/\/api.w.org\/{rel}","templated":true}]}}