
{"id":6853,"date":"2021-05-24T09:09:38","date_gmt":"2021-05-24T07:09:38","guid":{"rendered":"https:\/\/passent.blog.polityka.pl\/?p=6853"},"modified":"2021-05-24T11:41:51","modified_gmt":"2021-05-24T09:41:51","slug":"lewandowski-wygral-polska-przegrala","status":"publish","type":"post","link":"https:\/\/blog.polityka.pl\/passent\/2021\/05\/24\/lewandowski-wygral-polska-przegrala\/","title":{"rendered":"Lewandowski wygra\u0142 \u2013 Polska przegra\u0142a"},"content":{"rendered":"\n<p>Kiedy Robert Lewandowski triumfowa\u0142, nasz kraj poni\u00f3s\u0142 dotkliwe straty na arenie mi\u0119dzynarodowej.<\/p>\n\n\n\n<!--more-->\n\n\n\n<p>Dla wielu ludzi postanowienie Trybuna\u0142u Sprawiedliwo\u015bci Unii Europejskiej w sprawie kopalni i elektrowni Tur\u00f3w by\u0142o zaskoczeniem (podobnie jak zniesienie przez USA sankcji na przedsi\u0119biorstwa zaanga\u017cowane w budow\u0119 gazoci\u0105gu Nord Stream 2, co jest pora\u017ck\u0105 naszej polityki zagranicznej). Nie dziwi\u0119 si\u0119, poniewa\u017c sprawy zagraniczne pozostaj\u0105 na marginesie zainteresowania opinii publicznej. O ile podatki, szko\u0142y, szpitale, mieszkania i inne sprawy krajowe s\u0105 pod sta\u0142\u0105 uwag\u0105 medi\u00f3w oraz tych, kt\u00f3rzy w og\u00f3le \u015bledz\u0105 wydarzenia, o tyle stosunki mi\u0119dzynarodowe nie budz\u0105 takiej ciekawo\u015bci i nami\u0119tno\u015bci.<\/p>\n\n\n\n<p>Dlaczego? Po cz\u0119\u015bci dlatego, \u017ce jeste\u015bmy skupieni na sobie, Polska, Warszawa &#8211; oto co si\u0119 dla nas liczy. Na dodatek nie mieli\u015bmy kolonii, polskie interesy nie si\u0119ga\u0142y daleko, na inne kontynenty. Kiedy nasz kraj zosta\u0142 (nie po raz pierwszy) niesta\u0142ym cz\u0142onkiem Rady Bezpiecze\u0144stwa ONZ, to w\u0142adza p\u0119ka\u0142a z dumy, zapominaj\u0105c, \u017ce miejsce to wynika z rotacji i kraje jednego regionu praktycznie po kolei pe\u0142ni\u0105 t\u0119 zaszczytn\u0105 rol\u0119. Im politycy bardziej ograniczeni, prowincjonalni w sposobie my\u015blenia, tym bardziej spragnieni sukces\u00f3w.<\/p>\n\n\n\n<p>Dlaczego Czesi zepsuli nam humor? Jak mogli? Przecie\u017c my jeste\u015bmy liderem regonu, najwa\u017cniejszym pa\u0144stwem Mi\u0119dzymorza, a oni donosz\u0105 na nas do TSUE? Niestety, wygl\u0105da na to, \u017ce lokalny sp\u00f3r z Czechami, kt\u00f3ry si\u0119 \u015blimaczy\u0142 od lat, by\u0142 przez Polsk\u0119 niedoceniony, lekcewa\u017cony. \u015awiadczy o tym r\u00f3wnie\u017c brak polskiego ambasadora w Republice Czeskiej od prawie roku. Ka\u017cdy dyplomata uzna\u0142by to za oznak\u0119 lekcewa\u017cenia (\u201eCzechy mog\u0105 zaczeka\u0107\u201d, \u201enie pali si\u0119\u201d itp.). Kto jest winny tego zaniedbania \u2013 MSZ czy Kancelaria Prezydenta \u2013 nie wiadomo. A nie wiadomo, poniewa\u017c ma\u0142o kogo to obchodzi, dla nas stosunki mi\u0119dzynarodowe to sprawa drugorz\u0119dna \u2013 chyba \u017ce chodzi o sprawy naprawd\u0119 dla polskiego rz\u0105du wa\u017cne &#8211; czyli walk\u0119 z aborcj\u0105. Wtedy MSZ si\u0119 nie oci\u0105ga. Ambasada w Pradze wysma\u017cy\u0142a list do w\u0142adz czeskich, aby zmieni\u0142y (akurat dyskutowane) ustawodawstwo tak, by ukr\u00f3ci\u0107 turystyk\u0119 aborcyjn\u0105 z Polski. &#8222;Polskie prawo dotyczy Polek i Polak\u00f3w wsz\u0119dzie&#8221; \u2013 twierdzi Warszawa. Jest to nic innego jak ingerowanie w ustawodawstwo innych pa\u0144stw, rodzaj supremacji, arogancji i wy\u017cszo\u015bci. Tak rozumuje \u0141ukaszenka. Nic dziwnego, \u017ce polski postulat zosta\u0142 odrzucony.<\/p>\n\n\n\n<p>Tym razem idzie o Tur\u00f3w \u2013 spraw\u0119 odwlekan\u0105 co najmniej od o\u015bmiu lat, kiedy premier Sobotka ostrzega\u0142 premier Szyd\u0142o, \u017ce je\u015bli nie rozwi\u0105\u017cemy tego sporu, to sprawa mo\u017ce trafi\u0107 do Komisji Europejskiej. Sprawa jest dla Polski gard\u0142owa (Tur\u00f3w dostarcza 5-7 proc. energii elektrycznej w Polsce). Dlatego zamiast krzycze\u0107 o suwerenno\u015bci, bezpiecze\u0144stwie energetycznym etc., nale\u017cy kolejny raz \u2013 ale tym razem serio \u2013 przyst\u0105pi\u0107 do negocjacji i spowodowa\u0107, \u017ceby Czesi wycofali swoj\u0105 skarg\u0119. Mniej arogancji \u2013 wi\u0119cej profesjonalizmu, oto czego potrzebuje polska dyplomacja.<\/p>\n\n\n\n<p>Decyzja Bidena o zniesieniu sankcji dotycz\u0105cych budowy Nord Stream 2 to nieoczekiwany cios z Waszyngtonu i pora\u017cka wieloletniej walki z rosyjsko-niemieckim gazoci\u0105giem \u0142\u0105cz\u0105cym naszych dw\u00f3ch pot\u0119\u017cnych s\u0105siad\u00f3w. Trudno o gorsz\u0105 wiadomo\u015b\u0107. To \u015bwiadectwo naszej sprawczo\u015bci na arenie mi\u0119dzynarodowej. Niestety, trzeba by\u0142o pos\u0142ucha\u0107 tych, kt\u00f3rzy radzili przy\u0142\u0105czy\u0107 si\u0119 do budowy Nord Stream 2 (a byli tacy). Przypominali star\u0105 zasad\u0119: jak nie mo\u017cesz ich pokona\u0107 \u2013 to do\u0142\u0105cz do nich. Tym bardziej \u017ce byli\u015bmy zapraszani.<\/p>\n","protected":false},"excerpt":{"rendered":"<p>Kiedy Robert Lewandowski triumfowa\u0142, nasz kraj poni\u00f3s\u0142 dotkliwe straty na arenie mi\u0119dzynarodowej.<\/p>\n","protected":false},"author":4,"featured_media":6858,"comment_status":"open","ping_status":"closed","sticky":false,"template":"","format":"standard","meta":{"footnotes":""},"categories":[1],"tags":[],"_links":{"self":[{"href":"https:\/\/blog.polityka.pl\/passent\/wp-json\/wp\/v2\/posts\/6853"}],"collection":[{"href":"https:\/\/blog.polityka.pl\/passent\/wp-json\/wp\/v2\/posts"}],"about":[{"href":"https:\/\/blog.polityka.pl\/passent\/wp-json\/wp\/v2\/types\/post"}],"author":[{"embeddable":true,"href":"https:\/\/blog.polityka.pl\/passent\/wp-json\/wp\/v2\/users\/4"}],"replies":[{"embeddable":true,"href":"https:\/\/blog.polityka.pl\/passent\/wp-json\/wp\/v2\/comments?post=6853"}],"version-history":[{"count":4,"href":"https:\/\/blog.polityka.pl\/passent\/wp-json\/wp\/v2\/posts\/6853\/revisions"}],"predecessor-version":[{"id":6859,"href":"https:\/\/blog.polityka.pl\/passent\/wp-json\/wp\/v2\/posts\/6853\/revisions\/6859"}],"wp:featuredmedia":[{"embeddable":true,"href":"https:\/\/blog.polityka.pl\/passent\/wp-json\/wp\/v2\/media\/6858"}],"wp:attachment":[{"href":"https:\/\/blog.polityka.pl\/passent\/wp-json\/wp\/v2\/media?parent=6853"}],"wp:term":[{"taxonomy":"category","embeddable":true,"href":"https:\/\/blog.polityka.pl\/passent\/wp-json\/wp\/v2\/categories?post=6853"},{"taxonomy":"post_tag","embeddable":true,"href":"https:\/\/blog.polityka.pl\/passent\/wp-json\/wp\/v2\/tags?post=6853"}],"curies":[{"name":"wp","href":"https:\/\/api.w.org\/{rel}","templated":true}]}}