
{"id":686,"date":"2010-04-13T22:03:48","date_gmt":"2010-04-13T20:03:48","guid":{"rendered":"http:\/\/passent.blog.polityka.pl\/?p=686"},"modified":"2010-04-13T22:03:48","modified_gmt":"2010-04-13T20:03:48","slug":"narodziny-legendy","status":"publish","type":"post","link":"https:\/\/blog.polityka.pl\/passent\/2010\/04\/13\/narodziny-legendy\/","title":{"rendered":"Narodziny legendy"},"content":{"rendered":"<p><strong>Na naszych oczach, i nie bez naszego (medi\u00f3w, kt\u00f3re zdr\u0119twia\u0142y z wra\u017cenia) udzia\u0142u, rodzi si\u0119 legenda Lecha Kaczy\u0144skiego i Jego Ma\u0142\u017conki<\/strong>.<\/p>\n<p>Filary tej legendy to Katy\u0144, katastrofa lotnicza (Sikorski), kto wie, czy nie z rosyjskiej r\u0119ki, i Wawel (Pi\u0142sudski). I na dodatek media, kt\u00f3re nie potrafi\u0105 zdoby\u0107 si\u0119 na analiz\u0119 tego, co si\u0119 dzieje, kto i dlaczego gromadzi si\u0119 na Krakowskim Przedmie\u015bciu.<\/p>\n<p>Tragicznie zmar\u0142y prezydent staje si\u0119 wedle tej legendy bohaterem narodowym, stra\u017cnikiem i bohaterem pami\u0119ci narodowej; zgin\u0105\u0142 na posterunku, wraz z powszechnie lubian\u0105 Ma\u0142\u017conk\u0105, w otoczeniu generalicji, polityk\u00f3w, cz\u0142onk\u00f3w rodzin katy\u0144skich, jad\u0105c z\u0142o\u017cy\u0107 ho\u0142d w miejscu dla narodu polskiego \u015bwi\u0119tym, dwa kroki od mogi\u0142 pomordowanych rodak\u00f3w, przy kt\u00f3rych znalaz\u0142 \u015bmier\u0107. Nawet premier Tusk powiedzia\u0142, \u017ce Katy\u0144 jest mitem za\u0142o\u017cycielskim wolnej Polski.<\/p>\n<p>Katy\u0144 plus tragedia smole\u0144ska to g\u0142\u00f3wne filary rodz\u0105cego si\u0119 mitu. Wawel to kolejny filar. Kardyna\u0142 Dziwisz komunikuj\u0105c swoj\u0105 niewiarygodn\u0105 decyzj\u0119, wzywa\u0142 do jedno\u015bci, ale wykona\u0142 krok, kt\u00f3ry jedno\u015bci nie sprzyja, poniewa\u017c prezydentura Lecha Kaczy\u0144skiego budzi\u0142a wiele kontrowersji i spor\u00f3w. Decyzja kardyna\u0142a nasuwa pytanie \u2013 a co z innymi prezydentami? Co b\u0119dzie (po najd\u0142u\u017cszym \u017cyciu) z Lechem Wa\u0142\u0119s\u0105 \u2013 ojcem wolnej Polski, a tak\u017ce z Aleksandrem Kwa\u015bniewskim, kt\u00f3rego prezydentura cieszy\u0142a si\u0119 najwi\u0119kszym uznaniem.<\/p>\n<p>Co z Jaruzelskim? Polsk\u0119 powinno by\u0107 sta\u0107 na panteon, a w ka\u017cdym razie na to, by zmarli prezydenci byli traktowani z jednakow\u0105 atencj\u0105. Nie jest przypadkiem, \u017ce byli prezydenci Rzeczypospolitej s\u0105 pochowani w Katedrze w Warszawie (z wyj\u0105tkiem marsza\u0142ka Pi\u0142sudskiego, kt\u00f3ry nie by\u0142 co prawda prezydentem, tylko Naczelnikiem Pa\u0144stwa, ale na Wawelu jest pochowany jako tw\u00f3rca Legion\u00f3w, zwyci\u0119ski w\u00f3dz w wojnie 1920 r., ojciec niepodleg\u0142o\u015bci).<\/p>\n<p>Teraz, na skutek decyzji kardyna\u0142a Dziwisza, ka\u017cde dziecko polskie zwiedzaj\u0105c Wawel i gr\u00f3b Marsza\u0142ka, b\u0119dzie tak\u017ce odwiedza\u0107 gr\u00f3b Marii i Lecha Kaczy\u0144skich. Na kr\u00f3tk\u0105 met\u0119 ta arogancka decyzja zaszkodzi Pami\u0119ci Prezydenta Kaczy\u0144skiego, b\u0119d\u0105 wysuwane najgorsze zarzuty, zaszkodzi tak\u017ce szansom kandydata PiS w wyborach prezydenckich na zasadzie \u201eco za du\u017co, to niezdrowo\u201d. Ale Wawel nie jest na kr\u00f3tk\u0105 met\u0119, Wawel jest na zawsze.<\/p>\n","protected":false},"excerpt":{"rendered":"<p>Na naszych oczach, i nie bez naszego (medi\u00f3w, kt\u00f3re zdr\u0119twia\u0142y z wra\u017cenia) udzia\u0142u, rodzi si\u0119 legenda Lecha Kaczy\u0144skiego i Jego Ma\u0142\u017conki. Filary tej legendy to Katy\u0144, katastrofa lotnicza (Sikorski), kto wie, czy nie z rosyjskiej r\u0119ki, i Wawel (Pi\u0142sudski). I na dodatek media, kt\u00f3re nie potrafi\u0105 zdoby\u0107 si\u0119 na analiz\u0119 tego, co si\u0119 dzieje, kto [&hellip;]<\/p>\n","protected":false},"author":4,"featured_media":0,"comment_status":"open","ping_status":"open","sticky":false,"template":"","format":"standard","meta":{"footnotes":""},"categories":[1],"tags":[],"_links":{"self":[{"href":"https:\/\/blog.polityka.pl\/passent\/wp-json\/wp\/v2\/posts\/686"}],"collection":[{"href":"https:\/\/blog.polityka.pl\/passent\/wp-json\/wp\/v2\/posts"}],"about":[{"href":"https:\/\/blog.polityka.pl\/passent\/wp-json\/wp\/v2\/types\/post"}],"author":[{"embeddable":true,"href":"https:\/\/blog.polityka.pl\/passent\/wp-json\/wp\/v2\/users\/4"}],"replies":[{"embeddable":true,"href":"https:\/\/blog.polityka.pl\/passent\/wp-json\/wp\/v2\/comments?post=686"}],"version-history":[{"count":0,"href":"https:\/\/blog.polityka.pl\/passent\/wp-json\/wp\/v2\/posts\/686\/revisions"}],"wp:attachment":[{"href":"https:\/\/blog.polityka.pl\/passent\/wp-json\/wp\/v2\/media?parent=686"}],"wp:term":[{"taxonomy":"category","embeddable":true,"href":"https:\/\/blog.polityka.pl\/passent\/wp-json\/wp\/v2\/categories?post=686"},{"taxonomy":"post_tag","embeddable":true,"href":"https:\/\/blog.polityka.pl\/passent\/wp-json\/wp\/v2\/tags?post=686"}],"curies":[{"name":"wp","href":"https:\/\/api.w.org\/{rel}","templated":true}]}}