
{"id":6860,"date":"2021-05-29T16:04:22","date_gmt":"2021-05-29T14:04:22","guid":{"rendered":"https:\/\/passent.blog.polityka.pl\/?p=6860"},"modified":"2021-05-30T00:16:38","modified_gmt":"2021-05-29T22:16:38","slug":"sol-w-oku","status":"publish","type":"post","link":"https:\/\/blog.polityka.pl\/passent\/2021\/05\/29\/sol-w-oku\/","title":{"rendered":"S\u00f3l w oku"},"content":{"rendered":"\n<p>W sprawie Czech. Jak to si\u0119 dzieje, \u017ce najpierw panowa\u0142 b\u0142ogi spok\u00f3j, jaki\u015b drugorz\u0119dny konflikt, a potem, kiedy Trybuna\u0142 Sprawiedliwo\u015bci (na wniosek bratnich Czech) nakaza\u0142 zawiesi\u0107 wydobycie w\u0119gla do czasu rozpatrzenia skargi, rozleg\u0142o si\u0119 nasze \u201enie oddamy ani guzika\u201d, chodzi o nasze bezpiecze\u0144stwo energetyczne, 7 proc. wytwarzanej w Polsce energii elektrycznej, ale wszystko za\u0142atwi Morawiecki z Babiszem (premierem Czech) w Brukseli?<\/p>\n\n\n\n<!--more-->\n\n\n\n<p>Widocznie nie za\u0142atwili, bo premier Morawiecki pojawi\u0142 si\u0119 na miejscu i trwa\u0142y jakie\u015b negocjacje, potem og\u0142osi\u0142 DU\u017bYMI LITERAMI, i\u017c osi\u0105gni\u0119to porozumienie, w wyniku kt\u00f3rego Czesi zgodzili si\u0119 wycofa\u0107 skarg\u0119 (to powiedzia\u0142 najpierw), a ciszej doda\u0142, \u017ce Polska zaanga\u017cuje 45 mln euro we wsp\u00f3lne przedsi\u0119wzi\u0119cia, takie jak budowa kanalizacji w kilku gminach itp.<\/p>\n\n\n\n<p>Negocjacje? Jakie negocjacje? \u201eNiczego z premierem Morawieckim nie negocjowa\u0142em\u201d, nawet nie zamierza\u0142em o tym rozmawia\u0107, to on nalega\u0142, powiedzia\u0142 Andrej Babisz. (Nagle sprawa sta\u0142a si\u0119 dla nas pilna i to Babisz pr\u0119\u017cy musku\u0142y, bo w Czechach zbli\u017caj\u0105 si\u0119 wybory). Skargi nie wycofamy &#8211; m\u00f3wi. W tzw. mi\u0119dzyczasie na miejsce przyby\u0142 legendarny Jacek Sasin, wicepremier, minister zasob\u00f3w i aktyw\u00f3w (przyzna\u0142, \u017ce po raz pierwszy jest w tym miejscu, co \u015bwiadczy o znaczeniu, jakie Polska przywi\u0105zywa\u0142a do sprawy), oraz jego zast\u0119pca minister Sobo\u0144, kt\u00f3ry prowadzi negocjacje, b\u0119d\u0105ce ju\u017c na uko\u0144czeniu.<\/p>\n\n\n\n<p>Od tego czasu panuje cisza, wiemy tylko, \u017ce dali\u015bmy cia\u0142a na 45 mln euro, je\u015bli dobrze (?) p\u00f3jdzie, bo mo\u017ce okaza\u0107 si\u0119 wi\u0119cej. Zapewne by\u0142oby mniej, gdyby\u015bmy nie byli \u201ena musiku\u201d, bo skarga czeka. Ale co to dla nas&nbsp;70 mln z\u0142 na wybory, 200 mln z\u0142 na Tur\u00f3w, ojczyzna zap\u0142aci.<\/p>\n\n\n\n<p>Druga sprawa \u2013 niedawno prof. Adam Bodnar wyst\u0105pi\u0142 po raz ostatni w tym Sejmie. Sk\u0142ada\u0142 obszerne sprawozdanie z dzia\u0142alno\u015bci RPO w ubieg\u0142ym roku. I chocia\u017c zainteresowanie dzia\u0142alno\u015bci\u0105 RPO i wyborem jego nast\u0119pcy jest znaczne, rz\u0105d i pos\u0142owie Zjednoczonej Prawicy zbojkotowali wyst\u0105pienie Bodnara. \u0141awy poselskie prawicy i \u0142awy rz\u0105dowe (!), p\u00f3\u0142 sali plenarnej Sejmu \u015bwieci\u0142o pustkami. Rz\u0105d nie przys\u0142a\u0142 nawet jednego przedstawiciela. Jak to nazwa\u0107? Rozumiem, \u017ce rzecznik Bodnar jest sol\u0105 w oku w\u0142adzy, ostatni\u0105 instytucj\u0105 niezale\u017cn\u0105 od rz\u0105dz\u0105cej autokracji, ale odrobina my\u015blenia pa\u0144stwowego i szczypta kultury by si\u0119 przyda\u0142a. Bodnar zni\u00f3s\u0142 to i inne afronty z klas\u0105, ale patrze\u0107 na to by\u0142o przykro.<\/p>\n\n\n\n<p><strong>Zaproszenie<\/strong><br>Prof. Adam Bodnar oraz dr Bart\u0142omiej Radziejewski (publicysta, za\u0142o\u017cyciel Nowej Konfederacji) b\u0119d\u0105 naszymi go\u015b\u0107mi w TOK FM, niedziela 30 maja, godz. 10:05. Zapraszamy!<\/p>\n","protected":false},"excerpt":{"rendered":"<p>W sprawie Czech. Jak to si\u0119 dzieje, \u017ce najpierw panowa\u0142 b\u0142ogi spok\u00f3j, jaki\u015b drugorz\u0119dny konflikt, a potem, kiedy Trybuna\u0142 Sprawiedliwo\u015bci (na wniosek bratnich Czech) nakaza\u0142 zawiesi\u0107 wydobycie w\u0119gla do czasu rozpatrzenia skargi, rozleg\u0142o si\u0119 nasze \u201enie oddamy ani guzika\u201d, chodzi o nasze bezpiecze\u0144stwo energetyczne, 7 proc. wytwarzanej w Polsce energii elektrycznej, ale wszystko za\u0142atwi Morawiecki [&hellip;]<\/p>\n","protected":false},"author":4,"featured_media":0,"comment_status":"open","ping_status":"closed","sticky":false,"template":"","format":"standard","meta":{"footnotes":""},"categories":[1],"tags":[],"_links":{"self":[{"href":"https:\/\/blog.polityka.pl\/passent\/wp-json\/wp\/v2\/posts\/6860"}],"collection":[{"href":"https:\/\/blog.polityka.pl\/passent\/wp-json\/wp\/v2\/posts"}],"about":[{"href":"https:\/\/blog.polityka.pl\/passent\/wp-json\/wp\/v2\/types\/post"}],"author":[{"embeddable":true,"href":"https:\/\/blog.polityka.pl\/passent\/wp-json\/wp\/v2\/users\/4"}],"replies":[{"embeddable":true,"href":"https:\/\/blog.polityka.pl\/passent\/wp-json\/wp\/v2\/comments?post=6860"}],"version-history":[{"count":3,"href":"https:\/\/blog.polityka.pl\/passent\/wp-json\/wp\/v2\/posts\/6860\/revisions"}],"predecessor-version":[{"id":6863,"href":"https:\/\/blog.polityka.pl\/passent\/wp-json\/wp\/v2\/posts\/6860\/revisions\/6863"}],"wp:attachment":[{"href":"https:\/\/blog.polityka.pl\/passent\/wp-json\/wp\/v2\/media?parent=6860"}],"wp:term":[{"taxonomy":"category","embeddable":true,"href":"https:\/\/blog.polityka.pl\/passent\/wp-json\/wp\/v2\/categories?post=6860"},{"taxonomy":"post_tag","embeddable":true,"href":"https:\/\/blog.polityka.pl\/passent\/wp-json\/wp\/v2\/tags?post=6860"}],"curies":[{"name":"wp","href":"https:\/\/api.w.org\/{rel}","templated":true}]}}