
{"id":687,"date":"2010-04-15T23:59:52","date_gmt":"2010-04-15T21:59:52","guid":{"rendered":"http:\/\/passent.blog.polityka.pl\/?p=687"},"modified":"2010-04-16T00:11:25","modified_gmt":"2010-04-15T22:11:25","slug":"tezy-kwietniowe","status":"publish","type":"post","link":"https:\/\/blog.polityka.pl\/passent\/2010\/04\/15\/tezy-kwietniowe\/","title":{"rendered":"Tezy kwietniowe"},"content":{"rendered":"<p><strong>W tych dniach trudno jest zebra\u0107 my\u015bli, napisa\u0107 co\u015b oryginalnego i sensownego. Zamiast pisa\u0107 \u2013 czytam (i cytuj\u0119, bo aprobuj\u0119\u2026)<\/strong>.<\/p>\n<p><strong>BRONIS\u0141AW \u0141AGOWSKI<\/strong> o egzaltacji duchowej Polak\u00f3w: \u201eOt\u00f3\u017c ja nigdy nie lubi\u0142em duchowego kolektywizmu, uwa\u017ca\u0142em, \u017ce duchowy kolektywizm \u017cadnego narodu w niczym nie rozwija. Tymczasem po pontyfikacie Jana Paw\u0142a II jeszcze silniej ugruntowa\u0142o si\u0119 w Polakach , nie m\u00f3wi\u0105c ju\u017c o \u2018mitycznym pokoleniu JP2\u2019, przekonanie, \u017ce modlitwa, aby by\u0142a wa\u017cna, musi si\u0119 zebra\u0107 dziesi\u0119\u0107 tysi\u0119cy ludzi. Cho\u0107, oczywi\u015bcie, b\u0119dzie wa\u017cniejsza, jak si\u0119 zbierze sto tysi\u0119cy, a najlepiej milion. I b\u0119dzie to transmitowane na \u017cywo przez telewizj\u0119. Tak\u0105 duchow\u0105 sched\u0119 pozostawi\u0142 Polakom Wojty\u0142a, i nie jestem pewien, czy to jest scheda dla Polak\u00f3w dobra. Zwi\u0119kszy\u0142 jedynie nasz\u0105 sk\u0142onno\u015b\u0107 do kolektywnej egzaltacji\u201d. (M\u00f3j komentarz: W og\u00f3le, to zgoda, ale w szczeg\u00f3le, to kolektywna egzaltacja przyczyni\u0142a si\u0119 jednak do upadku systemu i zwyci\u0119stwa wolno\u015bci\u2026). \u0179r\u00f3d\u0142o: \u201eEuropa\u201d, miesi\u0119cznik, nr 1\/2010.<\/p>\n<p><strong>WLADIMIR POZNER<\/strong> o zbrodniach Stalina (Pozner &#8211; znany komentator rosyjski, na zako\u0144czenie telewizyjnej rozmowy z ambasadorem Polski, Jerzym Bahrem, 12 IV 2010): Historia Katynia \u015bwiadczy, \u017ce \u201eprawda nie pozwala w\u0105tpi\u0107, i\u017c Stalin by\u0142 przest\u0119pc\u0105. I nie tylko jeden Stalin. Ludzie, kt\u00f3rzy go otaczali, byli przest\u0119pcami. By\u0142y ich nie setki, nie tysi\u0105ce, ale nawet miliony\u201d. Partia, na czele kt\u00f3rej on sta\u0142, by\u0142a organizacj\u0105 przest\u0119pcz\u0105. Nieprzyjemnie to m\u00f3wi\u0107, ale kiedy\u015b trzeba. Przeciwstawianie si\u0119 tej prawdzie b\u0119dzie \u201ejak \u0142a\u0144cuch na nogach kraju, kt\u00f3ry nie b\u0119dzie m\u00f3g\u0142 wykona\u0107 du\u017cego i swobodnego kroku. Trzeba b\u0119dzie uzna\u0107 t\u0119 prawd\u0119. Im szybciej tym lepiej\u201d. (W tym samym tonie wypowiedzia\u0142 si\u0119 prezydent Miedwiediew w wywiadzie dla rosyjskiej telewizji angloj\u0119zycznej).<\/p>\n<p><strong>ANDRZEJ ZOLL<\/strong> o kandydacie PiS: \u201e- PiS musi si\u0119 teraz odbudowa\u0107, a przede wszystkim znale\u017a\u0107 kandydata na prezydenta. \u017byczy\u0142bym tej partii aby m\u0105drze to zrobi\u0142a, aby nie dosz\u0142o tu do jakich\u015b niedobrych krok\u00f3w. \u2013 Ten niedobry krok oznacza dl Pana Profesora konkretne imi\u0119 i nazwisko? \u2013 Tak, oczywi\u015bcie. Musimy sobie z tego zdawa\u0107 spraw\u0119, \u017ce w PiS s\u0105 osoby, kt\u00f3re pokaza\u0142y, i\u017c maj\u0105 ci\u0105gotki autorytarne. \u2013 Jaki jest czarny scenariusz? \u2013 czarny scenariusz oznacza wykorzystywanie tragedii jako argumentu do \u015bci\u0105gni\u0119cia g\u0142os\u00f3w elektoratu. Ta tragedia nie powinna by\u0107 elementem rozgrywki z jakiejkolwiek strony. Dajmy szans\u0119 wszystkim formacjom politycznym inaczej popatrze\u0107 na rzeczywisto\u015b\u0107, na swoje dotychczasowe zaanga\u017cowanie\u201d. (Tygodnik Powszechny, 18 IV).<\/p>\n","protected":false},"excerpt":{"rendered":"<p>W tych dniach trudno jest zebra\u0107 my\u015bli, napisa\u0107 co\u015b oryginalnego i sensownego. Zamiast pisa\u0107 \u2013 czytam (i cytuj\u0119, bo aprobuj\u0119\u2026). BRONIS\u0141AW \u0141AGOWSKI o egzaltacji duchowej Polak\u00f3w: \u201eOt\u00f3\u017c ja nigdy nie lubi\u0142em duchowego kolektywizmu, uwa\u017ca\u0142em, \u017ce duchowy kolektywizm \u017cadnego narodu w niczym nie rozwija. Tymczasem po pontyfikacie Jana Paw\u0142a II jeszcze silniej ugruntowa\u0142o si\u0119 w Polakach [&hellip;]<\/p>\n","protected":false},"author":4,"featured_media":0,"comment_status":"open","ping_status":"open","sticky":false,"template":"","format":"standard","meta":{"footnotes":""},"categories":[1],"tags":[],"_links":{"self":[{"href":"https:\/\/blog.polityka.pl\/passent\/wp-json\/wp\/v2\/posts\/687"}],"collection":[{"href":"https:\/\/blog.polityka.pl\/passent\/wp-json\/wp\/v2\/posts"}],"about":[{"href":"https:\/\/blog.polityka.pl\/passent\/wp-json\/wp\/v2\/types\/post"}],"author":[{"embeddable":true,"href":"https:\/\/blog.polityka.pl\/passent\/wp-json\/wp\/v2\/users\/4"}],"replies":[{"embeddable":true,"href":"https:\/\/blog.polityka.pl\/passent\/wp-json\/wp\/v2\/comments?post=687"}],"version-history":[{"count":0,"href":"https:\/\/blog.polityka.pl\/passent\/wp-json\/wp\/v2\/posts\/687\/revisions"}],"wp:attachment":[{"href":"https:\/\/blog.polityka.pl\/passent\/wp-json\/wp\/v2\/media?parent=687"}],"wp:term":[{"taxonomy":"category","embeddable":true,"href":"https:\/\/blog.polityka.pl\/passent\/wp-json\/wp\/v2\/categories?post=687"},{"taxonomy":"post_tag","embeddable":true,"href":"https:\/\/blog.polityka.pl\/passent\/wp-json\/wp\/v2\/tags?post=687"}],"curies":[{"name":"wp","href":"https:\/\/api.w.org\/{rel}","templated":true}]}}