
{"id":6873,"date":"2021-06-07T18:11:23","date_gmt":"2021-06-07T16:11:23","guid":{"rendered":"https:\/\/passent.blog.polityka.pl\/?p=6873"},"modified":"2021-06-07T23:04:03","modified_gmt":"2021-06-07T21:04:03","slug":"tylko-u-nas-wywiad-z-prezesem","status":"publish","type":"post","link":"https:\/\/blog.polityka.pl\/passent\/2021\/06\/07\/tylko-u-nas-wywiad-z-prezesem\/","title":{"rendered":"Tylko u nas! WYWIAD Z PREZESEM"},"content":{"rendered":"\n<p>\u2013 Panie Prezesie, co pan s\u0105dzi o wypowiedzi marsza\u0142ka Terleckiego, kt\u00f3ry stwierdzi\u0142, \u017ce je\u017celi Cichanouska (nie \u201epani Cichanouska\u201d,&nbsp;tylko \u201eCichanouska\u201d) chce reklamowa\u0107 antydemokratyczn\u0105 opozycj\u0119 w Polsce i wyst\u0119powa\u0107 na mityngu Trzaskowskiego, to niech szuka pomocy w Moskwie, a my popieramy tak\u0105 bia\u0142orusk\u0105 opozycj\u0119, kt\u00f3ra nie staje po stronie naszych przeciwnik\u00f3w?<\/p>\n\n\n\n<!--more-->\n\n\n\n<p>\u2013 Nic uj\u0105\u0107, nic doda\u0107. S\u0142ycha\u0107 wycie \u2013 znakomicie.<\/p>\n\n\n\n<p>\u2013 Panie Prezesie, to wypowied\u017a szkodliwa dla Polski i w dodatku chamska, arogancka. Tak si\u0119 nie traktuje przedstawicielki&nbsp;demokratycznej opozycji bia\u0142oruskiej, kt\u00f3rej zwyci\u0119stwo le\u017cy tak\u017ce w naszym interesie. Tu chodzi o bezpiecze\u0144stwo Polski, o niepodleg\u0142\u0105 i demokratyczn\u0105 Bia\u0142oru\u015b, a nie o kolejn\u0105 prowincj\u0119 w imperium Putina. S\u0142owa wicemarsza\u0142ka Terleckiego posz\u0142y w \u015bwiat, mleko si\u0119 rozla\u0142o.<\/p>\n\n\n\n<p>\u2013 Nie widz\u0119 w tym nic z\u0142ego. Cokolwiek by powiedzia\u0142, to przekr\u0119c\u0105, dlatego ja rozmawiam tylko z mediami polskimi, \u017caden &#8222;Newsweek&#8221; czy TVN.<\/p>\n\n\n\n<p>&#8211; Co my\u015bli marsza\u0142ek Terlecki o opozycji w Polsce i na Bia\u0142orusi?<\/p>\n\n\n\n<p>&#8211; Prosz\u0119 zapyta\u0107 jego samego. Opozycja z za\u0142o\u017cenia nie jest demokratyczna, tylko antydemokratyczna. Demokratyczna jest tylko w\u0142adza. Opozycja nie jest te\u017c polska, to agentura Moskwy. Je\u017celi Bia\u0142oru\u015b chce naszej pomocy, to nie mo\u017ce rozmawia\u0107 z opozycj\u0105, musi si\u0119 zdecydowa\u0107: albo opozycja, albo Polska. A po drugiej stronie jest Moskwa.<\/p>\n\n\n\n<p>&#8211; Czy Cichanouska nie ma prawa rozmawia\u0107, z kim chce?<\/p>\n\n\n\n<p>&#8211; Ma prawo. Jeste\u015bmy krajem demokratycznym, ale wtedy niech&nbsp;nie liczy na nas. W \u017cyciu trzeba wybiera\u0107. Do nas wyci\u0105ga r\u0119k\u0119, a reklamuje opozycyjn\u0105 imprez\u0119 Trzaskowskiego? Z\u0142e to ciele, co dwie matki ssie.<\/p>\n\n\n\n<p>&#8211; Opozycja to nie jest Polska?<\/p>\n\n\n\n<p>&#8211; G\u0142upie pytanie. Polska jest tu. Opozycja to&nbsp;Moskwa, targowica.<\/p>\n\n\n\n<p>&#8211; Nie mo\u017cna by\u0107 dobrym Polakiem, b\u0119d\u0105c w opozycji?<\/p>\n\n\n\n<p>&#8211; Pan kpi czy o drog\u0119 pyta? Miejsce dobrych Polak\u00f3w jest\ntutaj.<\/p>\n\n\n\n<p>&#8211; Dlaczego nie by\u0142 pan na ods\u0142oni\u0119ciu pomnika Solidarno\u015bci?<\/p>\n\n\n\n<p>&#8211; W przest\u0119pstwach nie uczestnicz\u0119.<\/p>\n\n\n\n<p>&#8211; To by\u0142o przest\u0119pstwem do 1989 r. Teraz ju\u017c wolno.<\/p>\n\n\n\n<p>&#8211; Ukradli nazw\u0119, ukradli symbol, nie maj\u0105 nic wsp\u00f3lnego z Solidarno\u015bci\u0105. Uzurpatorzy. Prosz\u0119 zapyta\u0107 przewodnicz\u0105cego Dud\u0119. Zanieczy\u015bcili \u015brodek miasta. Ja nie b\u0119d\u0119 ta\u0144czy\u0142 do muzyki Trzaskowskiego. Niech najpierw posprz\u0105ta, bo zrobi to kto\u015b inny.<\/p>\n\n\n\n<p>&#8211; Ale w filmie pan zata\u0144czy?<\/p>\n\n\n\n<p>&#8211; W jakim znowu\u017c filmie? W filmie gra\u0142em dawno temu.<\/p>\n\n\n\n<p>&#8211; Nie s\u0142ysza\u0142 pan? \u201eCz\u0142owiek zbuntowany\u201d \u2013 film TVP o\nJaros\u0142awie Kaczy\u0144skim.<\/p>\n\n\n\n<p>&#8211; To jaka\u015b prowokacja, to si\u0119 nie mo\u017ce uda\u0107, albo zrobi\u0105 pean, albo paszkwil. Ja na to nie pozwol\u0119. Dajcie mi tu Kurskiego!<\/p>\n\n\n\n<p>&#8211; Jest na budowie scenografii \u2013 pan na tle Pa\u0142acu Saskiego. Dali\u015bmy im przecie\u017c dwa miliardy.<\/p>\n\n\n\n<p>&#8211; Ja nie pasuj\u0119 do pa\u0142acu. Rodacy wybior\u0105 dla mnie inne miejsce na tym placu.<\/p>\n","protected":false},"excerpt":{"rendered":"<p>\u2013 Panie Prezesie, co pan s\u0105dzi o wypowiedzi marsza\u0142ka Terleckiego, kt\u00f3ry stwierdzi\u0142, \u017ce je\u017celi Cichanouska (nie \u201epani Cichanouska\u201d,&nbsp;tylko \u201eCichanouska\u201d) chce reklamowa\u0107 antydemokratyczn\u0105 opozycj\u0119 w Polsce i wyst\u0119powa\u0107 na mityngu Trzaskowskiego, to niech szuka pomocy w Moskwie, a my popieramy tak\u0105 bia\u0142orusk\u0105 opozycj\u0119, kt\u00f3ra nie staje po stronie naszych przeciwnik\u00f3w?<\/p>\n","protected":false},"author":4,"featured_media":5137,"comment_status":"open","ping_status":"closed","sticky":false,"template":"","format":"standard","meta":{"footnotes":""},"categories":[1],"tags":[],"_links":{"self":[{"href":"https:\/\/blog.polityka.pl\/passent\/wp-json\/wp\/v2\/posts\/6873"}],"collection":[{"href":"https:\/\/blog.polityka.pl\/passent\/wp-json\/wp\/v2\/posts"}],"about":[{"href":"https:\/\/blog.polityka.pl\/passent\/wp-json\/wp\/v2\/types\/post"}],"author":[{"embeddable":true,"href":"https:\/\/blog.polityka.pl\/passent\/wp-json\/wp\/v2\/users\/4"}],"replies":[{"embeddable":true,"href":"https:\/\/blog.polityka.pl\/passent\/wp-json\/wp\/v2\/comments?post=6873"}],"version-history":[{"count":9,"href":"https:\/\/blog.polityka.pl\/passent\/wp-json\/wp\/v2\/posts\/6873\/revisions"}],"predecessor-version":[{"id":6883,"href":"https:\/\/blog.polityka.pl\/passent\/wp-json\/wp\/v2\/posts\/6873\/revisions\/6883"}],"wp:featuredmedia":[{"embeddable":true,"href":"https:\/\/blog.polityka.pl\/passent\/wp-json\/wp\/v2\/media\/5137"}],"wp:attachment":[{"href":"https:\/\/blog.polityka.pl\/passent\/wp-json\/wp\/v2\/media?parent=6873"}],"wp:term":[{"taxonomy":"category","embeddable":true,"href":"https:\/\/blog.polityka.pl\/passent\/wp-json\/wp\/v2\/categories?post=6873"},{"taxonomy":"post_tag","embeddable":true,"href":"https:\/\/blog.polityka.pl\/passent\/wp-json\/wp\/v2\/tags?post=6873"}],"curies":[{"name":"wp","href":"https:\/\/api.w.org\/{rel}","templated":true}]}}