
{"id":6885,"date":"2021-06-12T16:14:43","date_gmt":"2021-06-12T14:14:43","guid":{"rendered":"https:\/\/passent.blog.polityka.pl\/?p=6885"},"modified":"2021-06-13T13:00:16","modified_gmt":"2021-06-13T11:00:16","slug":"polska-na-kolanach","status":"publish","type":"post","link":"https:\/\/blog.polityka.pl\/passent\/2021\/06\/12\/polska-na-kolanach\/","title":{"rendered":"Polska na kolanach"},"content":{"rendered":"\n<p>Donald Trump run\u0105\u0142, a wraz z nim w gruzach leg\u0142 filar polskiej polityki zagranicznej. \u201ePolska w ruinie\u201d \u2013 g\u0142\u00f3wne has\u0142o wyborcze PiS sta\u0142o si\u0119 faktem. Niestety, bo nie ma si\u0119 z czego cieszy\u0107, a je\u015bli b\u0119dziemy si\u0119 \u015bmia\u0107, to tylko przez \u0142zy.<\/p>\n\n\n\n<!--more-->\n\n\n\n<p>Przez ostatnich sze\u015b\u0107 lat polska PiS by\u0142a ca\u0142kowicie zorientowana na Stany Zjednoczone. \u201eNiez\u0142omny\u201d (jak sam siebie bezstronnie okre\u015bli\u0142) Andrzej Duda z satysfakcj\u0105 liczy\u0142 ka\u017cde, nawet przelotne, na korytarzu, spotkanie z Trumpem. Polski prezydent zosta\u0142 nawet pilnie wezwany do Waszyngtonu, \u017ceby przed wyborami poprawi\u0107 samopoczucie swoich wyborc\u00f3w.<\/p>\n\n\n\n<p>Za dobre samopoczucie Trumpa Polska suto p\u0142aci\u0142a &#8211; za samoloty najnowszej generacji oraz inne cacka, ba, polskiemu prezydentowi marzy\u0142 si\u0119 Fort Trump. Polityka republikan\u00f3w Trumpa oraz rz\u0105du PiS by\u0142a cz\u0119\u015bciowo zbie\u017cna: przede wszystkim niech\u0119\u0107 do Unii Europejskiej, \u201ewyimaginowanej wsp\u00f3lnoty\u201d (Duda). Przynios\u0142o to Polsce niepowetowane straty finansowe, polityczne i presti\u017cowe. Je\u017celi do tego dodamy sp\u00f3r o warto\u015bci, narastaj\u0105ce zastrze\u017cenia Brukseli do autorytaryzmu w Polsce i na W\u0119grzech, to otrzymamy obraz samoizolacji naszego kraju.<\/p>\n\n\n\n<p>Po upadku naszego wodza i nauczyciela Trumpa wida\u0107 Polsk\u0119 w ruinie: ch\u0142odne stosunki z USA, z Niemcami, kt\u00f3re od czasu do czasu straszymy powrotem do odszkodowa\u0144 wojennych. Konflikt z Czechami. Nie tylko o Tur\u00f3w, ale np. o to, \u017ce mimo nacisk\u00f3w za strony polskiej Czechy nie zmieni\u0105 swojego ustawodawstwa, \u017ceby uniemo\u017cliwi\u0107 turystyk\u0119 aborcyjn\u0105 z Polski, bo takie s\u0105 ideologiczne zachcianki katoprawicy.<\/p>\n\n\n\n<p>Je\u015bli chodzi o stosunki z Bia\u0142orusi\u0105, to wystarczy zapyta\u0107 liderk\u0119 tamtejszej opozycji p. Cichanousk\u0105, kt\u00f3r\u0105 wicemarsza\u0142ek Terlecki potraktowa\u0142 ostatnio po swojemu, czyli z buta. O stosunkach z Rosj\u0105 nie warto nawet wspomina\u0107. Polska pociesza si\u0119, \u017ce mamy \u017co\u0142nierzy ameryka\u0144skich i rosn\u0105c\u0105 obecno\u015b\u0107 militarn\u0105 USA na naszym terytorium. To wa\u017cne, ale bez wsp\u00f3\u0142pracy politycznej b\u0119d\u0105 to \u015blepe naboje.<\/p>\n\n\n\n<p>Minister spraw zagranicznych prof. (!) Rau skar\u017cy si\u0119 na \u0142amach \u201eRz.\u201d, \u017ce o wycofaniu sankcji wobec budowniczych Nord Stream 2 dowiedzia\u0142 si\u0119 z medi\u00f3w!!! Po takim fakcie minister odwo\u0142uje w trybie pilnym ambasadora, a sam sk\u0142ada rezygnacj\u0119. Amerykanie dezinformuj\u0105 Polsk\u0119, \u017ce nie rozmawiaj\u0105 za naszymi plecami, podczas gdy doradcy kanclerz Merkel rozmawiaj\u0105 w Bia\u0142ym Domu. Polska \u201ewstaj\u0105ca z kolan\u201d zostaje potraktowana jak p\u0119tak, z kt\u00f3rym nie warto rozmawia\u0107. \u201eNieodbieraniem telefon\u00f3w \u017cadnego kryzysu si\u0119 nie rozwi\u0105\u017ce\u201d, m\u00f3wi Rau, jak gdyby nie wiedzia\u0142, \u017ce telefon odbiera si\u0119 zale\u017cnie od tego, kto dzwoni.<\/p>\n\n\n\n<p>Warszawa nie mo\u017ce doczeka\u0107 si\u0119 na nowego ambasadora ameryka\u0144skiego, a sama prawie rok nie wys\u0142a\u0142a swojego ambasadora do Czech. Mo\u017ce minister Rau zrozumie, jak to boli.<\/p>\n\n\n\n<p>Prezydent Biden odbywa swoj\u0105 pierwsz\u0105 w tym charakterze podr\u00f3\u017c zagraniczn\u0105. W odr\u00f3\u017cnieniu od Trumpa wybra\u0142 Europ\u0119 &#8211; wizyta w Londynie, udzia\u0142 w spotkaniu G7, \u017cadnego spotkania z krajami wschodniej flanki, nawet z Andrzejem Dud\u0105, przyw\u00f3dc\u0105 grupy wyszehradzkiej i mi\u0119dzymorza.<\/p>\n\n\n\n<p>A jak Duda zwleka\u0142 i zwleka\u0142 z gratulacjami dla Bidena \u2013 to co? Nikt tej g\u0142upoty nie zauwa\u017cy\u0142. Rau: \u201eDopatrywanie si\u0119 \u017ar\u00f3de\u0142 ameryka\u0144skiej polityki w jakich\u015b protokolarnych zawi\u0142o\u015bciach uwa\u017cam za infantylne\u201d. Czym w takim razie by\u0142o ostentacyjne milczenie Belwederu?<\/p>\n\n\n\n<p>Polski minister wymienia \u201ekaskad\u0119 b\u0142\u0119d\u00f3w\u201d Waszyngtonu wobec Polski i regionu. Zmienili priorytety, nie wzi\u0119li udzia\u0142u, nie przybyli\u2026 Liczne s\u0105 afronty i zaniedbania, ale \u017ceby tak nie mie\u0107 kontakt\u00f3w, i\u017cby trzeba si\u0119 publicznie wyp\u0142akiwa\u0107? To mo\u017ce zrobi\u0107 by\u0142y minister w pami\u0119tnikach, ale nie cz\u0142owiek za ten stan rzeczy wsp\u00f3\u0142odpowiedzialny i to jeszcze na stanowisku.<\/p>\n\n\n\n<p><strong>Zaproszenie<\/strong><br>Dr Katarzyna Kasia, filozofka, teoretyczka sztuki i estetyki (Akademia Sztuk Pi\u0119knych w Warszawie) oraz redaktor Micha\u0142 Broniatowski (Politico, Onet) b\u0119d\u0105 naszymi go\u015b\u0107mi w TOK FM, niedziela 13 czerwca. Kolejne spotkanie ze s\u0142uchaczami za DWA tygodnie.<\/p>\n","protected":false},"excerpt":{"rendered":"<p>Donald Trump run\u0105\u0142, a wraz z nim w gruzach leg\u0142 filar polskiej polityki zagranicznej. \u201ePolska w ruinie\u201d \u2013 g\u0142\u00f3wne has\u0142o wyborcze PiS sta\u0142o si\u0119 faktem. Niestety, bo nie ma si\u0119 z czego cieszy\u0107, a je\u015bli b\u0119dziemy si\u0119 \u015bmia\u0107, to tylko przez \u0142zy.<\/p>\n","protected":false},"author":4,"featured_media":6891,"comment_status":"open","ping_status":"closed","sticky":false,"template":"","format":"standard","meta":{"footnotes":""},"categories":[1],"tags":[],"_links":{"self":[{"href":"https:\/\/blog.polityka.pl\/passent\/wp-json\/wp\/v2\/posts\/6885"}],"collection":[{"href":"https:\/\/blog.polityka.pl\/passent\/wp-json\/wp\/v2\/posts"}],"about":[{"href":"https:\/\/blog.polityka.pl\/passent\/wp-json\/wp\/v2\/types\/post"}],"author":[{"embeddable":true,"href":"https:\/\/blog.polityka.pl\/passent\/wp-json\/wp\/v2\/users\/4"}],"replies":[{"embeddable":true,"href":"https:\/\/blog.polityka.pl\/passent\/wp-json\/wp\/v2\/comments?post=6885"}],"version-history":[{"count":6,"href":"https:\/\/blog.polityka.pl\/passent\/wp-json\/wp\/v2\/posts\/6885\/revisions"}],"predecessor-version":[{"id":6893,"href":"https:\/\/blog.polityka.pl\/passent\/wp-json\/wp\/v2\/posts\/6885\/revisions\/6893"}],"wp:featuredmedia":[{"embeddable":true,"href":"https:\/\/blog.polityka.pl\/passent\/wp-json\/wp\/v2\/media\/6891"}],"wp:attachment":[{"href":"https:\/\/blog.polityka.pl\/passent\/wp-json\/wp\/v2\/media?parent=6885"}],"wp:term":[{"taxonomy":"category","embeddable":true,"href":"https:\/\/blog.polityka.pl\/passent\/wp-json\/wp\/v2\/categories?post=6885"},{"taxonomy":"post_tag","embeddable":true,"href":"https:\/\/blog.polityka.pl\/passent\/wp-json\/wp\/v2\/tags?post=6885"}],"curies":[{"name":"wp","href":"https:\/\/api.w.org\/{rel}","templated":true}]}}