
{"id":689,"date":"2010-04-20T22:28:45","date_gmt":"2010-04-20T20:28:45","guid":{"rendered":"http:\/\/passent.blog.polityka.pl\/?p=689"},"modified":"2010-04-20T22:28:45","modified_gmt":"2010-04-20T20:28:45","slug":"spor-o-rzeczpospolita","status":"publish","type":"post","link":"https:\/\/blog.polityka.pl\/passent\/2010\/04\/20\/spor-o-rzeczpospolita\/","title":{"rendered":"Sp\u00f3r o Rzeczpospolit\u0105"},"content":{"rendered":"<p class=\"MsoNormal\"><!--[if gte mso 9]><xml> <w:WordDocument> <w:View>Normal<\/w:View> <w:Zoom>0<\/w:Zoom> <w:HyphenationZone>21<\/w:HyphenationZone> <w:PunctuationKerning \/> <w:ValidateAgainstSchemas \/> <w:SaveIfXMLInvalid>false<\/w:SaveIfXMLInvalid> <w:IgnoreMixedContent>false<\/w:IgnoreMixedContent> <w:AlwaysShowPlaceholderText>false<\/w:AlwaysShowPlaceholderText> <w:Compatibility> <w:BreakWrappedTables \/> <w:SnapToGridInCell \/> <w:WrapTextWithPunct \/> <w:UseAsianBreakRules \/> <w:DontGrowAutofit \/> <\/w:Compatibility> <w:BrowserLevel>MicrosoftInternetExplorer4<\/w:BrowserLevel> <\/w:WordDocument> <\/xml><![endif]--><!--[if gte mso 9]><xml> <w:LatentStyles DefLockedState=\"false\" LatentStyleCount=\"156\"> <\/w:LatentStyles> <\/xml><![endif]--> <!--[if gte mso 10]><\/p>\n\n\n\n\n\n<style>\n \/* Style Definitions *\/\n table.MsoNormalTable\n\t{mso-style-name:Standardowy;\n\tmso-tstyle-rowband-size:0;\n\tmso-tstyle-colband-size:0;\n\tmso-style-noshow:yes;\n\tmso-style-parent:\"\";\n\tmso-padding-alt:0cm 5.4pt 0cm 5.4pt;\n\tmso-para-margin:0cm;\n\tmso-para-margin-bottom:.0001pt;\n\tmso-pagination:widow-orphan;\n\tfont-size:10.0pt;\n\tfont-family:\"Times New Roman\";\n\tmso-ansi-language:#0400;\n\tmso-fareast-language:#0400;\n\tmso-bidi-language:#0400;}\n<\/style>\n\n<![endif]--><!--[if gte mso 9]><xml> <o:shapedefaults v:ext=\"edit\" spidmax=\"1026\" \/> <\/xml><![endif]--><!--[if gte mso 9]><xml> <o:shapelayout v:ext=\"edit\"> <o:idmap v:ext=\"edit\" data=\"1\" \/> <\/o:shapelayout><\/xml><![endif]-->Czo\u0142owy intelektualista i moralista Platformy, pose\u0142 Jaros\u0142aw Gowin, wyzna\u0142 w \u201eGazecie\u201d, \u017ce \u201ekrytycznie ocenia nasz (tj P.O.) sp\u00f3r z prezydentem Kaczy\u0144skim\u201d. Na nie\u015bmia\u0142\u0105 uwag\u0119 dziennikarek, \u017ce prezydent mia\u0142 du\u017cy elektorat negatywny, Gowin odpowiedzia\u0142: \u201eWarto si\u0119 zastanowi\u0107, ile w tym odrzuceniu prezydentury Lecha Kaczy\u0144skiego by\u0142o rzetelnej oceny jego dzia\u0142alno\u015bci, a ile pewnej kreacji polityczno \u2013 medialnej. Dla mnie Lech Kaczy\u0144ski nigdy nie by\u0142 m\u0119\u017cem stanu, ale zawsze by\u0142 cz\u0142owiekiem i politykiem godnym szacunku. Nale\u017c\u0119 wi\u0119c do tych, kt\u00f3rych razi hipokryzja zwi\u0105zana z radykaln\u0105 rozbie\u017cno\u015bci\u0105<span> <\/span>oceny Lecha Kaczy\u0144skiego sprzed katastrofy i po katastrofie\u201d.<\/p>\n<p class=\"MsoNormal\">\n<p class=\"MsoNormal\">Nie ma zgody, panie po\u015ble! Je\u017celi chodzi o rzekom\u0105 hipokryzj\u0119, to \u2013 jak rozumiem \u2013 kto krytykowa\u0142 prezydenta za \u017cycia, ten nie ma prawo m\u00f3wi\u0107 o nim pochlebnie po \u015bmierci. Moim zdanie zarzut hipokryzji jest bezpodstawny. Z \u017cywymi mo\u017cna, a nawet trzeba si\u0119 spiera\u0107, ale to nie znaczy, \u017ce <span> <\/span>po \u015bmierci (a tak\u017ce <span> <\/span>za \u017cycia) nie mo\u017cna im odda\u0107 zas\u0142ug. Chodzi o to, czy sp\u00f3r by\u0142 zasadny, czy si\u0119 adwersarza nie obra\u017ca, nie poni\u017ca, np. nie skre\u015bla publicznie z listy znajomych (jak Bartoszewskiego) nie o to, \u017ceby nabra\u0107 wody w usta, poniewa\u017c wszyscy jeste\u015bmy \u015bmiertelni.<\/p>\n<p class=\"MsoNormal\">\n<p class=\"MsoNormal\">Pose\u0142 Gowin nies\u0142usznie ocenia krytycznie sp\u00f3r Platformy z Prezydentem. Tego sporu by\u0142o za ma\u0142o, ale to <span> <\/span>by\u0142 sp\u00f3r autentyczny, programowy, a nie tylko walka o krzes\u0142a, o samoloty, czy o dziennikark\u0119, kt\u00f3ra jest \u201ena kr\u00f3tkiej li\u015bcie\u201d. To by\u0142 sp\u00f3r o model prezydentury i kohabitacji, sp\u00f3r o Uni\u0119 i o Lizbon\u0119, sp\u00f3r o to, czy dobry by\u0142 tylko poprzedni rz\u0105d (czytaj:PiS), sp\u00f3r o to, czy zwi\u0119ksza\u0107 deficyt bud\u017cetowy i t\u0105 drog\u0105 unika\u0107 kryzysu gospodarczego, sp\u00f3r o polityk\u0119 zagraniczn\u0105, zw\u0142aszcza wobec Rosji i Niemiec (polityka \u201ena kolanach\u201d, polityka \u201ebia\u0142ej flagi\u201d), sp\u00f3r tarcz\u0119 i o USA, o wyjazd do Gruzji, o to, kto jest, a kto nie jest patriot\u0105, sp\u00f3r o Wa\u0142\u0119s\u0119, o Bartoszewskiego, o Michnika, o polityk\u0119 historyczn\u0105, o okr\u0105g\u0142y st\u00f3\u0142, o Trybuna\u0142 Konstytucyjny (kt\u00f3rego cz\u0142onk\u00f3w przyj\u0105\u0142 Benedykt XVI podczas wizyty w Polsce), sp\u00f3r o lustracje i o IPN, o nominacje ministr\u00f3w, ambasador\u00f3w, s\u0119dzi\u00f3w, sp\u00f3r o takich ludzi jak PP. Fotyga, Kruk, Waszczykowski, Netzel, Kaczmarek, a z drugiej strony Rostowski, Sikorski, Palikot, sp\u00f3r o media publiczne, ale tak\u017ce o prywatne, s\u0142owem by\u0142 to sp\u00f3r o Rzeczpospolit\u0105, o Czwart\u0105 i o Trzeci\u0105 RP.<\/p>\n<p class=\"MsoNormal\">\n<p class=\"MsoNormal\">To by\u0142 dla Polak\u00f3w sp\u00f3r wa\u017cny, fundamentalny, a nie \u017cadna kreacja polityczno-medialna, jak twierdzi pose\u0142 Gowin.<\/p>\n","protected":false},"excerpt":{"rendered":"<p>Czo\u0142owy intelektualista i moralista Platformy, pose\u0142 Jaros\u0142aw Gowin, wyzna\u0142 w \u201eGazecie\u201d, \u017ce \u201ekrytycznie ocenia nasz (tj P.O.) sp\u00f3r z prezydentem Kaczy\u0144skim\u201d. Na nie\u015bmia\u0142\u0105 uwag\u0119 dziennikarek, \u017ce prezydent mia\u0142 du\u017cy elektorat negatywny, Gowin odpowiedzia\u0142: \u201eWarto si\u0119 zastanowi\u0107, ile w tym odrzuceniu prezydentury Lecha Kaczy\u0144skiego by\u0142o rzetelnej oceny jego dzia\u0142alno\u015bci, a ile pewnej kreacji polityczno \u2013 medialnej. [&hellip;]<\/p>\n","protected":false},"author":4,"featured_media":0,"comment_status":"open","ping_status":"open","sticky":false,"template":"","format":"standard","meta":{"footnotes":""},"categories":[1],"tags":[],"_links":{"self":[{"href":"https:\/\/blog.polityka.pl\/passent\/wp-json\/wp\/v2\/posts\/689"}],"collection":[{"href":"https:\/\/blog.polityka.pl\/passent\/wp-json\/wp\/v2\/posts"}],"about":[{"href":"https:\/\/blog.polityka.pl\/passent\/wp-json\/wp\/v2\/types\/post"}],"author":[{"embeddable":true,"href":"https:\/\/blog.polityka.pl\/passent\/wp-json\/wp\/v2\/users\/4"}],"replies":[{"embeddable":true,"href":"https:\/\/blog.polityka.pl\/passent\/wp-json\/wp\/v2\/comments?post=689"}],"version-history":[{"count":0,"href":"https:\/\/blog.polityka.pl\/passent\/wp-json\/wp\/v2\/posts\/689\/revisions"}],"wp:attachment":[{"href":"https:\/\/blog.polityka.pl\/passent\/wp-json\/wp\/v2\/media?parent=689"}],"wp:term":[{"taxonomy":"category","embeddable":true,"href":"https:\/\/blog.polityka.pl\/passent\/wp-json\/wp\/v2\/categories?post=689"},{"taxonomy":"post_tag","embeddable":true,"href":"https:\/\/blog.polityka.pl\/passent\/wp-json\/wp\/v2\/tags?post=689"}],"curies":[{"name":"wp","href":"https:\/\/api.w.org\/{rel}","templated":true}]}}