
{"id":6894,"date":"2021-06-18T21:49:10","date_gmt":"2021-06-18T19:49:10","guid":{"rendered":"https:\/\/passent.blog.polityka.pl\/?p=6894"},"modified":"2021-06-18T21:55:59","modified_gmt":"2021-06-18T19:55:59","slug":"przyszla-kryska-na-matyska","status":"publish","type":"post","link":"https:\/\/blog.polityka.pl\/passent\/2021\/06\/18\/przyszla-kryska-na-matyska\/","title":{"rendered":"Przysz\u0142a kryska na Matyska?"},"content":{"rendered":"\n<p>Minister Micha\u0142 Dworczyk powinien natychmiast odda\u0107 si\u0119 do dyspozycji premiera i uda\u0107 si\u0119 na kwarantann\u0119. Tak samo powinien post\u0105pi\u0107 Jaros\u0142aw Kaczy\u0144ski odpowiedzialny za bezpiecze\u0144stwo kraju. Ten, kto dokona\u0142 w\u0142amania do skrzynki Dworczyka, dysponowa\u0142 wed\u0142ug WP loginem i has\u0142em. (By\u0107 mo\u017ce WP kryje w ten spos\u00f3b sam\u0105 siebie. Ale to inna sprawa). Bez wzgl\u0119du na to, kto jest winien, kompromitacja rz\u0105du i pa\u0144stwa polskiego, \u017ce nie mo\u017cna powiedzie\u0107: \u201ePolacy nic si\u0119 nie sta\u0142o\u201d. Rz\u0105d nie mo\u017ce pracowa\u0107 w atmosferze sta\u0142ego zagro\u017cenia, co jeszcze poka\u017ce si\u0119 w internecie.<\/p>\n\n\n\n<!--more-->\n\n\n\n<p>Metoda obrony, jak\u0105 przyj\u0105\u0142 rz\u0105d &#8211; nie mo\u017cemy, nie chcemy, nie b\u0119dziemy rozmawia\u0107 o \u017cadnych mejlach, poniewa\u017c nie wiadomo, kt\u00f3re s\u0105 autentyczne &#8211; to gra na przewlekanie bez ko\u0144ca. Opozycja nie mo\u017ce do tego dopu\u015bci\u0107, ale brak jej g\u0142os\u00f3w do obalenia rz\u0105du. By\u0107 mo\u017ce rozmiar tego skandalu spowoduje, \u017ce takie g\u0142osy si\u0119 znajd\u0105. Je\u017celi pp. Dworczyk i Kaczy\u0144ski, B\u0142aszczak i inni decydenci s\u0105 lud\u017ami z zasadami, to powinni odej\u015b\u0107, ale nic na to nie wskazuje. Mo\u017ce licz\u0105 na to, \u017ce powr\u00f3t Tuska odwr\u00f3ci uwag\u0119 od afery.<\/p>\n\n\n\n<p>Argumenty za i przeciw powrotowi Donalda Tuska s\u0105 powszechnie znane. Pozostaje mi tylko napisa\u0107 swoj\u0105 opini\u0119. Tusk powinien wr\u00f3ci\u0107 (na jakie stanowisko, w jakiej roli, to sprawa do negocjacji). Platforma umiera, nie wida\u0107 \u017cadnego innego sposobu reanimacji. Dobry Pan B\u00f3g zrobi\u0142, co m\u00f3g\u0142, teraz trzeba zawo\u0142a\u0107 fachowca. Je\u017celi Tusk jest przygotowany na lawin\u0119 hejtu, jaka na niego spadnie, to nale\u017cy go wesprze\u0107.<\/p>\n\n\n\n<p>Senator Lidia Staro\u0144 absolutnie nie nadaje si\u0119 na Rzecznika Praw Obywatelskich, a zw\u0142aszcza jako nast\u0119pczyni Adama Bodnara. Szok kulturowy jest za du\u017cy. Poziom wypowiedzi i pogl\u0105dy pani senator w mediach dyskwalifikuje j\u0105 jako kandydatk\u0119 na ten urz\u0105d. Na przyk\u0142ad w sprawie protestu kobiet w pa\u017adzierniku pierwsze, co mia\u0142a do powiedzenia, to \u017ce demonstranci (kobiety!) si\u0119gn\u0119li do wulgaryzm\u00f3w. Zamiast zastanowi\u0107 si\u0119, dlaczego dziesi\u0105tki tysi\u0119cy kobiet w ca\u0142ej Polsce wysz\u0142y na ulice, pani senator zajmuje si\u0119 savoir vivre. Pani Staro\u0144 ma wyra\u017any kompleks swojego wykszta\u0142cenia. Bez ko\u0144ca powtarza, \u017ce RPO nie musi by\u0107 prawnikiem, wystarczy, \u017ce ma \u201ewiedz\u0119 prawnicz\u0105\u201d. W jej wypowiedziach czuje si\u0119, i\u017c nie otar\u0142a si\u0119 o uniwersytet, niczym nie ujmuj\u0105c zas\u0142ugom pani Staro\u0144 w obronie sp\u00f3\u0142dzielc\u00f3w, nie s\u0105 to kwalifikacje, jakich oczekujemy od RPO. Je\u015bli mimo to zostanie wybrana, to nast\u0105pi upadek kolejnego wa\u017cnego urz\u0119du.<\/p>\n\n\n\n<p>I ostatnia sprawa. Zacz\u0119\u0142y si\u0119 negocjacje z Czechami w sprawie kopalni i elektrowni Tur\u00f3w. Premier Morawiecki nie uwa\u017ca za stosowne wyja\u015bni\u0107, dlaczego rozmowy rozpoczynaj\u0105 si\u0119 dopiero teraz, skoro on zwiastowa\u0142 sukces ju\u017c par\u0119 tygodni temu. Wtedy m\u00f3wi\u0142, \u017ce strona czeska wycofuje sw\u00f3j wniosek do TSUE. Dopiero kiedy premier Babisz temu zaprzeczy\u0142 i skompromitowa\u0142 tym samym Morawieckiego, strona polska uzna\u0142a za celowe wys\u0142anie swojej delegacji na rozmowy. Og\u0142aszaj\u0105c przedwcze\u015bnie sukces rozm\u00f3w, premier Morawiecki kolejny raz min\u0105\u0142 si\u0119 z prawd\u0105.<\/p>\n","protected":false},"excerpt":{"rendered":"<p>Minister Micha\u0142 Dworczyk powinien natychmiast odda\u0107 si\u0119 do dyspozycji premiera i uda\u0107 si\u0119 na kwarantann\u0119. Tak samo powinien post\u0105pi\u0107 Jaros\u0142aw Kaczy\u0144ski odpowiedzialny za bezpiecze\u0144stwo kraju. Ten, kto dokona\u0142 w\u0142amania do skrzynki Dworczyka, dysponowa\u0142 wed\u0142ug WP loginem i has\u0142em. (By\u0107 mo\u017ce WP kryje w ten spos\u00f3b sam\u0105 siebie. Ale to inna sprawa). Bez wzgl\u0119du na to, [&hellip;]<\/p>\n","protected":false},"author":4,"featured_media":6897,"comment_status":"open","ping_status":"closed","sticky":false,"template":"","format":"standard","meta":{"footnotes":""},"categories":[1],"tags":[],"_links":{"self":[{"href":"https:\/\/blog.polityka.pl\/passent\/wp-json\/wp\/v2\/posts\/6894"}],"collection":[{"href":"https:\/\/blog.polityka.pl\/passent\/wp-json\/wp\/v2\/posts"}],"about":[{"href":"https:\/\/blog.polityka.pl\/passent\/wp-json\/wp\/v2\/types\/post"}],"author":[{"embeddable":true,"href":"https:\/\/blog.polityka.pl\/passent\/wp-json\/wp\/v2\/users\/4"}],"replies":[{"embeddable":true,"href":"https:\/\/blog.polityka.pl\/passent\/wp-json\/wp\/v2\/comments?post=6894"}],"version-history":[{"count":3,"href":"https:\/\/blog.polityka.pl\/passent\/wp-json\/wp\/v2\/posts\/6894\/revisions"}],"predecessor-version":[{"id":6898,"href":"https:\/\/blog.polityka.pl\/passent\/wp-json\/wp\/v2\/posts\/6894\/revisions\/6898"}],"wp:featuredmedia":[{"embeddable":true,"href":"https:\/\/blog.polityka.pl\/passent\/wp-json\/wp\/v2\/media\/6897"}],"wp:attachment":[{"href":"https:\/\/blog.polityka.pl\/passent\/wp-json\/wp\/v2\/media?parent=6894"}],"wp:term":[{"taxonomy":"category","embeddable":true,"href":"https:\/\/blog.polityka.pl\/passent\/wp-json\/wp\/v2\/categories?post=6894"},{"taxonomy":"post_tag","embeddable":true,"href":"https:\/\/blog.polityka.pl\/passent\/wp-json\/wp\/v2\/tags?post=6894"}],"curies":[{"name":"wp","href":"https:\/\/api.w.org\/{rel}","templated":true}]}}